{"id":38291,"date":"2021-07-17T11:25:30","date_gmt":"2021-07-17T17:25:30","guid":{"rendered":"https:\/\/redsemlac.com\/semmexico\/?p=38291"},"modified":"2023-07-21T17:04:41","modified_gmt":"2023-07-21T22:04:41","slug":"mas-alla-de-las-protestas-en-cuba","status":"publish","type":"post","link":"https:\/\/redsemlac.com\/semmexico\/mas-alla-de-las-protestas-en-cuba\/","title":{"rendered":"M\u00e1s all\u00e1 de las protestas en Cuba"},"content":{"rendered":"<p><span style=\"font-weight: 400;\">*Entre&nbsp; nosotros: es urgente y necesario propiciar transformaciones profundas, romper cualquier resistencia a los cambios<\/span><\/p>\n<p><!--more--><\/p>\n<p><span style=\"font-weight: 400;\">No hubo un estallido popular, hubo disturbios, des\u00f3rdenes instigados por Estados Unidos: Gobierno<\/span><\/p>\n<p><span style=\"font-weight: 400;\">Redacci\u00f3n&nbsp;&nbsp;&nbsp;&nbsp;&nbsp;&nbsp;&nbsp;&nbsp;<\/span><\/p>\n<p><span style=\"font-weight: 400;\">Un grupo de manifestantes a favor del gobierno, en primer plano, bloquea el paso a otro de opositores que hab\u00edan tomado una calle de La Habana, durante las protestas en Cuba comenzadas el domingo 11. Foto: Jorge Luis Ba\u00f1os \/ IPS<\/span><\/p>\n<p><span style=\"font-weight: 400;\">SemM\u00e9xico\/IPS, La Habana, Cuba, 17 de julio 2021.- &nbsp;Las sorpresivas e in\u00e9ditas protestas populares ocurridas en Cuba no solo&nbsp; generan conjeturas de todo tipo, sino que renuevan los desaf\u00edos&nbsp; a tener en cuenta en el contexto de las dificultades econ\u00f3micas del pa\u00eds, acentuadas por la covid y un embargo de m\u00e1s de seis d\u00e9cadas.<\/span><\/p>\n<p><span style=\"font-weight: 400;\">Escasez alimentaria y de medicamentos, que obliga a varias horas de espera frente a los establecimientos comerciales, impacto en el costo de la vida de la reforma monetaria, retorno de los molestos apagones justo con la llegada del verano, intensificaci\u00f3n de la crisis sanitaria por la epidemia. Todo junto basta para crear malestar social en cualquier pa\u00eds.<\/span><\/p>\n<p><span style=\"font-weight: 400;\">Autoridades cubanas afirman que detr\u00e1s de los disturbios ocurridos&nbsp; el pasado domingo est\u00e1 la pretensi\u00f3n \u201cevidente\u201d de fracturar a las instituciones y socavar la unidad nacional.<\/span><\/p>\n<p><span style=\"font-weight: 400;\">El martes 13, el ministro de Relaciones Exteriores, Bruno Rodriguez, acus\u00f3 al gobierno estadounidense de estar implicado directamente en las manifestaciones, que ocuparon pr\u00e1cticamente toda la isla y fueron difundidos profusamente en las redes sociales. El antecedente m\u00e1s inmediato de este tipo de movilizaciones se remonta a la llamada crisis de los balseros de los a\u00f1os 90.<\/span><\/p>\n<p><span style=\"font-weight: 400;\">El 5 de agosto de 1994, cientos de personas impulsadas por el rumor de que un barco surto frente al puerto habanero los llevar\u00eda a Estados Unidos, se lanzaron al malec\u00f3n habanero en una protesta mezclada con da\u00f1os y saqueos de negocios y enfrentamientos con las fuerzas policiales.<\/span><\/p>\n<p><span style=\"font-weight: 400;\">La revuelta, apaciguada tras la llegada&nbsp; al lugar del entonces presidente Fidel Castro, ( 1926 \u2013 2016) , dio paso a nuevos acuerdos migratorios con Estados Unidos y un proceso gradual de reformas&nbsp; econ\u00f3mica que incluy\u00f3 apertura a la inversi\u00f3n extranjera, despenalizaci\u00f3n de la tenencia del d\u00f3lar, entre otras muchas disposiciones.<\/span><\/p>\n<p><span style=\"font-weight: 400;\">\u201cAdvierto al gobierno de Estados Unidos que su conducta irresponsable puede tener consecuencias graves que da\u00f1en el inter\u00e9s nacional de ambos pa\u00edses\u201d, subray\u00f3 el canciller,&nbsp; quien tambi\u00e9n acus\u00f3 al gobierno del estado de la Florida de vinculaci\u00f3n con una campa\u00f1a en redes sociales para promover una intervenci\u00f3n bajo pretextos humanitarios.<\/span><\/p>\n<p><span style=\"font-weight: 400;\">El domingo 11 no hubo un estallido popular, hubo disturbios, des\u00f3rdenes instigados desde Estados Unidos, con participaci\u00f3n de personas que actuaron como agentes al servicio de potencias extranjeras, unidos a elementos delincuenciales, se\u00f1al\u00f3.<\/span><\/p>\n<p><b><i>\u201cAunque hay condiciones objetivas para la crisis econ\u00f3mica que atraviesa el pa\u00eds, existe descontento, aumentado por los apagones de seis o m\u00e1s horas y las carencias de todo tipo. A la gente hay que darle noticias positivas, tomar medidas concretas que muevan la econom\u00eda, eliminar restricciones\u201d: Omar Everleny P\u00e9rez Villanueva.&nbsp;<\/i><\/b><\/p>\n<p><span style=\"font-weight: 400;\">Seg\u00fan un informe oficial, las demostraciones callejeras se extendieron hasta el lunes, cuando en el municipio habanero de Arroyo Naranjo, \u201cgrupos organizados de elementos antisociales y delincuenciales\u201d intentaron llegar hasta una estaci\u00f3n policial, vandalizaron viviendas, incendiaron contenedores y afectaron el tendido el\u00e9ctrico.<\/span><\/p>\n<p><span style=\"font-weight: 400;\">En estos hechos falleci\u00f3 un hombre de 36 a\u00f1os, cuyo deceso fue notificado oficialmente al d\u00eda siguiente. Se carece de datos oficiales sobe la cantidad de personas arrestadas, aunque activistas las estiman entre 100 y 150.<\/span><\/p>\n<p><span style=\"font-weight: 400;\">\u201cYo no salgo ni saldr\u00e9 a protestar en las calles porque entiendo que esa no es la soluci\u00f3n, pero estoy cansada de pasar tanto trabajo para conseguir comida, las medicinas, para todo hay que hacer estas enormes, colas (filas) y me pregunto hasta cu\u00e1ndo ser\u00e1 as\u00ed\u201d, coment\u00f3 una mujer que el martes 13 esperaba comprar pollo en una tienda del barrio capitalino El Vedado.<\/span><\/p>\n<p><span style=\"font-weight: 400;\">Varias decenas de personas se aglomeraban en el lugar entre los gritos de un hombre que intentaba organizar la fila y obligarlas a guardar distancia entre s\u00ed como establece el protocolo sanitario para evitar contagios. La escena es similar desde horas tempranas, en ese y otro puestos de venta.<\/span><\/p>\n<p><span style=\"font-weight: 400;\">\u201cAunque hay condiciones objetivas para la crisis econ\u00f3mica que atraviesa el pa\u00eds, existe descontento, aumentado por los apagones de seis o m\u00e1s horas y las carencias de todo tipo. A la gente hay que darle noticias positivas, tomar medidas concretas que muevan la econom\u00eda, eliminar restricciones\u201d, coment\u00f3 a IPS el economista Omar Everleny P\u00e9rez Villanueva.<\/span><\/p>\n<p><span style=\"font-weight: 400;\">Agentes del orden interno de Cuba intentan contener a manifestantes contra el gobierno en el paseo del Prado, en La Habana.&nbsp;<\/span><\/p>\n<p><a href=\"https:\/\/redsemlac.com\/semmexico\/wp-content\/uploads\/2021\/07\/51310471422_1fa02805f1_k.jpeg\"><img loading=\"lazy\" decoding=\"async\" class=\"alignnone size-large wp-image-38293\" src=\"https:\/\/redsemlac.com\/semmexico\/wp-content\/uploads\/2021\/07\/51310471422_1fa02805f1_k-1024x683.jpeg\" alt=\"\" width=\"640\" height=\"427\"><\/a><\/p>\n<p><span style=\"font-weight: 400;\">El ministro de Energ\u00eda y Minas, Liv\u00e1n Arronte Cruz, confirm\u00f3 el lunes 12 que aver\u00edas en las centrales termoel\u00e9ctricas y en la generaci\u00f3n distribuida, unido a un incremento significativo de la demanda en las \u00faltimas semanas provocaron mayores afectaciones al servicio el\u00e9ctrico del pa\u00eds.<\/span><\/p>\n<p><b>Pero la situaci\u00f3n no es nueva.<\/b><\/p>\n<p><span style=\"font-weight: 400;\">Las limitaciones financieras y de cr\u00e9dito del pa\u00eds para reparar las termoel\u00e9ctricas han estado muy marcadas por el bloqueo, as\u00ed como los problemas en el acceso a los combustibles. \u201cHa sido un escenario extremadamente tenso en el que ha vivido el pa\u00eds en los \u00faltimos a\u00f1os\u201d, agreg\u00f3.<\/span><\/p>\n<p><span style=\"font-weight: 400;\">La buena nueva es que, seg\u00fan el titular de Energ\u00eda,&nbsp; \u201cse trabaja ininterrumpidamente en resolver los problemas t\u00e9cnicos que tenemos en la generaci\u00f3n base, para en el menor tiempo posible lograr la estabilidad y volver a tener una generaci\u00f3n que pueda suplir la demanda que hoy necesita el pa\u00eds\u201d.<\/span><\/p>\n<p><span style=\"font-weight: 400;\">Desde Estados Unidos, el director del Centro para la Democracia en las Am\u00e9ricas, Jorge Quintana, Inst\u00f3 al presidente Joe Biden a facilitar los env\u00edos de remesas familiares y donaciones, as\u00ed como levantar las restricciones bancarias y de viaje que impiden al pueblo cubano recibir los suministros humanitarios necesarios.<\/span><\/p>\n<p><span style=\"font-weight: 400;\">La crisis econ\u00f3mica en este pa\u00eds insular caribe\u00f1o, expresada en una ca\u00edda durante 2020 de 11 por ciento de producto interno bruto (PIB), tras muy bajos ritmos de crecimiento en a\u00f1os precedentes, se agudiz\u00f3 por los efectos de la pandemia de covid-19 que impact\u00f3 las principales fuentes de ingresos.<\/span><\/p>\n<p><span style=\"font-weight: 400;\">En el primer semestre de este a\u00f1o, el PIB cay\u00f3 dos por ciento, contrariando los planes oficiales de un crecimiento econ\u00f3mico de seis por ciento.&nbsp;&nbsp; De otra parte, entre los golpes de la pandemia m\u00e1s sentidos figura la paralizaci\u00f3n casi total del turismo, lo que signific\u00f3 la p\u00e9rdida de m\u00e1s de mil millones de d\u00f3lares en un a\u00f1o y miles de empleos en el sector estatal y privado.<\/span><\/p>\n<p><span style=\"font-weight: 400;\">A ello se sumaron m\u00e1s de 200 medidas de la administraci\u00f3n del expresidente estadounidense Donald Trump (2017-enero 2021) que intensificaron el embargo&nbsp; que Washington mantiene &nbsp;contra La Habana desde 1962, el cual obstaculiza el acceso a cr\u00e9ditos y la inversi\u00f3n extranjera.<\/span><\/p>\n<p><span style=\"font-weight: 400;\">Un grupo progobierno de Cuba corea consignas a favor de la defensa de la Revoluci\u00f3n en una c\u00e9ntrica calle de La Habana.<\/span><\/p>\n<p><a href=\"https:\/\/redsemlac.com\/semmexico\/wp-content\/uploads\/2021\/07\/51312218980_1b0f38cbbe_k.jpeg\"><img loading=\"lazy\" decoding=\"async\" class=\"alignnone size-large wp-image-38294\" src=\"https:\/\/redsemlac.com\/semmexico\/wp-content\/uploads\/2021\/07\/51312218980_1b0f38cbbe_k-1024x683.jpeg\" alt=\"\" width=\"640\" height=\"427\"><\/a><\/p>\n<p><span style=\"font-weight: 400;\">Pero varios expertos consultados por IPS coincidieron en que el bloqueo, como se denomina al embargo internamente, &nbsp;no acabar\u00e1 mientras Estados Unidos sienta que le est\u00e1 funcionando para sus objetivos de modificar el sistema pol\u00edtico en Cuba.<\/span><\/p>\n<p><span style=\"font-weight: 400;\">\u201cLa clave est\u00e1 en nosotros, es urgente y necesario propiciar transformaciones profundas, romper cualquier resistencia a los cambios\u201d, dijo uno de estos especialistas.<\/span><\/p>\n<p><span style=\"font-weight: 400;\">Economistas recomiendan apresurar reformas como el fomento de todas las formas de propiedad, incluida la cooperativa y promover los v\u00ednculos entre ellas en pos del desarrollo del pa\u00eds, e impulsar la Inversi\u00f3n Extranjera Directa sobre todo en actividades de exportaci\u00f3n que permitan la generaci\u00f3n de ingresos en divisas.<\/span><\/p>\n<p><span style=\"font-weight: 400;\">Asimismo, eliminar el monopolio al comercio exterior de modo tal que todos los actores que lo deseen puedan importar y exportar directamente y dinamizar los sectores productores de bienes para el consumo nacional y la exportaci\u00f3n, con \u00e9nfasis en la producci\u00f3n de alimentos y enfoque de cadena de valor.<\/span><\/p>\n<p><span style=\"font-weight: 400;\">\u201cSi en un a\u00f1o nuestra biotecnolog\u00eda fue capaz de aportar el hallazgo de las vacunas para el bien de nuestro pueblo y de la humanidad, considero que es posible, en un lapso no tan prolongado de tiempo, generar impactos positivos en la econom\u00eda que alivien la tensa situaci\u00f3n que atraviesa el pa\u00eds\u201d, dijo la economista Betsy Anaya en un art\u00edculo sobre la crisis.<\/span><\/p>\n<p>&nbsp;<\/p>\n","protected":false},"excerpt":{"rendered":"<p>*Entre&nbsp; nosotros: es urgente y necesario propiciar transformaciones profundas, romper cualquier resistencia a los cambios<\/p>\n","protected":false},"author":3,"featured_media":38292,"comment_status":"open","ping_status":"open","sticky":false,"template":"","format":"standard","meta":{"_monsterinsights_skip_tracking":false,"footnotes":""},"categories":[692,53],"tags":[522,523,525,524],"class_list":["post-38291","post","type-post","status-publish","format-standard","has-post-thumbnail","category-692","category-internacional","tag-cuba","tag-jorge-luis-banos","tag-omar-everleny-perez-villanueva","tag-protestas-cuba"],"_links":{"self":[{"href":"https:\/\/redsemlac.com\/semmexico\/wp-json\/wp\/v2\/posts\/38291","targetHints":{"allow":["GET"]}}],"collection":[{"href":"https:\/\/redsemlac.com\/semmexico\/wp-json\/wp\/v2\/posts"}],"about":[{"href":"https:\/\/redsemlac.com\/semmexico\/wp-json\/wp\/v2\/types\/post"}],"author":[{"embeddable":true,"href":"https:\/\/redsemlac.com\/semmexico\/wp-json\/wp\/v2\/users\/3"}],"replies":[{"embeddable":true,"href":"https:\/\/redsemlac.com\/semmexico\/wp-json\/wp\/v2\/comments?post=38291"}],"version-history":[{"count":0,"href":"https:\/\/redsemlac.com\/semmexico\/wp-json\/wp\/v2\/posts\/38291\/revisions"}],"wp:featuredmedia":[{"embeddable":true,"href":"https:\/\/redsemlac.com\/semmexico\/wp-json\/wp\/v2\/media\/38292"}],"wp:attachment":[{"href":"https:\/\/redsemlac.com\/semmexico\/wp-json\/wp\/v2\/media?parent=38291"}],"wp:term":[{"taxonomy":"category","embeddable":true,"href":"https:\/\/redsemlac.com\/semmexico\/wp-json\/wp\/v2\/categories?post=38291"},{"taxonomy":"post_tag","embeddable":true,"href":"https:\/\/redsemlac.com\/semmexico\/wp-json\/wp\/v2\/tags?post=38291"}],"curies":[{"name":"wp","href":"https:\/\/api.w.org\/{rel}","templated":true}]}}