{"id":38213,"date":"2021-07-15T11:21:27","date_gmt":"2021-07-15T17:21:27","guid":{"rendered":"https:\/\/redsemlac.com\/semmexico\/?p=38213"},"modified":"2023-07-21T17:04:00","modified_gmt":"2023-07-21T22:04:00","slug":"abranse-las-escuelas-ordena-el-duce","status":"publish","type":"post","link":"https:\/\/redsemlac.com\/semmexico\/abranse-las-escuelas-ordena-el-duce\/","title":{"rendered":"\u00a1\u00c1branse las escuelas!, ordena el Duce"},"content":{"rendered":"\n<p class=\"wp-block-paragraph\"><strong>MOIS\u00c9S S\u00c1NCHEZ LIM\u00d3N<\/strong><\/p>\n\n\n\n<p class=\"wp-block-paragraph\">SemM\u00e9xico. 15 de julio de 2021.- Al Duce molesta e indigna se publiquen estad\u00edsticas derivadas de la pandemia del Covid-19 \u00a0y el recuento cotidiano de muertos e infectados por este virus. Amarillistas, alarmistas y otros etc\u00e9teras llama el licenciado presidente a quienes divulgan el informe de la Secretar\u00eda de Salud de su gobierno.<\/p>\n\n\n\n<p class=\"wp-block-paragraph\">No, no se inventan cifras ni se fabrican estad\u00edsticas; es criminal jugar con el doloroso resultado de una pandemia que diezma a la poblaci\u00f3n y enluta hogares. Pero igual es criminal ese juego politiquero y propagand\u00edstico que se hace con el n\u00famero de vacunas que llegan al pa\u00eds y no transitan acordes en aplicaci\u00f3n; m\u00e1s cuando la vacunaci\u00f3n tuvo evidente uso electoral.<\/p>\n\n\n\n<p class=\"wp-block-paragraph\">\u00bfRecuerda usted ese juego demag\u00f3gico y criminal, por cierto, que la dupla L\u00f3pez Obrador-L\u00f3pez Gatell nos recet\u00f3 entre enero y mayo del a\u00f1o pasado, cuando la pandemia del Covid-19 irrumpi\u00f3 en M\u00e9xico?<\/p>\n\n\n\n<p class=\"wp-block-paragraph\">Dijeron que no era grave, la calificaron casi inofensiva, una gripita ni siquiera del nivel de la influenza y desde\u00f1aron el uso del cubreboca, llamaron a no alarmarse y salir a comer con la familia y abrazarse y\u2026<\/p>\n\n\n\n<p class=\"wp-block-paragraph\">La realidad super\u00f3 a ese insultante optimismo oficial. \u00bfAmarillistas? \u00bfAlarmistas al servicio de los conservadores? \u00bfPeriodistas y medios de comunicaci\u00f3n que atienden a intereses neoliberales para atacar al gobierno de la 4T?<\/p>\n\n\n\n<p class=\"wp-block-paragraph\">\u00a1Ah!, \u00bfpor qu\u00e9 ocult\u00f3, o le ocultaron al licenciado L\u00f3pez Obrador que la tercera oleada de la pandemia ya se hab\u00eda declarado en M\u00e9xico?&nbsp;<\/p>\n\n\n\n<p class=\"wp-block-paragraph\">Es perversa y criminal esa postura del Duce, Su Alteza Seren\u00edsima que minimiza al alto riesgo en que se encuentran los 126 millones de mexicanos, vacunados y sin vacunar, y ordena que, en agosto pr\u00f3ximo, todos, todos los estudiantes del pa\u00eds regresen a clases presenciales.<\/p>\n\n\n\n<p class=\"wp-block-paragraph\">En serio, no se r\u00eda pero s\u00ed preoc\u00fapese porque, bajo la tesis dizque juarista de nada por la fuerza, todo por la raz\u00f3n y el derecho, habr\u00e1 que conocer de qu\u00e9 medios se servir\u00e1 la Secretar\u00eda de Educaci\u00f3n P\u00fablica y las autoridades del ramo en el interior del pa\u00eds, incluso las de nivel medio y superior, para reanudar clases presenciales cuando se ha declarado el tercer rebrote del Covid-19 am\u00e9n de otras cepas consideradas letales.<\/p>\n\n\n\n<p class=\"wp-block-paragraph\">Tal vez el Duce consider\u00f3 que ya no hay que dar vuelta a la decisi\u00f3n y orden\u00f3 el retorno a clases presenciales, porque multitud de j\u00f3venes y otros no tanto han roto las reglas sanitarias reuni\u00e9ndose en fiestas y reventones import\u00e1ndoles un pito el cubreboca y la obligada higiene, aunque la autoridad ha declarado, por lo menos en la Ciudad de M\u00e9xico, que se trabajar\u00e1 en la aplicaci\u00f3n de medidas que contrarresten y eviten contagios.<\/p>\n\n\n\n<p class=\"wp-block-paragraph\"><strong>\u201c(\u2026) Hay un peque\u00f1o rebrote, afortunadamente, de contagios, pero ya tenemos m\u00e1s vacunaci\u00f3n, por lo mismo hay menos riesgos de contagio y ya no podemos seguir con las escuelas cerradas (\u2026)\u201d<\/strong>, dijo en la ma\u00f1anera de mi\u00e9rcoles el licenciado L\u00f3pez Obrador, Su Alteza Seren\u00edsima (SAS).<\/p>\n\n\n\n<p class=\"wp-block-paragraph\">\u00bfPeque\u00f1o rebrote? Usted juzgue:&nbsp;<\/p>\n\n\n\n<p class=\"wp-block-paragraph\">Entre martes y mi\u00e9rcoles \u00faltimos, la Secretar\u00eda de Salud del gobierno federal confirm\u00f3 12 mil 116 nuevos casos de mexicanos contagiados con Covid-19 y la muerte de 230 personas m\u00e1s.&nbsp;<\/p>\n\n\n\n<p class=\"wp-block-paragraph\">\u00bfAterran esas cifras? Quiz\u00e1 no porque en m\u00e1s de un a\u00f1o de pandemia se ha perdido, entre los mexicanos y, en especial, entre las autoridades de los tres niveles de gobierno la capacidad de asombro y han dado tumbos con decisiones infames en el combate a la crisis sanitaria.<\/p>\n\n\n\n<p class=\"wp-block-paragraph\">\u00bfNo le asombran las cifras porque el se\u00f1orpresidente las desprecia y m\u00e1s a quienes las divulgan?<\/p>\n\n\n\n<p class=\"wp-block-paragraph\">Mire usted, en el informe t\u00e9cnico de la Secretar\u00eda de Salud del gobierno de la 4T se refiere que, hasta este mi\u00e9rcoles 14 de julio de 2021, en M\u00e9xico suman 2 millones 616 mil 827 personas infectadas con COVID-19 y 235 mil 507 han muerto a consecuencia de este virus, es decir, oficialmente cerca de 4 veces la cifra considerada en el escenario catastr\u00f3fico de hace un a\u00f1o por el licenciado Hugo L\u00f3pez-Gatell.<\/p>\n\n\n\n<p class=\"wp-block-paragraph\">Pese a este escenario de suyo grave y de alto riesgo, Su Alteza Seren\u00edsima dict\u00f3 la orden de volver a clases, una vez que el tema se lo puso en bandeja uno de los asistentes a la conferencia ma\u00f1anera en el Sal\u00f3n Tesorer\u00eda de Palacio Nacional, respecto de cu\u00e1ndo se reabrir\u00e1 la Escuela Normal del Mexe, en el estado de Hidalgo, cerrada en aquellos d\u00edas cuando Miguel \u00c1ngel Osorio Chong era gobernador.<\/p>\n\n\n\n<p class=\"wp-block-paragraph\"><strong>\u201c<\/strong>S\u00ed, mira, acerca de El Mexe se est\u00e1 trabajando, se va a reabrir, es un compromiso que se tiene, se va a cumplir. Con la pandemia se cerraron las escuelas. Estamos ahora prepar\u00e1ndonos para el reinicio a clases presenciales.<\/p>\n\n\n\n<p class=\"wp-block-paragraph\">\u201cTenemos que poner en buen estado las escuelas, ya voy a hablar de eso, porque necesitamos del apoyo de autoridades estatales, municipales, tambi\u00e9n de las sociedades de madres, de padres de familia, porque han estado abandonadas las escuelas durante mucho tiempo, hay escuelas incluso hasta vandalizadas &nbsp;(\u00bfy d\u00f3nde estaba la autoridad, la Guardia Nacional, digamos?) y necesitamos arreglarlas,&nbsp;<strong>porque vamos a reiniciar las clases as\u00ed, en definitiva, no hay nada que lo impida.<\/strong><\/p>\n\n\n\n<p class=\"wp-block-paragraph\">\u201cHay un peque\u00f1o rebrote, afortunadamente (\u00bf?), de contagios,&nbsp;<strong>pero ya tenemos m\u00e1s vacunaci\u00f3n, por lo mismo hay menos riesgos de contagio y ya no podemos seguir con las escuelas cerradas, necesitamos abrir, de modo que el inicio de clases se va a dar y vamos a presentar aqu\u00ed, yo pienso que para la semana pr\u00f3xima, ya una propuesta<\/strong>&nbsp;para que con tiempo nos preparamos todos: madres, padres de familia, autoridades, maestras, maestros, todos, todos, todos.<\/p>\n\n\n\n<p class=\"wp-block-paragraph\">\u201cO sea, que no nos malacostumbremos, sino tenemos que regresar a clases a finales de agosto de acuerdo al calendario escolar y para entonces yo estoy seguro que va a estar resuelto lo de El Mexe, que es un compromiso que tenemos\u201d.<\/p>\n\n\n\n<p class=\"wp-block-paragraph\">No, nos malacostumbremos. Total, la adelantada sucesi\u00f3n presidencial y las calenturas futuristas de Marcelo Ebrard y la doctora Claudia Sheinbaum son m\u00e1s importantes que este rebrote del Covid-19 y la irrupci\u00f3n de otras cepas en buena parte de la geograf\u00eda mexicana.<\/p>\n\n\n\n<p class=\"wp-block-paragraph\">\u00bfSabe usted que la tasa de letalidad del Covid en M\u00e9xico es de 8.99% frente al 2.15 por ciento de la tasa de letalidad mundial?, seg\u00fan la medici\u00f3n reportada el mi\u00e9rcoles \u00faltimo por la Secretar\u00eda de Salud.<\/p>\n\n\n\n<p class=\"wp-block-paragraph\">Reabrir escuelas, reanudar clases presenciales impacta y reactiva positivamente a un sector de la econom\u00eda, pero en \u00f3ptimas condiciones sanitarias; lo contrario es una apuesta criminal. \u00bfD\u00f3nde est\u00e1n los estrategas del sector educativo? \u00bfLe hacemos caso al sabiondo Duce? Digo.<\/p>\n\n\n\n<p class=\"wp-block-paragraph\"><a rel=\"noreferrer noopener\" target=\"_blank\" href=\"mailto:sanchezlimon@gmail.com\">sanchezlimon@gmail.com<\/a><\/p>\n\n\n\n<p class=\"wp-block-paragraph\"><a rel=\"noreferrer noopener\" target=\"_blank\" href=\"http:\/\/www.entresemana.mx\/\">www.entresemana.mx<\/a><\/p>\n\n\n\n<p class=\"wp-block-paragraph\"><strong>@msanchezlimon @msanchezlimon1<\/strong><\/p>\n","protected":false},"excerpt":{"rendered":"<p>MOIS\u00c9S S\u00c1NCHEZ LIM\u00d3N SemM\u00e9xico. 15 de julio de 2021.- Al Duce molesta e indigna se publiquen estad\u00edsticas derivadas de la pandemia del Covid-19 \u00a0y el recuento cotidiano de muertos e infectados por este virus. Amarillistas, alarmistas y otros etc\u00e9teras llama el licenciado presidente a quienes divulgan el informe de la Secretar\u00eda de Salud de su [&hellip;]<\/p>\n","protected":false},"author":3,"featured_media":15805,"comment_status":"open","ping_status":"open","sticky":false,"template":"","format":"standard","meta":{"_monsterinsights_skip_tracking":false,"footnotes":""},"categories":[692,105,83,35],"tags":[],"class_list":["post-38213","post","type-post","status-publish","format-standard","has-post-thumbnail","category-692","category-entresemana","category-moises-sanchez-limon","category-opinion"],"_links":{"self":[{"href":"https:\/\/redsemlac.com\/semmexico\/wp-json\/wp\/v2\/posts\/38213","targetHints":{"allow":["GET"]}}],"collection":[{"href":"https:\/\/redsemlac.com\/semmexico\/wp-json\/wp\/v2\/posts"}],"about":[{"href":"https:\/\/redsemlac.com\/semmexico\/wp-json\/wp\/v2\/types\/post"}],"author":[{"embeddable":true,"href":"https:\/\/redsemlac.com\/semmexico\/wp-json\/wp\/v2\/users\/3"}],"replies":[{"embeddable":true,"href":"https:\/\/redsemlac.com\/semmexico\/wp-json\/wp\/v2\/comments?post=38213"}],"version-history":[{"count":0,"href":"https:\/\/redsemlac.com\/semmexico\/wp-json\/wp\/v2\/posts\/38213\/revisions"}],"wp:featuredmedia":[{"embeddable":true,"href":"https:\/\/redsemlac.com\/semmexico\/wp-json\/wp\/v2\/media\/15805"}],"wp:attachment":[{"href":"https:\/\/redsemlac.com\/semmexico\/wp-json\/wp\/v2\/media?parent=38213"}],"wp:term":[{"taxonomy":"category","embeddable":true,"href":"https:\/\/redsemlac.com\/semmexico\/wp-json\/wp\/v2\/categories?post=38213"},{"taxonomy":"post_tag","embeddable":true,"href":"https:\/\/redsemlac.com\/semmexico\/wp-json\/wp\/v2\/tags?post=38213"}],"curies":[{"name":"wp","href":"https:\/\/api.w.org\/{rel}","templated":true}]}}