{"id":38210,"date":"2021-07-15T11:19:20","date_gmt":"2021-07-15T17:19:20","guid":{"rendered":"https:\/\/redsemlac.com\/semmexico\/?p=38210"},"modified":"2023-07-21T17:04:00","modified_gmt":"2023-07-21T22:04:00","slug":"en-seis-meses-han-asesinado-a-219-mujeres-en-el-pais-con-extrema-violencia-senala-reporte-de-causa-en-comun","status":"publish","type":"post","link":"https:\/\/redsemlac.com\/semmexico\/en-seis-meses-han-asesinado-a-219-mujeres-en-el-pais-con-extrema-violencia-senala-reporte-de-causa-en-comun\/","title":{"rendered":"En seis meses han asesinado a 219 mujeres en el pa\u00eds con extrema violencia, se\u00f1ala reporte de Causa en Com\u00fan"},"content":{"rendered":"\n<p class=\"wp-block-paragraph\">La violencia no solo es criminal sino familiar, social y comunitaria.<\/p>\n\n\n\n<p class=\"wp-block-paragraph\">Junio el mes m\u00e1s violento con 435 atrocidades<\/p>\n\n\n\n<p class=\"wp-block-paragraph\">Elda Montiel&nbsp;<\/p>\n\n\n\n<p class=\"wp-block-paragraph\">SemM\u00e9xico, Cd. de M\u00e9xico, 15 de julio 2021.- Del listado de eventos de extrema violencia en M\u00e9xico a partir de notas period\u00edsticas registradas por la organizaci\u00f3n Causa en Com\u00fan tan s\u00f3lo en el mes de junio al menos 36 casos fueron asesinatos de mujeres con crueldad extrema, principalmente en San Luis Potos\u00ed, Sinaloa y Tlaxcala, con 5 casos cada uno.&nbsp;<\/p>\n\n\n\n<p class=\"wp-block-paragraph\">Tambi\u00e9n se registr\u00f3 el asesinato de ni\u00f1os, ni\u00f1as y adolescentes con al menos 23 casos, principalmente en Guanajuato, con al menos 6 casos.<\/p>\n\n\n\n<p class=\"wp-block-paragraph\">El mes de junio con 435 hechos de extrema violencia es considerado como el mes con m\u00e1s atrocidades registradas en medios por la organizaci\u00f3n Causa en Com\u00fan en su reporte mensual del estudio \u201cGaler\u00eda del horror: atrocidades registradas en medios period\u00edsticos\u201d.<\/p>\n\n\n\n<p class=\"wp-block-paragraph\">La tortura fue el tipo de atrocidad que se registr\u00f3 con m\u00e1s frecuencia en los medios locales y nacionales, con al menos 75 casos, siendo el estado de Chihuahua donde se registr\u00f3 el mayor n\u00famero de torturas, con al menos 17 registros.&nbsp;<\/p>\n\n\n\n<p class=\"wp-block-paragraph\">El descuartizamiento y destrucci\u00f3n de cad\u00e1veres fue la segunda atrocidad m\u00e1s frecuente, con al menos 59 casos, siendo Guanajuato la entidad con m\u00e1s casos registrados, con al menos 8 v\u00edctimas. Durante el mes se registraron al menos 53 masacres y 17 casos de calcinamiento.<\/p>\n\n\n\n<p class=\"wp-block-paragraph\">Causa en Com\u00fan define \u201catrocidad\u201d como el uso intencional de la fuerza f\u00edsica para causar muerte, laceraci\u00f3n o maltrato extremo a una o varias personas.&nbsp;<\/p>\n\n\n\n<p class=\"wp-block-paragraph\">Clasificadas en 21 atrocidades en el recuento de enero a diciembre del 2021, de 1,839 notas period\u00edsticas dieron un total de 2,644 \u201chistorias de horror\u201d con 3,295 v\u00edctimas.&nbsp;<\/p>\n\n\n\n<p class=\"wp-block-paragraph\">De estos se registraron 219 casos de \u201cAsesinatos de mujeres con crueldad extrema\u201d, 201 casos de \u201cAsesinatos de ni\u00f1as, ni\u00f1os y adolescentes\u201d; 20 casos de \u201cViolaci\u00f3n en grupo por tres o m\u00e1s hombres\u201d; 11 casos de \u201cAsesinatos de defensores de derechos \u201c; 3 casos de \u201cAsesinato de periodistas\u201d, y 3 casos de \u201cEsclavitud y Trata\u201d.<\/p>\n\n\n\n<p class=\"wp-block-paragraph\">Destaca que en 2020 se alcanzaron cifras hist\u00f3ricas de asesinatos de mujeres y ni\u00f1os, desde que hay registros, a partir del 2015.<\/p>\n\n\n\n<p class=\"wp-block-paragraph\">Tambi\u00e9n advierte que el listado es incompleto, pues se basa \u00fanicamente en notas period\u00edsticas, mismas que abordan pocas veces ciertos temas como la violaci\u00f3n sexual agravada o el asesinato de menores de edad y personas con discapacidad.&nbsp;&nbsp;&nbsp;<\/p>\n\n\n\n<p class=\"wp-block-paragraph\">Destaca Causa en Com\u00fan que este mosaico de atrocidades muestra lo equivocadas que son las explicaciones generalizadas y reduccionistas sobre las violencias en nuestro pa\u00eds.<\/p>\n\n\n\n<p class=\"wp-block-paragraph\">El estudio revela que m\u00e1s que violencia del crimen organizado se trata de una violencia familiar, violencia comunitaria y violencia social. El estudio pretende iluminar los rasgos m\u00e1s oscuros de nuestra sociedad, y que nunca debemos ignorar.&nbsp;<\/p>\n\n\n\n<p class=\"wp-block-paragraph\">Por lo que considera que lejos del desmantelamiento prevaleciente de estructuras y programas del sector salud, deben \u00e9stas fortalecerse e incluir, de manera prioritaria, la atenci\u00f3n psicol\u00f3gica especializada a escala nacional.<\/p>\n\n\n\n<p class=\"wp-block-paragraph\">Es evidente que la acumulaci\u00f3n de violencias y atrocidades refleja patolog\u00edas graves que presentan un reto social may\u00fasculo. A los enfoques policiales y sociol\u00f3gicos, deben sumarse enfoques psicol\u00f3gicos.<\/p>\n\n\n\n<p class=\"wp-block-paragraph\">Se agrega en el estudio que el dolor que estas atrocidades provocan en familias y comunidades debe tener una traducci\u00f3n social e institucional.&nbsp;<\/p>\n\n\n\n<p class=\"wp-block-paragraph\">Cada ciudadano y cada comunidad tiene la responsabilidad de exigir a los gobiernos locales y al federal, al menos: a) la resoluci\u00f3n de casos que han agraviado a la comunidad, con investigaciones s\u00f3lidas; y b) reformas de cuerpos policiales y de fiscal\u00edas que atiendan insuficiencias como bajos sueldos, prestaciones incompletas, capacitaci\u00f3n deficiente, y equipos e infraestructuras insuficientes.<\/p>\n\n\n\n<p class=\"wp-block-paragraph\">Durante el mes de enero, se registraron 273 notas, 469 hechos atroces y 529 v\u00edctimas. Para el mes de febrero, se registraron 280 notas, 430 hechos atroces y 519 v\u00edctimas, mientras que para el mes de marzo se registraron 315 notas, 507 atrocidades y 547 v\u00edctimas. En abril, se registraron 332 notas, 435 hechos atroces y 514 v\u00edctimas. En mayo, se registraron 286 notas, 367 atrocidades y 504 v\u00edctimas. En el mes de junio, se registraron 352 notas, 435 atrocidades y 682 v\u00edctimas.<\/p>\n\n\n\n<p class=\"wp-block-paragraph\">Hay un n\u00famero mayor de v\u00edctimas que de noticias de atrocidades, puesto que estas \u00faltimas pueden referirse a sucesos que afectaron a varias personas (p. ej. una noticia sobre una fosa en la que hallaron restos de diversos cad\u00e1veres). Tambi\u00e9n, hay un menor n\u00famero de eventos que de v\u00edctimas, porque algunos hechos engloban a varias personas (p. ej. una masacre).<\/p>\n","protected":false},"excerpt":{"rendered":"<p>La violencia no solo es criminal sino familiar, social y comunitaria. Junio el mes m\u00e1s violento con 435 atrocidades Elda Montiel&nbsp; SemM\u00e9xico, Cd. de M\u00e9xico, 15 de julio 2021.- Del listado de eventos de extrema violencia en M\u00e9xico a partir de notas period\u00edsticas registradas por la organizaci\u00f3n Causa en Com\u00fan tan s\u00f3lo en el mes [&hellip;]<\/p>\n","protected":false},"author":3,"featured_media":38211,"comment_status":"open","ping_status":"open","sticky":false,"template":"","format":"standard","meta":{"_monsterinsights_skip_tracking":false,"footnotes":""},"categories":[692,47],"tags":[],"class_list":["post-38210","post","type-post","status-publish","format-standard","has-post-thumbnail","category-692","category-no-mas-impunidad"],"_links":{"self":[{"href":"https:\/\/redsemlac.com\/semmexico\/wp-json\/wp\/v2\/posts\/38210","targetHints":{"allow":["GET"]}}],"collection":[{"href":"https:\/\/redsemlac.com\/semmexico\/wp-json\/wp\/v2\/posts"}],"about":[{"href":"https:\/\/redsemlac.com\/semmexico\/wp-json\/wp\/v2\/types\/post"}],"author":[{"embeddable":true,"href":"https:\/\/redsemlac.com\/semmexico\/wp-json\/wp\/v2\/users\/3"}],"replies":[{"embeddable":true,"href":"https:\/\/redsemlac.com\/semmexico\/wp-json\/wp\/v2\/comments?post=38210"}],"version-history":[{"count":0,"href":"https:\/\/redsemlac.com\/semmexico\/wp-json\/wp\/v2\/posts\/38210\/revisions"}],"wp:featuredmedia":[{"embeddable":true,"href":"https:\/\/redsemlac.com\/semmexico\/wp-json\/wp\/v2\/media\/38211"}],"wp:attachment":[{"href":"https:\/\/redsemlac.com\/semmexico\/wp-json\/wp\/v2\/media?parent=38210"}],"wp:term":[{"taxonomy":"category","embeddable":true,"href":"https:\/\/redsemlac.com\/semmexico\/wp-json\/wp\/v2\/categories?post=38210"},{"taxonomy":"post_tag","embeddable":true,"href":"https:\/\/redsemlac.com\/semmexico\/wp-json\/wp\/v2\/tags?post=38210"}],"curies":[{"name":"wp","href":"https:\/\/api.w.org\/{rel}","templated":true}]}}