{"id":38204,"date":"2021-07-15T11:13:06","date_gmt":"2021-07-15T17:13:06","guid":{"rendered":"https:\/\/redsemlac.com\/semmexico\/?p=38204"},"modified":"2023-07-21T17:04:00","modified_gmt":"2023-07-21T22:04:00","slug":"ricardo-monreal-como-aspirante-normal-actuara-con-prudencia-ante-la-sucesion-presidencial","status":"publish","type":"post","link":"https:\/\/redsemlac.com\/semmexico\/ricardo-monreal-como-aspirante-normal-actuara-con-prudencia-ante-la-sucesion-presidencial\/","title":{"rendered":"Ricardo Monreal como \u201caspirante normal\u201d actuar\u00e1 con prudencia ante la sucesi\u00f3n presidencial"},"content":{"rendered":"\n<p class=\"wp-block-paragraph\">El dirigente de morena en el Senado hace pol\u00edtica y se resguarda<\/p>\n\n\n\n<p class=\"wp-block-paragraph\">No menciona a la jefa de gobierno, la favorita de Amlo<\/p>\n\n\n\n<p class=\"wp-block-paragraph\">Micaela M\u00e1rquez<\/p>\n\n\n\n<p class=\"wp-block-paragraph\">SemM\u00e9xico, Cd. de M\u00e9xico, 15 de julio 2021.- El senador Ricardo Monreal se defini\u00f3 como un aspirante normal a la sucesi\u00f3n presidencial del 2024 y dijo que actuar\u00e1 con prudencia y no participar\u00e1 en ninguna campa\u00f1a anticipada, porque en estos momentos el pa\u00eds requiere soluciones y hay desaf\u00edos en el Congreso que se tienen que atender.&nbsp;&nbsp;<\/p>\n\n\n\n<p class=\"wp-block-paragraph\">Como militante de Morena acudir\u00e1 \u201cpuntual a la cita con la historia\u201d para participar en el proceso interno que estimo deber\u00e1 ocurrir hacia septiembre-octubre del 2023, y reitero que actuar\u00e1 con \u201cprudencia y mucha calma\u201d. \u201cNo soy un ambicioso vulgar\u201d especifico.<\/p>\n\n\n\n<p class=\"wp-block-paragraph\">El legislador y presidente de la Junta de Coordinaci\u00f3n Pol\u00edtica del Senado advirti\u00f3 que la contienda anticipada puede generar un vac\u00edo que lleve a la debilidad institucional y a la divisi\u00f3n al interior del movimiento.&nbsp;&nbsp;&nbsp;<\/p>\n\n\n\n<p class=\"wp-block-paragraph\">\u201cEspero que este proceso anticipado no genere rupturas, divisiones, violaciones a la ley electoral y que no provoque quebrantos en la unidad de Morena. Yo no voy a contribuir a eso\u201d dijo y abund\u00f3 que no incurrir\u00e1 en responsabilidades jur\u00eddicas legales ni anticipar\u00e1 ning\u00fan acto de precampa\u00f1a, me dedicar\u00e9 a legislar, pues el pa\u00eds est\u00e1 para buscar soluciones en este momento, para responder a desaf\u00edos que tenemos enfrente en el Congreso.&nbsp;&nbsp;<\/p>\n\n\n\n<p class=\"wp-block-paragraph\">Record\u00f3 que tiene que buscar el consenso con las otras fuerzas pol\u00edticas para ratificar los nombramientos de los pr\u00f3ximos titulares de la Secretar\u00eda de Hacienda y Cr\u00e9dito P\u00fablico y de la Secretar\u00eda de la Funci\u00f3n P\u00fablica.&nbsp;<\/p>\n\n\n\n<p class=\"wp-block-paragraph\">En entrevista, el legislador Monreal refiri\u00f3 que el Presidente Andr\u00e9s Manuel L\u00f3pez Obrador es muy inteligente y nada hace sin meditarlo, y que est\u00e1 en su derecho de promover o mencionar a las y los funcionarios que considere mejores preparados para sucederlo.&nbsp;<\/p>\n\n\n\n<p class=\"wp-block-paragraph\">Respecto al secretario de Relaciones Exteriores Marcelo Ebrard afirm\u00f3 que tiene todo el derecho de promoverse a hablar con dirigentes, empresarios, con diputados, senadores o funcionarios p\u00fablicos.&nbsp;Que tiene una opini\u00f3n positiva de \u00e9l y si el titular del Ejecutivo autoriza a sus secretarios a hacer actos relacionados con la sucesi\u00f3n presidencial est\u00e1 bien, \u201cnada m\u00e1s que cuiden la ley\u201d.&nbsp;<\/p>\n\n\n\n<p class=\"wp-block-paragraph\">Conozco los ritmos de la pol\u00edtica, las reglas de los procesos \u201cy no soy un ambicioso vulgar\u201d, sino un aspirante normal que participar\u00e1 con \u00e1nimo y llamar\u00e1 a todos a la unidad, afirm\u00f3 Ricardo Monreal.&nbsp;&nbsp;<\/p>\n\n\n\n<p class=\"wp-block-paragraph\">\u201cNo puedo estar promovi\u00e9ndome en los pueblos cuando la olla est\u00e1 hirviendo; mejor hay que atenderla y encontrar acuerdos\u201d.&nbsp;&nbsp;<\/p>\n\n\n\n<p class=\"wp-block-paragraph\">Sobre los comentarios del Presidente de la Rep\u00fablica en los que mencion\u00f3 que los actores parlamentarios tambi\u00e9n son fuertes candidatos para sucederlo, Monreal \u00c1vila se dijo agradecido, pero reiter\u00f3 que no caer\u00e1 en \u201calgarab\u00edas ni excesos\u201d.&nbsp;&nbsp;<\/p>\n","protected":false},"excerpt":{"rendered":"<p>El dirigente de morena en el Senado hace pol\u00edtica y se resguarda No menciona a la jefa de gobierno, la favorita de Amlo Micaela M\u00e1rquez SemM\u00e9xico, Cd. de M\u00e9xico, 15 de julio 2021.- El senador Ricardo Monreal se defini\u00f3 como un aspirante normal a la sucesi\u00f3n presidencial del 2024 y dijo que actuar\u00e1 con prudencia [&hellip;]<\/p>\n","protected":false},"author":3,"featured_media":38205,"comment_status":"open","ping_status":"open","sticky":false,"template":"","format":"standard","meta":{"_monsterinsights_skip_tracking":false,"footnotes":""},"categories":[692,50],"tags":[],"class_list":["post-38204","post","type-post","status-publish","format-standard","has-post-thumbnail","category-692","category-congreso"],"_links":{"self":[{"href":"https:\/\/redsemlac.com\/semmexico\/wp-json\/wp\/v2\/posts\/38204","targetHints":{"allow":["GET"]}}],"collection":[{"href":"https:\/\/redsemlac.com\/semmexico\/wp-json\/wp\/v2\/posts"}],"about":[{"href":"https:\/\/redsemlac.com\/semmexico\/wp-json\/wp\/v2\/types\/post"}],"author":[{"embeddable":true,"href":"https:\/\/redsemlac.com\/semmexico\/wp-json\/wp\/v2\/users\/3"}],"replies":[{"embeddable":true,"href":"https:\/\/redsemlac.com\/semmexico\/wp-json\/wp\/v2\/comments?post=38204"}],"version-history":[{"count":0,"href":"https:\/\/redsemlac.com\/semmexico\/wp-json\/wp\/v2\/posts\/38204\/revisions"}],"wp:featuredmedia":[{"embeddable":true,"href":"https:\/\/redsemlac.com\/semmexico\/wp-json\/wp\/v2\/media\/38205"}],"wp:attachment":[{"href":"https:\/\/redsemlac.com\/semmexico\/wp-json\/wp\/v2\/media?parent=38204"}],"wp:term":[{"taxonomy":"category","embeddable":true,"href":"https:\/\/redsemlac.com\/semmexico\/wp-json\/wp\/v2\/categories?post=38204"},{"taxonomy":"post_tag","embeddable":true,"href":"https:\/\/redsemlac.com\/semmexico\/wp-json\/wp\/v2\/tags?post=38204"}],"curies":[{"name":"wp","href":"https:\/\/api.w.org\/{rel}","templated":true}]}}