{"id":38193,"date":"2021-07-15T10:51:03","date_gmt":"2021-07-15T16:51:03","guid":{"rendered":"https:\/\/redsemlac.com\/semmexico\/?p=38193"},"modified":"2023-07-21T17:04:00","modified_gmt":"2023-07-21T22:04:00","slug":"reducar-a-los-hombres-para-enfrentar-la-violencia-contra-las-mujeres-iniciativa-camaral","status":"publish","type":"post","link":"https:\/\/redsemlac.com\/semmexico\/reducar-a-los-hombres-para-enfrentar-la-violencia-contra-las-mujeres-iniciativa-camaral\/","title":{"rendered":"Reeducar a los hombres para enfrentar la violencia contra las mujeres: iniciativa camaral"},"content":{"rendered":"\n<p class=\"wp-block-paragraph\">Los marcos legales se quedan cortos para hacer justicia y garantizar la no repetici\u00f3n: diputada Tagle Mart\u00ednez&nbsp;<\/p>\n\n\n\n<p class=\"wp-block-paragraph\">Se debe reconocer el feminicidio como emergencia nacional: diputada Brice\u00f1o Zuloaga<\/p>\n\n\n\n<p class=\"wp-block-paragraph\">Foro de an\u00e1lisis sobre la iniciativa en materia de trabajo reeducativo con hombres que ejercen violencias<\/p>\n\n\n\n<p class=\"wp-block-paragraph\">Sara Lovera<\/p>\n\n\n\n<p class=\"wp-block-paragraph\">SemM\u00e9xico, Cd. de M\u00e9xico, 15 de Julio, 2021.- Los marcos legales y de pol\u00edticas se han quedado cortas para&nbsp;&nbsp;integrar medidas necesarias para nombrar a los hombres que ejercen violencia contra las mujeres, hacer justicia y garantizar su no repetici\u00f3n, afirm\u00f3 la diputada Martha Tagle Mart\u00ednez, de Movimiento Ciudadano.<\/p>\n\n\n\n<p class=\"wp-block-paragraph\">As\u00ed lo dijo ayer, cuando comenzaron&nbsp;&nbsp;los trabajos del foro virtual para la presentaci\u00f3n y an\u00e1lisis del Proyecto de Iniciativa legislativa en materia de trabajo reeducativo con hombres que ejercen violencias contra las mujeres.<\/p>\n\n\n\n<p class=\"wp-block-paragraph\">Muy elocuente se&nbsp;&nbsp;pregunt\u00f3 cu\u00e1l es la responsabilidad masculina, \u201cpues son ellos los que est\u00e1n sobrerrepresentados en las estad\u00edsticas como responsables de violencia en hogares, violencia sexual, feminicidios, y nosotras no podemos seguir respondiendo por ellos\u201d.&nbsp;<\/p>\n\n\n\n<p class=\"wp-block-paragraph\">La iniciativa a conocer y discutir, dijo Martha Tagle Mart\u00ednez explic\u00f3 que&nbsp;&nbsp;propone armonizar criterios de trabajo reeducativo con hombres que han ejercido violencia contra mujeres y ni\u00f1as y responder a su complejidad.&nbsp;<\/p>\n\n\n\n<p class=\"wp-block-paragraph\">Se busca una transformaci\u00f3n individual y colectiva que vaya m\u00e1s all\u00e1 de la sanci\u00f3n legal y punitiva, y al mismo tiempo permita un proceso de transformaci\u00f3n social que inicie desde los hombres.&nbsp;<\/p>\n\n\n\n<p class=\"wp-block-paragraph\">A\u00f1adi\u00f3 que la Ley General de Acceso de las Mujeres a una Vida Libre de Violencia contempla esta medida, pero hay inconsistencias, vac\u00edos y posibilidades de mejora para hacerla efectiva.&nbsp;<\/p>\n\n\n\n<p class=\"wp-block-paragraph\">Agreg\u00f3 que \u201cla realidad mexicana ha comprobado ser violenta contra las mujeres en este pa\u00eds\u201d y se manifiesta como expresi\u00f3n de las desigualdades sociales basadas en el g\u00e9nero; adem\u00e1s, las violencias contra mujeres y ni\u00f1as configuran un abanico de espacios y culturalidades que evidencian la falta de seguridad y justicia. &nbsp;<\/p>\n\n\n\n<p class=\"wp-block-paragraph\">Expres\u00f3 que a inicios de 2020 hab\u00eda 13 entidades federativas con Declaratorias de Alerta de G\u00e9nero por parte de la Secretar\u00eda de Gobernaci\u00f3n, y para este a\u00f1o aumentaron a 18. La Red Nacional de Refugios inform\u00f3 que la violencia familiar alcanz\u00f3 cifra r\u00e9cord en mayo de 2021 con casi 24 mil casos. En junio de este a\u00f1o el Consejo Nacional de Poblaci\u00f3n report\u00f3 que 88.2 por ciento de las v\u00edctimas de violencia en los hogares fueron ni\u00f1as y adolescentes. &nbsp;<\/p>\n\n\n\n<p class=\"wp-block-paragraph\">Adem\u00e1s, dijo, en 2020 se alcanz\u00f3 una cifra r\u00e9cord de delitos sexuales con m\u00e1s de 54 mil casos reportados por el Secretariado Ejecutivo del Sistema Nacional de Seguridad P\u00fablica, y en los primeros cinco meses de 2021 los feminicidios aumentaron 7.1 por ciento respecto al mismo periodo del a\u00f1o anterior. &nbsp;<\/p>\n\n\n\n<p class=\"wp-block-paragraph\">Indic\u00f3 que el recrudecimiento de las violencias se ha advertido desde hace varios a\u00f1os, \u201cpor eso nos esforzamos en crear leyes, pol\u00edticas p\u00fablicas y presupuestos para cambiar de manera estructural las condiciones que posibilitan las violencias, pero frente al poder hegem\u00f3nico y en medio de la pandemia, vemos con preocupaci\u00f3n que la situaci\u00f3n ha empeorado y nuestros esfuerzos no son suficientes\u201d.<\/p>\n\n\n\n<p class=\"wp-block-paragraph\"><strong>Se debe reconocer el feminicidio como emergencia nacional<\/strong><\/p>\n\n\n\n<p class=\"wp-block-paragraph\">La diputada Wendy Brice\u00f1o Zuloaga (Morena), presidenta de la Comisi\u00f3n de Igualdad de G\u00e9nero, se\u00f1al\u00f3 que debe haber una responsabilidad del Estado en estos temas, y las mujeres hemos se\u00f1alado que se debe reconocer el feminicidio como emergencia nacional y colocarlo como una prioridad que atraviese todas sus acciones, instituciones y presupuestos.&nbsp;<\/p>\n\n\n\n<p class=\"wp-block-paragraph\">Expres\u00f3 que es necesario discutir y poner en el centro \u201cal machismo potencialmente feminicida, o al sistema patriarcal como esa emergencia que debemos discutir para empezar a atenderla en consecuencia\u201d. &nbsp;<\/p>\n\n\n\n<p class=\"wp-block-paragraph\">Reconoci\u00f3 que se ha avanzado a trav\u00e9s de los a\u00f1os, se ha generado conocimiento, debate, discusiones presupuestales, en todo lo que tiene que ver con la progresividad de derechos de ni\u00f1as y mujeres, pero \u201cnecesitamos ahondar ahora en otras discusiones para avanzar socialmente\u201d.&nbsp;<\/p>\n\n\n\n<p class=\"wp-block-paragraph\">Indic\u00f3 que en la Legislatura que est\u00e1 por terminar&nbsp;&nbsp;se busc\u00f3 colocar sobre la mesa de las discusiones fundamentales los avances impostergables de las mujeres y visualizarlos, \u201cpero cuando hablamos de violencias y generadores de las violencias, es un tema en el que ha faltado discusi\u00f3n\u201d.&nbsp;<\/p>\n\n\n\n<p class=\"wp-block-paragraph\">Consider\u00f3 que&nbsp;&nbsp;se ha avanzado \u201cen los temas de las mujeres\u201d, pero se deben poner sobre la mesa las dificultades que ha entra\u00f1ado la discusi\u00f3n sobre g\u00e9nero, para avanzar usando todas las problem\u00e1ticas, incluida la discusi\u00f3n sobre las masculinidades.<\/p>\n\n\n\n<p class=\"wp-block-paragraph\"><strong>Contenido de la Iniciativa<\/strong>&nbsp;<\/p>\n\n\n\n<p class=\"wp-block-paragraph\">Sobre la iniciativa, el director general de G\u00e9nero y Desarrollo, AC (Gendes), Mauro Vargas, dijo que se define el trabajo reeducativo con hombres que ejercen violencia contra las mujeres como un proceso reeducativo, en el marco de la prevenci\u00f3n primaria, mediante el cual los agresores trabajan para erradicar creencias, pr\u00e1cticas y conductas que posibilitan, justifican y sostienen el ejercicio de las violencias contra las mujeres. &nbsp;<\/p>\n\n\n\n<p class=\"wp-block-paragraph\">Se\u00f1al\u00f3 que la prevenci\u00f3n implica procesos educativos con los ni\u00f1os en diferentes \u00e1mbitos de la sociedad y sectores del Estado, para propiciar la articulaci\u00f3n de esfuerzos y que cualquier violencia cese y se garantice la no repetici\u00f3n, \u201cpero no podemos hacerlo si los hombres no asumen sus procesos y su responsabilidad individual y colectiva, m\u00e1s all\u00e1 de la que se le determine como parte de un debido proceso\u201d.&nbsp;<\/p>\n\n\n\n<p class=\"wp-block-paragraph\"><strong>Participaci\u00f3n de especialistas<\/strong>&nbsp;<\/p>\n\n\n\n<p class=\"wp-block-paragraph\">En la Mesa 1: Principales retos para la inclusi\u00f3n del enfoque en masculinidades en pol\u00edtica p\u00fablica, en el marco de la transversalidad de la perspectiva de g\u00e9nero y de los liderazgos y narrativas de resistencias al cambio social, Katia Ch\u00e1vez Le\u00f3n, consejera consultiva de Gendes, se refiri\u00f3 a los retos de la incorporaci\u00f3n de las masculinidades en las pol\u00edticas p\u00fablicas y c\u00f3mo lograr cambios estructurales.&nbsp;<\/p>\n\n\n\n<p class=\"wp-block-paragraph\">En la gesti\u00f3n administrativa, dijo, los retos son ejecutar recursos econ\u00f3micos y humanos en las instituciones, con capacitaci\u00f3n especializada. Expres\u00f3 que se deben desagregar datos para estudiar patrones y desarrollar pol\u00edticas p\u00fablicas basadas en evidencia; continuar con di\u00e1logos para institucionalizar acciones relevantes y cambiar paradigmas y estructuras que permitan el reconocimiento de masculinidades positivas.&nbsp;<\/p>\n\n\n\n<p class=\"wp-block-paragraph\">Pablo Navarrete Guti\u00e9rrez, consultor en derechos humanos y g\u00e9nero, destac\u00f3 que la reforma \u201cdescargar\u00e1 a las mujeres de responsabilidades y colocar\u00e1 la responsabilidad que nos toca a los hombres\u201d, e incorporar\u00e1 el enfoque de masculinidades en las pol\u00edticas de igualdad y combate a la violencia.<\/p>\n\n\n\n<p class=\"wp-block-paragraph\">Propuso generar una pol\u00edtica de Estado que se haga cargo del tema de las masculinidades y asignar recursos en un anexo del presupuesto y determinar qui\u00e9n la va a dise\u00f1ar y coordinar, \u201cporque se necesita la rector\u00eda del Estado en estos temas\u201d.<\/p>\n","protected":false},"excerpt":{"rendered":"<p>Los marcos legales se quedan cortos para hacer justicia y garantizar la no repetici\u00f3n: diputada Tagle Mart\u00ednez&nbsp; Se debe reconocer el feminicidio como emergencia nacional: diputada Brice\u00f1o Zuloaga Foro de an\u00e1lisis sobre la iniciativa en materia de trabajo reeducativo con hombres que ejercen violencias Sara Lovera SemM\u00e9xico, Cd. de M\u00e9xico, 15 de Julio, 2021.- Los [&hellip;]<\/p>\n","protected":false},"author":3,"featured_media":38194,"comment_status":"open","ping_status":"open","sticky":false,"template":"","format":"standard","meta":{"_monsterinsights_skip_tracking":false,"footnotes":""},"categories":[692,50],"tags":[],"class_list":["post-38193","post","type-post","status-publish","format-standard","has-post-thumbnail","category-692","category-congreso"],"_links":{"self":[{"href":"https:\/\/redsemlac.com\/semmexico\/wp-json\/wp\/v2\/posts\/38193","targetHints":{"allow":["GET"]}}],"collection":[{"href":"https:\/\/redsemlac.com\/semmexico\/wp-json\/wp\/v2\/posts"}],"about":[{"href":"https:\/\/redsemlac.com\/semmexico\/wp-json\/wp\/v2\/types\/post"}],"author":[{"embeddable":true,"href":"https:\/\/redsemlac.com\/semmexico\/wp-json\/wp\/v2\/users\/3"}],"replies":[{"embeddable":true,"href":"https:\/\/redsemlac.com\/semmexico\/wp-json\/wp\/v2\/comments?post=38193"}],"version-history":[{"count":0,"href":"https:\/\/redsemlac.com\/semmexico\/wp-json\/wp\/v2\/posts\/38193\/revisions"}],"wp:featuredmedia":[{"embeddable":true,"href":"https:\/\/redsemlac.com\/semmexico\/wp-json\/wp\/v2\/media\/38194"}],"wp:attachment":[{"href":"https:\/\/redsemlac.com\/semmexico\/wp-json\/wp\/v2\/media?parent=38193"}],"wp:term":[{"taxonomy":"category","embeddable":true,"href":"https:\/\/redsemlac.com\/semmexico\/wp-json\/wp\/v2\/categories?post=38193"},{"taxonomy":"post_tag","embeddable":true,"href":"https:\/\/redsemlac.com\/semmexico\/wp-json\/wp\/v2\/tags?post=38193"}],"curies":[{"name":"wp","href":"https:\/\/api.w.org\/{rel}","templated":true}]}}