{"id":38172,"date":"2021-07-14T15:30:00","date_gmt":"2021-07-14T21:30:00","guid":{"rendered":"https:\/\/redsemlac.com\/semmexico\/?p=38172"},"modified":"2023-07-21T17:04:01","modified_gmt":"2023-07-21T22:04:01","slug":"adios-estereotipos-noruega-prohibe-a-las-influencers-retocar-sus-fotos","status":"publish","type":"post","link":"https:\/\/redsemlac.com\/semmexico\/adios-estereotipos-noruega-prohibe-a-las-influencers-retocar-sus-fotos\/","title":{"rendered":"\u00bfAdi\u00f3s estereotipos?: Noruega proh\u00edbe a las influencers retocar sus fotos"},"content":{"rendered":"\n<ul class=\"wp-block-list\"><li><strong>\u201cSe espera que la medida contribuya de manera \u00fatil y significativa a frenar el impacto negativo que tiene dicha publicidad, especialmente en los ni\u00f1os y los j\u00f3venes\u201d, dijo el ministerio<\/strong><\/li><\/ul>\n\n\n\n<p class=\"wp-block-paragraph\"><strong>Redacci\u00f3n<\/strong><\/p>\n\n\n\n<p class=\"wp-block-paragraph\">SemM\u00e9xico\/AmecoPress. Oslo, Noruega, 14 de julio 2021.-\u00a0Noruega est\u00e1 introduciendo una legislaci\u00f3n que obligar\u00e1 a las personas influencers a etiquetar ciertas im\u00e1genes retocadas en las redes sociales. El gobierno noruego espera que esto ayude a combatir los est\u00e1ndares de belleza poco realistas, ya que los debates sobre \u00abkroppspress\u00bb (que significa \u00abpresi\u00f3n corporal\u00bb) se han desatado en el pa\u00eds.<\/p>\n\n\n\n<p class=\"wp-block-paragraph\">\u201cSe espera que la medida contribuya de manera \u00fatil y significativa a frenar el impacto negativo que tiene dicha publicidad, especialmente en los ni\u00f1os y los j\u00f3venes\u201d, dijo el ministerio.<\/p>\n\n\n\n<p class=\"wp-block-paragraph\">Lxs influencers deber\u00e1n etiquetar cualquier imagen en la que se hayan realizado modificaciones en \u00e1reas como el tama\u00f1o del cuerpo, la forma y la piel, ya sea con un programa de retoque como FaceTune o un filtro de \u00abembellecimiento\u00bb.<\/p>\n\n\n\n<p class=\"wp-block-paragraph\">Dos hermosas personas con informaci\u00f3n privilegiada sopesan la decisi\u00f3n de prohibir los filtros de embellecimiento en #ads. Aunque el gobierno noruego ha reconocido que la ley puede ser dif\u00edcil de hacer cumplir, ya que no siempre es obvio cuando se retoca una imagen, sin duda es un paso en la direcci\u00f3n correcta para desmantelar los ideales de belleza t\u00f3xica y hacer de las redes sociales un lugar m\u00e1s seguro y feliz.<\/p>\n\n\n\n<p class=\"wp-block-paragraph\">\u00abLos filtros son algo de lo que deber\u00eda ser divertido re\u00edrse, o tener el derecho de tener una mariposa realista en tu cara, no para crear un ideal de belleza falso\u00bb, dijo la influencer Annijor J\u00f8rgensen a un peri\u00f3dico local. Banda mundial.<\/p>\n\n\n\n<p class=\"wp-block-paragraph\">El nuevo reglamento del Ministerio de la Infancia y la Familia de Noruega se aprob\u00f3 a principios de este mes con 72 votos a favor y 15 en contra. El Rey de Noruega a\u00fan est\u00e1 declarando cu\u00e1ndo entrar\u00e1 en vigor la ley.<\/p>\n\n\n\n<p class=\"wp-block-paragraph\">La noticia llega despu\u00e9s de que la Autoridad de Est\u00e1ndares de Publicidad (ASA) del Reino Unido les dijera a las personas influencers en las redes sociales que ya no pueden usar filtros \u00abenga\u00f1osos\u00bb en los anuncios de belleza en febrero.<\/p>\n\n\n\n<p class=\"wp-block-paragraph\">\u00abSiento que el efecto perjudicial que esto tiene en los usuarios de las redes sociales se ha tomado en serio y este es un gran paso en la direcci\u00f3n correcta sobre c\u00f3mo se utilizan los filtros y la forma de publicitar los cosm\u00e9ticos en l\u00ednea\u00bb, dijo Sasha Pallari, de 29 a\u00f1os, vieja influencer que inici\u00f3 la campa\u00f1a, en la BBC en ese momento.<\/p>\n","protected":false},"excerpt":{"rendered":"<p>\u201cSe espera que la medida contribuya de manera \u00fatil y significativa a frenar el impacto negativo que tiene dicha publicidad, especialmente en los ni\u00f1os y los j\u00f3venes\u201d, dijo el ministerio<\/p>\n","protected":false},"author":3,"featured_media":38173,"comment_status":"open","ping_status":"open","sticky":false,"template":"","format":"standard","meta":{"_monsterinsights_skip_tracking":false,"footnotes":""},"categories":[692,53],"tags":[],"class_list":["post-38172","post","type-post","status-publish","format-standard","has-post-thumbnail","category-692","category-internacional"],"_links":{"self":[{"href":"https:\/\/redsemlac.com\/semmexico\/wp-json\/wp\/v2\/posts\/38172","targetHints":{"allow":["GET"]}}],"collection":[{"href":"https:\/\/redsemlac.com\/semmexico\/wp-json\/wp\/v2\/posts"}],"about":[{"href":"https:\/\/redsemlac.com\/semmexico\/wp-json\/wp\/v2\/types\/post"}],"author":[{"embeddable":true,"href":"https:\/\/redsemlac.com\/semmexico\/wp-json\/wp\/v2\/users\/3"}],"replies":[{"embeddable":true,"href":"https:\/\/redsemlac.com\/semmexico\/wp-json\/wp\/v2\/comments?post=38172"}],"version-history":[{"count":0,"href":"https:\/\/redsemlac.com\/semmexico\/wp-json\/wp\/v2\/posts\/38172\/revisions"}],"wp:featuredmedia":[{"embeddable":true,"href":"https:\/\/redsemlac.com\/semmexico\/wp-json\/wp\/v2\/media\/38173"}],"wp:attachment":[{"href":"https:\/\/redsemlac.com\/semmexico\/wp-json\/wp\/v2\/media?parent=38172"}],"wp:term":[{"taxonomy":"category","embeddable":true,"href":"https:\/\/redsemlac.com\/semmexico\/wp-json\/wp\/v2\/categories?post=38172"},{"taxonomy":"post_tag","embeddable":true,"href":"https:\/\/redsemlac.com\/semmexico\/wp-json\/wp\/v2\/tags?post=38172"}],"curies":[{"name":"wp","href":"https:\/\/api.w.org\/{rel}","templated":true}]}}