{"id":38166,"date":"2021-07-14T13:45:00","date_gmt":"2021-07-14T19:45:00","guid":{"rendered":"https:\/\/redsemlac.com\/semmexico\/?p=38166"},"modified":"2023-07-21T17:04:01","modified_gmt":"2023-07-21T22:04:01","slug":"mas-de-treinta-organizaciones-comparten-la-necesidad-de-modificar-la-ley-de-salud-sexual-y-reproductiva-e-interrupcion-voluntaria-del-embarazo","status":"publish","type":"post","link":"https:\/\/redsemlac.com\/semmexico\/mas-de-treinta-organizaciones-comparten-la-necesidad-de-modificar-la-ley-de-salud-sexual-y-reproductiva-e-interrupcion-voluntaria-del-embarazo\/","title":{"rendered":"M\u00e1s de treinta organizaciones comparten la necesidad de modificar la Ley de Salud Sexual y Reproductiva e Interrupci\u00f3n voluntaria del embarazo"},"content":{"rendered":"\n<ul class=\"wp-block-list\"><li><strong>Se trata del primer encuentro del proceso participativo para la modificaci\u00f3n de la Ley Org\u00e1nica 2\/2010 y ha estado presidido por Antonia Morillas, directora del organismo<\/strong><\/li><\/ul>\n\n\n\n<p class=\"wp-block-paragraph\"><strong>Redacci\u00f3n<\/strong><\/p>\n\n\n\n<p class=\"wp-block-paragraph\">SemM\u00e9xico\/AmecoPress. Madrid, 14 de julio 2021.-\u00a0Tras la celebraci\u00f3n de los conversatorios online sobre \u201cM\u00e1s salud sexual y reproductiva: Hacia la modificaci\u00f3n de la ley org\u00e1nica 2\/2010\u201d, Antonia Morillas, directora del Instituto de las Mujeres, ha presidido el primer encuentro con organizaciones de \u00e1mbito estatal, entre ellas las asociaciones integrantes del Consejo de Participaci\u00f3n de la Mujer. Este encuentro arranca el proceso participativo de reflexi\u00f3n y debate para la reforma de la Ley de Salud Sexual y Reproductiva y de la Interrupci\u00f3n Voluntaria del Embarazo, con el objetivo de garantizar la efectividad de los derechos reconocidos y ampliarlos.<\/p>\n\n\n\n<p class=\"wp-block-paragraph\">Con posterioridad a la presentaci\u00f3n de las conclusiones obtenidas en los conversatorios, se ha producido un debate en el que ha destacado el amplio acuerdo en las reformas que es necesario emprender y la coincidencia de las demandas presentadas con las conclusiones de los debates. Entre dichas demandas se ha se\u00f1alado especialmente la importancia de desarrollar una educaci\u00f3n sexual con un enfoque integral.<\/p>\n\n\n\n<figure class=\"wp-block-image\"><a href=\"https:\/\/amecopress.net\/IMG\/jpg\/aborto_pancarta.jpg\"><img decoding=\"async\" src=\"https:\/\/amecopress.net\/local\/cache-vignettes\/L750xH466\/aborto_pancarta-7bb65.jpg\" alt=\"JPEG\"\/><\/a><\/figure>\n\n\n\n<p class=\"wp-block-paragraph\">En su intervenci\u00f3n, Morillas ha reconocido el avance que supuso la ley 2\/2010, y ha se\u00f1alado dos cuestiones: la necesidad de revertir las modificaciones restrictivas introducidas por el Partido Popular en 2015 y la de identificar los obst\u00e1culos que dificultan el ejercicio efectivo de los derechos reconocidos, como las desigualdades territoriales, la falta de regulaci\u00f3n de la objeci\u00f3n de conciencia o las situaciones de acoso en torno a las cl\u00ednicas que practican la interrupci\u00f3n voluntaria del embarazo.<\/p>\n\n\n\n<h3 class=\"wp-block-heading\">Conclusiones de los seminarios online \u201cM\u00e1s salud sexual y reproductiva\u201d<\/h3>\n\n\n\n<p class=\"wp-block-paragraph\">En los conversatorios sobre \u201cM\u00e1s salud sexual y reproductiva\u201d, celebrados los d\u00edas 8 y 9 de julio, han participado expertas de los \u00e1mbitos jur\u00eddico, sanitario y asociativo. Sus principales conclusiones, presentadas en el encuentro con organizaciones que ha tenido lugar a la finalizaci\u00f3n de los mismos, han sido:<\/p>\n\n\n\n<p class=\"wp-block-paragraph\"><strong>1. Interrupci\u00f3n Voluntaria del Embarazo (IVE)<\/strong><br>\u2022 Necesidad de garantizar el ejercicio de los derechos reconocidos para la interrupci\u00f3n voluntaria del embarazo en el marco de la sanidad p\u00fablica, como una prestaci\u00f3n sanitaria m\u00e1s, para romper el estigma todav\u00eda existente.<br>\u2022 Suprimir el periodo obligatorio de reflexi\u00f3n de tres d\u00edas, por considerarlo una tutela del derecho a decidir de las mujeres.<br>\u2022 Eliminar la necesidad de contar con autorizaci\u00f3n paterna para las mujeres de 16 y 17 a\u00f1os.<br>\u2022 Favorecer a las mujeres el acceso a la informaci\u00f3n, actualmente insuficiente, y fomentar la formaci\u00f3n de profesionales para el acompa\u00f1amiento de las mujeres.<br>\u2022 Regular la objeci\u00f3n de conciencia, para que no suponga un obst\u00e1culo en el acceso a los derechos reconocidos.<br>\u2022 Fortalecer la educaci\u00f3n sexual con perspectiva feminista.<\/p>\n\n\n\n<p class=\"wp-block-paragraph\"><strong>2. Gestaci\u00f3n subrogada como forma de explotaci\u00f3n reproductiva<\/strong><br>Tras determinar que el fen\u00f3meno del alquiler de vientres no deja de crecer debido al auge de un mercado que genera importantes beneficios, se ha se\u00f1alado que es una violencia m\u00e1s contra las mujeres, que vulnera muchos de sus derechos durante la gestaci\u00f3n, como por ejemplo la movilidad, el derecho al aborto o a la rescisi\u00f3n del contrato. Las propuestas recogidas han sido:<br>\u2022 Una legislaci\u00f3n garantista con los derechos de las gestantes.<br>\u2022 Informar a las familias que optan por esta v\u00eda de la situaci\u00f3n de las gestantes y de c\u00f3mo operan las agencias intermediarias.<br>\u2022 Facilitar la adopci\u00f3n.<br>\u2022 Estudiar sanciones, con perspectiva transnacional, que sigan el esquema del delito de trata, poniendo el acento en la industria de explotaci\u00f3n.<br>\u2022 Analizar qu\u00e9 es lo mejor para los y las menores.<br>\u2022 Prohibir la actividad de las empresas y agencias que la promueven y su publicidad.<\/p>\n\n\n\n<figure class=\"wp-block-image\"><a href=\"https:\/\/amecopress.net\/IMG\/jpg\/yo_decido_foto_.jpg\"><img decoding=\"async\" src=\"https:\/\/amecopress.net\/local\/cache-vignettes\/L750xH422\/yo_decido_foto_-a576e.jpg\" alt=\"JPEG\"\/><\/a><\/figure>\n\n\n\n<p class=\"wp-block-paragraph\"><strong>3. Violencia obst\u00e9trica como violencia de g\u00e9nero<\/strong><br>Las principales demandas, tras considerar la violencia obst\u00e9trica como un atentado a los derechos humanos y una violencia institucionalizada que est\u00e1 normalizada, han sido:<br>\u2022 La obligaci\u00f3n de las instituciones de prevenirla y erradicarla, elimin\u00e1ndola del sistema sanitario y garantizando un parto respetado.<br>\u2022 La prevenci\u00f3n a trav\u00e9s de protocolos e informaci\u00f3n y de la formaci\u00f3n a profesionales.<br>\u2022 Posibilitar las reclamaciones y contemplar la reparaci\u00f3n de las consecuencias f\u00edsicas y psicol\u00f3gicas para las mujeres.<\/p>\n","protected":false},"excerpt":{"rendered":"<p>Se trata del primer encuentro del proceso participativo para la modificaci\u00f3n de la Ley Org\u00e1nica 2\/2010 y ha estado presidido por Antonia Morillas, directora del organismo<\/p>\n","protected":false},"author":3,"featured_media":38167,"comment_status":"open","ping_status":"open","sticky":false,"template":"","format":"standard","meta":{"_monsterinsights_skip_tracking":false,"footnotes":""},"categories":[692,53],"tags":[],"class_list":["post-38166","post","type-post","status-publish","format-standard","has-post-thumbnail","category-692","category-internacional"],"_links":{"self":[{"href":"https:\/\/redsemlac.com\/semmexico\/wp-json\/wp\/v2\/posts\/38166","targetHints":{"allow":["GET"]}}],"collection":[{"href":"https:\/\/redsemlac.com\/semmexico\/wp-json\/wp\/v2\/posts"}],"about":[{"href":"https:\/\/redsemlac.com\/semmexico\/wp-json\/wp\/v2\/types\/post"}],"author":[{"embeddable":true,"href":"https:\/\/redsemlac.com\/semmexico\/wp-json\/wp\/v2\/users\/3"}],"replies":[{"embeddable":true,"href":"https:\/\/redsemlac.com\/semmexico\/wp-json\/wp\/v2\/comments?post=38166"}],"version-history":[{"count":0,"href":"https:\/\/redsemlac.com\/semmexico\/wp-json\/wp\/v2\/posts\/38166\/revisions"}],"wp:featuredmedia":[{"embeddable":true,"href":"https:\/\/redsemlac.com\/semmexico\/wp-json\/wp\/v2\/media\/38167"}],"wp:attachment":[{"href":"https:\/\/redsemlac.com\/semmexico\/wp-json\/wp\/v2\/media?parent=38166"}],"wp:term":[{"taxonomy":"category","embeddable":true,"href":"https:\/\/redsemlac.com\/semmexico\/wp-json\/wp\/v2\/categories?post=38166"},{"taxonomy":"post_tag","embeddable":true,"href":"https:\/\/redsemlac.com\/semmexico\/wp-json\/wp\/v2\/tags?post=38166"}],"curies":[{"name":"wp","href":"https:\/\/api.w.org\/{rel}","templated":true}]}}