{"id":38030,"date":"2021-07-11T11:50:02","date_gmt":"2021-07-11T17:50:02","guid":{"rendered":"https:\/\/redsemlac.com\/semmexico\/?p=38030"},"modified":"2023-07-21T17:04:05","modified_gmt":"2023-07-21T22:04:05","slug":"en-el-dia-mundial-de-la-poblacion-detiene-el-senado-nueva-ley-de-poblacion-que-moderniza-derechos-de-las-mujeres","status":"publish","type":"post","link":"https:\/\/redsemlac.com\/semmexico\/en-el-dia-mundial-de-la-poblacion-detiene-el-senado-nueva-ley-de-poblacion-que-moderniza-derechos-de-las-mujeres\/","title":{"rendered":"En el D\u00eda Mundial de la Poblaci\u00f3n; detiene el Senado nueva Ley de Poblaci\u00f3n que moderniza derechos de las mujeres\u00a0"},"content":{"rendered":"<p><span style=\"font-weight: 400;\">*Abroga la ley de 1974,&nbsp; aprobada por la C\u00e1mara de Diputados en diciembre 2020 es&nbsp; un avance&nbsp; dicen diputadas&nbsp;<\/span><\/p>\n<p><!--more--><\/p>\n<p><span style=\"font-weight: 400;\">Responde a los desaf\u00edos que plantea un&nbsp; M\u00e9xico con&nbsp; 126 millones de habitantes&nbsp;<\/span><\/p>\n<p>En el D\u00eda Mundial de la Poblaci\u00f3n: el Senado detiene nueva Ley de Poblaci\u00f3n que moderniza los derechos de las mujeres y los sexuales y reproductivos&nbsp;<\/p>\n<p><span style=\"font-weight: 400;\">Sara Lovera<\/span><\/p>\n<p><span style=\"font-weight: 400;\">SemM\u00e9xico, Cd. de M\u00e9xico, 11 de julio, 2021.- La nueva Ley de Poblaci\u00f3n, aprobada por la C\u00e1mara de Diputados el 3 de diciembre de 2020, revoluciona lo que en 1974 fue un gran salto, ahora&nbsp; obliga a las autoridades a respetar los derechos sexuales y reproductivos, desde una mirada de g\u00e9nero e introduce el tema de las identidades.<\/span><\/p>\n<p><span style=\"font-weight: 400;\">Hace 47 a\u00f1os, la ley vigente rompi\u00f3 con la prohibici\u00f3n del uso de anticonceptivos,&nbsp; fue el primer avance en cuanto a derechos sexuales y reproductivos; hoy,&nbsp; dice que urge&nbsp; \u201cdise\u00f1ar pol\u00edticas y programas integrales en materia de planificaci\u00f3n familiar a trav\u00e9s de los servicios p\u00fablicos educativos y de salud p\u00fablica, orientadas a la distribuci\u00f3n racional y estabilizaci\u00f3n del crecimiento de la poblaci\u00f3n, en el marco de los derechos humanos, particularmente de los derechos sexuales y reproductivos de las mujeres\u201d.<\/span><\/p>\n<p><span style=\"font-weight: 400;\">El 3 de diciembre la diputada Guadalupe Almaguer Pardo, del Partido de la Revoluci\u00f3n Democr\u00e1tica&nbsp; calific\u00f3: \u201c el nuevo ordenamiento legal contiene elementos que son baluartes de la lucha hist\u00f3rica del PRD como la perspectiva de g\u00e9nero, la de derechos humanos, la de ni\u00f1ez y la interculturalidad\u201d, pero adem\u00e1s hizo notar que&nbsp; las disposiciones relativas al Programa Nacional de Poblaci\u00f3n se incorporan de forma amplia los derechos sexuales y reproductivos de las personas, haciendo obligatoria la existencia de una oferta anticonceptiva que responda a las necesidades de la poblaci\u00f3n.<\/span><\/p>\n<p><span style=\"font-weight: 400;\">Ahora esta ley, que est\u00e1&nbsp; sin aprobarse en el Senado de la Rep\u00fablica,&nbsp; fue resultado de un parlamento abierto y una discusi\u00f3n nacional.&nbsp; Abarca las regulaciones de otros marcos jur\u00eddicos como la interrupci\u00f3n legal del embarazo, la educaci\u00f3n sexual desde edades tempranas, el acceso a servicios de salud y los m\u00e9todos anticonceptivos todos&nbsp; en distintos marcos normativos, la aprobada por la diputaci\u00f3n&nbsp; ser\u00e1 la primera ocasi\u00f3n que se encuentren claramente establecidos en la ley de poblaci\u00f3n.<\/span><\/p>\n<p><span style=\"font-weight: 400;\">Hace 47 a\u00f1os, la Ley vigente, dio lugar a la campa\u00f1a m\u00e1s grande y abarcadora para el uso de anticonceptivos, cre\u00f3 el Consejo Nacional de Poblaci\u00f3n y en su discusi\u00f3n, entonces, se habl\u00f3 por primera vez de medio mill\u00f3n de abortos en M\u00e9xico. As\u00ed lo dijo,&nbsp; Silvia Hern\u00e1ndez desde las galer\u00eda del Senado, como dirigente de Mujeres Insurgentes, luego dos veces senadora de la Rep\u00fablica.<\/span><\/p>\n<p><b>11 de Julio<\/b><span style=\"font-weight: 400;\">,&nbsp;<\/span><b>D\u00eda<\/b><span style=\"font-weight: 400;\">&nbsp;mundial de la Poblaci\u00f3n<\/span><span style=\"font-weight: 400;\"><br \/>\n<\/span><span style=\"font-weight: 400;\"><br \/>\n<\/span><span style=\"font-weight: 400;\">Tiene como <\/span><span style=\"font-weight: 400;\">&nbsp;<\/span><b>objetivo<\/b><span style=\"font-weight: 400;\">&nbsp; llamar la atenci\u00f3n sobre la importancia de los problemas de&nbsp;<\/span><b>poblaci\u00f3n<\/b><span style=\"font-weight: 400;\">&nbsp;en el mundo, en particular en el contexto de los programas de desarrollo, y la urgencia de encontrar soluciones a los mismos.<\/span><\/p>\n<p><span style=\"font-weight: 400;\">Se estableci\u00f3&nbsp; por el Programa de las Naciones Unidas para el Desarrollo (PNUD) en 1989, en virtud de que alrededor de este&nbsp;<\/span><b>d\u00eda<\/b><span style=\"font-weight: 400;\">, pero dos a\u00f1os atr\u00e1s, la Tierra alcanz\u00f3 los cinco mil millones de habitantes.&nbsp;<\/span><\/p>\n<p><span style=\"font-weight: 400;\">Hoy la preocupaci\u00f3n es que&nbsp; la poblaci\u00f3n pueda planear sus familias lo que implica&nbsp; planear su vida, vencer a la pobreza, mejorar la salud de las madres e hijos, lograr una mayor equidad de g\u00e9nero, disminuir la mortalidad materna y sostener a la juventud.<\/span><\/p>\n<p><span style=\"font-weight: 400;\">__________________________________________________________________<\/span><\/p>\n<p><b>M\u00e1s all\u00e1 de la discusi\u00f3n del carnet de identidad<\/b><\/p>\n<p><span style=\"font-weight: 400;\">Seg\u00fan el Censo de Poblaci\u00f3n 2020, M\u00e9xico&nbsp; inicia&nbsp; la segunda d\u00e9cada del siglo XXI con m\u00e1s de 126 millones de habitantes y una larga lista de retos sociales por atender, reconocidos en estudios, investigaciones parciales e Inegi: el envejecimiento&nbsp; poblacional paulatino, el embarazo adolescente, primer lugar en la OCED, la pobreza, la desigualdad, el rezago educativo, el matrimonio infantil y la incorporaci\u00f3n de las mujeres al mercado laboral.<\/span><\/p>\n<p><span style=\"font-weight: 400;\">Todos estos fen\u00f3menos son fundamentos del estudio de la poblaci\u00f3n, y seg\u00fan la discusi\u00f3n, larga y discutida, podr\u00edan enfrentarse estos problemas&nbsp; con una nueva Ley General de Poblaci\u00f3n, la cual se encuentra en el Senado de la Rep\u00fablica y&nbsp; tiene como eje central fomentar los derechos sexuales y reproductivos, especialmente los de&nbsp; las mujeres que representan m\u00e1s del 51 por ciento&nbsp; de la poblaci\u00f3n&nbsp; mexicana.<\/span><\/p>\n<p><span style=\"font-weight: 400;\">Guadalupe Almaguer Pardo, ese diciembre pasado dijo que las disposiciones relativas al Programa Nacional de Poblaci\u00f3n se incorporan de forma amplia los derechos sexuales e indica que la pol\u00edtica poblacional es reflejo del acercamiento a la movilidad humana y migraci\u00f3n, y en ese sentido la Ley General de Poblaci\u00f3n reconoce el derecho a la movilidad, incluyendo a las personas en situaci\u00f3n de migraci\u00f3n.<\/span><\/p>\n<p><span style=\"font-weight: 400;\">Al respecto la diputada emecista Martha Tagle Mart\u00ednez, dijo que se establece que el Ejecutivo Federal formule y conduzca la pol\u00edtica de poblaci\u00f3n; realizar acciones que contribuyan a garantizar el pleno ejercicio de los derechos sexuales y reproductivos; promover que las autoridades de las entidades realicen acciones que favorezcan la atenci\u00f3n de problemas demogr\u00e1ficos. Adem\u00e1s, se regula el derecho a la identidad consagrado en el art\u00edculo 4\u00ba constitucional.<\/span><\/p>\n<p><span style=\"font-weight: 400;\">Al respecto, seg\u00fan recoge La Lista&nbsp; &nbsp; \u201cEl enfoque de derechos, incluidos los sexuales y reproductivos, tiene en el fondo una visi\u00f3n para tratar de disminuir las inequidades sociales, de g\u00e9nero, de generaciones, diversos tipos de inequidades y desigualdades que ponen en condiciones de vulnerabilidad a la poblaci\u00f3n frente a diversos fen\u00f3menos\u201d, coment\u00f3 sobre la nueva ley Patricia Vargas Becerra, presidenta de la Sociedad Mexicana de Demograf\u00eda (Somede).<\/span><\/p>\n<p><span style=\"font-weight: 400;\">La legislaci\u00f3n, que fue discutida previamente por acad\u00e9micos, organizaciones sociales y dependencias del gobierno, ha dado un viraje de 180 grados respecto de las leyes generales de poblaci\u00f3n de 1947 y de 1974. Esta \u00faltima es la que a\u00fan est\u00e1 vigente \u2013con algunas modificaciones\u2013 y desde su lenguaje da cierta prioridad a los hombres.<\/span><\/p>\n<p><span style=\"font-weight: 400;\">El art\u00edculo tercero de la ley vigente se\u00f1ala que el gobierno federal debe \u201crealizar programas de planeaci\u00f3n familiar a trav\u00e9s de los servicios educativos y de salud p\u00fablica que disponga el sector p\u00fablico y vigilar que dichos programas y los que realicen organismos privados, se lleven a cabo con absoluto respeto a los derechos fundamentales del hombre y preserven la dignidad de las familias\u201d.<\/span><\/p>\n<p><span style=\"font-weight: 400;\">Mientras que la legislaci\u00f3n que hoy &#8211; pendiente de aprobaci\u00f3n en el Senado-, votada casi&nbsp; sin oposici\u00f3n en la C\u00e1mara de Diputados, es clara, dice&nbsp; que es responsabilidad del gobierno federal \u201cdise\u00f1ar pol\u00edticas y programas integrales en materia de planificaci\u00f3n familiar a trav\u00e9s de los servicios p\u00fablicos educativos y de salud p\u00fablica, orientadas a la distribuci\u00f3n racional y estabilizaci\u00f3n del crecimiento de la poblaci\u00f3n, en el marco de los derechos humanos, particularmente de los derechos sexuales y reproductivos de las mujeres\u201d.<\/span><\/p>\n<p><span style=\"font-weight: 400;\">Vargas Becerra explica que a diferencia de las leyes de 1947 y 1974, la nueva legislaci\u00f3n est\u00e1 impregnada por el reconocimiento que se ha dado a nivel global sobre la importancia de las mujeres en la sociedad. \u201cEl contingente de mujeres en el volumen de la poblaci\u00f3n se ha incrementado en los \u00faltimos a\u00f1os, num\u00e9ricamente somos un contingente importante que merece ser considerado y se deben reconocer nuestros derechos en leyes\u201d, afirm\u00f3.<\/span><\/p>\n<p><span style=\"font-weight: 400;\">Si bien la interrupci\u00f3n legal del embarazo, la educaci\u00f3n sexual desde edades tempranas, el acceso a servicios de salud y los m\u00e9todos anticonceptivos ya est\u00e1n considerados en distintos marcos normativos, esta ser\u00e1 la primera ocasi\u00f3n que encuentren nombrados&nbsp; en una ley de poblaci\u00f3n.<\/span><\/p>\n<p><span style=\"font-weight: 400;\">La Comisi\u00f3n Econ\u00f3mica para Am\u00e9rica Latina y el Caribe (Cepal)&nbsp; tiene claro que los servicios de salud sexual y reproductiva son claves para que hombres y mujeres tengan un desarrollo equitativo. Adem\u00e1s, eso podr\u00eda derivar en crecimiento econ\u00f3mico para M\u00e9xico.<\/span><\/p>\n<p><span style=\"font-weight: 400;\">Hace unos d\u00edas&nbsp; -tal como lo public\u00f3 SemM\u00e9xico- Alicia B\u00e1rcena dijo \u201cLas mujeres tienen menos posibilidad de acceder a la educaci\u00f3n y trabajos de calidad cuando no pueden decidir el n\u00famero de hijos que quieren tener ni el espaciamiento de los nacimientos y cuando no hay corresponsabilidad en tareas de cuidado\u201d.<\/span><\/p>\n<p><span style=\"font-weight: 400;\">Seg\u00fan la Encuesta Nacional de Ocupaci\u00f3n y Empleo (ENOE) del Instituto Nacional de Estad\u00edstica y Geograf\u00eda (Inegi), en el primer trimestre de 2021 las mujeres representaban el 38 por ciento&nbsp; de las personas que ten\u00edan un trabajo. De las mexicanas econ\u00f3micamente activas, solo 344 mil 439 ganan un sueldo equivalente a cinco salarios m\u00ednimos, mientras que 830 mil 237 hombres perciben esta misma cantidad.<\/span><\/p>\n<p><b>La nueva Ley y sus desaf\u00edos&nbsp;<\/b><\/p>\n<p><span style=\"font-weight: 400;\">Virgilio Partida, profesor e investigador de la Facultad Latinoamericana de Ciencias Sociales (FLACSO), explica que la Ley General de Poblaci\u00f3n de 1974 antecedi\u00f3 a la Conferencia Mundial de Poblaci\u00f3n de Bucarest del mismo a\u00f1o, donde se pidi\u00f3 a los pa\u00edses reducir la fecundidad para lograr un mejor desarrollo socioecon\u00f3mico.<\/span><\/p>\n<p><span style=\"font-weight: 400;\">Sin embargo, el especialista \u2013 dijo a La Lista- toma como referencia las cifras del Consejo Nacional de Evaluaci\u00f3n de la Pol\u00edtica de Desarrollo Social (Coneval) y rechaza que la meta se haya cumplido. \u201cHan pasado 47 a\u00f1os y todav\u00eda tenemos 20 por ciento&nbsp; (de la poblaci\u00f3n) en pobreza extrema, no les alcanza ni para comer, es decir, no se ha alcanzado el objetivo que se pretend\u00eda completamente\u201d, asevera.<\/span><\/p>\n<p><span style=\"font-weight: 400;\">Seg\u00fan se lee en la minuta que se envi\u00f3 al Senado, para enfrentar estos rezagos en el siglo XXI, la Ley General de Poblaci\u00f3n tambi\u00e9n toma en cuenta las garant\u00edas de la comunidad LGBT+, los adultos mayores, los menores de edad, las comunidades ind\u00edgenas, las personas desplazadas y los adultos mayores.<\/span><\/p>\n<p><span style=\"font-weight: 400;\">Respecto de las personas en situaci\u00f3n de desplazamiento interno dice, por ejemplo, que tienen derecho a todos los programas y servicios p\u00fablicos de los tres niveles de gobierno, a los menores se le debe garantizar el acceso a la educaci\u00f3n, a los adultos mayores y personas con discapacidad accesos a servicios de salud.<\/span><\/p>\n<p><span style=\"font-weight: 400;\">Es posible&nbsp; que la nueva legislaci\u00f3n no se apruebe hasta el&nbsp; pr\u00f3ximo periodo ordinario de sesiones del Congreso de la Uni\u00f3n, &#8211; septiembre pr\u00f3ximo- las diputadas consultadas, las personas que conocen se\u00f1alan&nbsp; que la Ley General de Poblaci\u00f3n debe estar acompa\u00f1ada de otros marcos legales para cumplir su objetivo de acabar con las desigualdades, sobre todo ahora que la pandemia de Covid-19 amenaza con generar retrocesos en el pa\u00eds.<\/span><\/p>\n<p><span style=\"font-weight: 400;\">\u201cLos desaf\u00edos sociodemogr\u00e1ficos han avanzado con una celeridad muy importante y por supuesto estos desaf\u00edos visibilizan la necesidad de accionar\u201d, dice No\u00e9 Valdiviezo, responsable del \u00e1rea de Demograf\u00eda de la oficina en M\u00e9xico del Fondo de Poblaci\u00f3n de las Naciones Unidas. \u201cUn ejemplo es que bajo las vicisitudes del Covid-19 existe un potencial riesgo de perder avances en materia de los derechos de las personas j\u00f3venes, adultos mayores y otros sectores, justo por eso necesitamos acelerar estas acciones\u201d.<\/span><\/p>\n<p><span style=\"font-weight: 400;\">Tambi\u00e9n hay esperanza de que se apruebe finalmente&nbsp; una nueva legislaci\u00f3n poblacional. La ONU&nbsp; advierte que a M\u00e9xico le queda poco tiempo para cumplir con las metas de desarrollo fijadas por la Organizaci\u00f3n de las Naciones Unidas (ONU) para el 2030. Estas est\u00e1n relacionadas, entre otros temas, con consolidar la igualdad de g\u00e9nero, poner fin a la pobreza, reducir las desigualdades y que ninguna persona pase hambre.<\/span><\/p>\n<p><span style=\"font-weight: 400;\">\u201cTodas las instituciones (del gobierno) deber\u00edan tener una injerencia para poder tratar desde su propia tem\u00e1tica algunos de los elementos, las instituciones vinculadas con salud, econom\u00eda, medio ambiente, entre otras instituciones, deber\u00edan estar trabajando conjuntamente\u201d, concluye Valdiviezo Villanueva.<\/span><\/p>\n<p><span style=\"font-weight: 400;\">&#8212;&#8212;&#8212;&#8212;&#8212;&#8212;&#8212;&#8212;&#8212;&#8212;&#8212;&#8212;&#8212;&#8212;&#8212;&#8212;&#8212;&#8212;&#8212;&#8212;&#8212;&#8212;&#8212;&#8212;&#8212;&#8212;&#8212;&#8212;&#8212;&#8212;&#8212;&#8212;&#8212;&#8212;&#8212;&#8212;-<\/span><\/p>\n<p><b>Aprobada por la diputaci\u00f3n, detenida en El Senado<\/b><\/p>\n<p>&nbsp;<\/p>\n<p><span style=\"font-weight: 400;\">En Sesi\u00f3n Ordinaria, las y los diputados aprobaron con 426 votos a favor, uno en contra y 3 abstenciones, el dictamen por el que se expide la Ley General de Poblaci\u00f3n, y abroga la publicada en 1974.&nbsp;<\/span><\/p>\n<ul>\n<li style=\"font-weight: 400;\" aria-level=\"1\"><span style=\"font-weight: 400;\">La ley regula la organizaci\u00f3n y funcionamiento de las instancias competentes en materia de poblaci\u00f3n, registro e identidad de las personas; adem\u00e1s, define las pol\u00edticas de movilidad humana y de interculturalidad para salvaguardar los derechos humanos y sus garant\u00edas.<\/span><\/li>\n<\/ul>\n<p><span style=\"font-weight: 400;\">Estipula que la Secretar\u00eda de Gobernaci\u00f3n establecer\u00e1, administrar\u00e1 y operar\u00e1 el Servicio Nacional de Poblaci\u00f3n, y expedir\u00e1 la C\u00e9dula \u00danica de Identidad Digital.<\/span><\/p>\n<p><span style=\"font-weight: 400;\">El dictamen turnado al Senado de la Rep\u00fablica para sus efectos constitucionales tiene por objeto garantizar el derecho a la identidad, y establece las bases de coordinaci\u00f3n interinstitucional para formular y conducir una pol\u00edtica de poblaci\u00f3n e interculturalidad que atienda las causas y consecuencias de la din\u00e1mica demogr\u00e1fica<\/span><\/p>\n<p><b>Lo discutido&nbsp;<\/b><\/p>\n<p>&nbsp;<\/p>\n<p><span style=\"font-weight: 400;\">Al fundamentar el dictamen, el diputado C\u00e9sar Agust\u00edn Hern\u00e1ndez P\u00e9rez (Morena), indic\u00f3 que la nueva ley busca atender los cambios demogr\u00e1ficos mediante el uso de informaci\u00f3n y estad\u00edsticas sociodemogr\u00e1ficas para prever los efectos del envejecimiento. Y dijo su objetivo, establecer las bases de coordinaci\u00f3n interinstitucional<\/span><\/p>\n<p><span style=\"font-weight: 400;\">En el debate se aval\u00f3 con una propuesta de modificaci\u00f3n planteada por el diputado Rub\u00e9n Cayetano Garc\u00eda (Morena) para adicionar las fracciones V y VI al art\u00edculo 48 y establecer que el Registro Nacional de Poblaci\u00f3n debe contener el n\u00famero del certificado de discapacidad, emitido por la autoridad competente del sector salud, cuando corresponda; y la auto-adscripci\u00f3n como integrante de los pueblos ind\u00edgenas o poblaci\u00f3n afromexicana, en los t\u00e9rminos que establezca el reglamento.<\/span><\/p>\n<p><span style=\"font-weight: 400;\">Esta Ley&nbsp; busca crear la C\u00e9dula \u00danica de Identidad Digital, misma que ser\u00e1 gratuita y expedida por la Secretar\u00eda de Gobernaci\u00f3n.<\/span><\/p>\n<p><span style=\"font-weight: 400;\">Esta C\u00e9dula se constituir\u00e1 en el documento oficial de identificaci\u00f3n ante todas las autoridades mexicanas, ya sea en el pa\u00eds o en el extranjero y ante las personas f\u00edsicas y morales con domicilio en el pa\u00eds, as\u00ed como para todo tipo de tr\u00e1mite o servicio.<\/span><\/p>\n<p><span style=\"font-weight: 400;\">La nueva ley busca regular la operaci\u00f3n del Registro Nacional de Poblaci\u00f3n, y del Servicio Nacional de Identificaci\u00f3n Personal, as\u00ed como la organizaci\u00f3n y funcionamiento de las instancias competentes en materia de poblaci\u00f3n, registro e identidad de las personas.<\/span><\/p>\n<p><span style=\"font-weight: 400;\">Asimismo, har\u00e1 uso de todos los mecanismos a su alcance para contrarrestar el racismo, discriminaci\u00f3n por cualquier causa, segregaci\u00f3n, misoginia, homofobia, la censura a cualquier profesi\u00f3n religiosa, xenofobia y el discurso de odio, por razones de su origen, identidad, religi\u00f3n, g\u00e9nero, discapacidad, problemas de salud, orientaci\u00f3n sexual y todo otro tipo de marginalizaci\u00f3n y exclusi\u00f3n.<\/span><\/p>\n<p><span style=\"font-weight: 400;\">Puntualiza que son principios rectores de esta ley: el enfoque de derechos humanos y su respeto irrestricto; la transversalidad de la pol\u00edtica de poblaci\u00f3n; el federalismo; la transparencia y rendici\u00f3n de cuentas; la perspectiva intercultural.<\/span><\/p>\n<p><span style=\"font-weight: 400;\">Asimismo, la perspectiva de g\u00e9nero y de curso de vida; el desarrollo sostenible; el bienestar social e individual, y la promoci\u00f3n de la participaci\u00f3n de los \u00f3rdenes de gobierno en la pol\u00edtica de poblaci\u00f3n.<\/span><\/p>\n<p><span style=\"font-weight: 400;\">Al fundamentar el dictamen, el diputado C\u00e9sar Agust\u00edn Fern\u00e1ndez P\u00e9rez (Morena) afirm\u00f3 que la legislaci\u00f3n vigente que data de 1974 ha quedado rebasada por desaf\u00edos poblacionales que deben ser atendidos con urgencia.<\/span><\/p>\n<p><span style=\"font-weight: 400;\">\u201cHoy la mayor\u00eda de los art\u00edculos de la Ley General de Poblaci\u00f3n han sido derogados, lo que resulta una norma fragmentada que se aplica sin visi\u00f3n de transversalidad, sin perspectiva de g\u00e9nero y sin estrategia y objetivos claros, dijo.<\/span><\/p>\n<p><span style=\"font-weight: 400;\">Ante ello, el nuevo ordenamiento debe ser piedra angular para definir, implantar y evaluar una pol\u00edtica poblacional moderna que aproveche el bono demogr\u00e1fico y se prepare para los retos que conlleva el paulatino envejecimiento de la poblaci\u00f3n, los avances tecnol\u00f3gicos y los cambios en las relaciones sociales, distribuci\u00f3n y rasgos de la poblaci\u00f3n.<\/span><\/p>\n<p><span style=\"font-weight: 400;\">La nueva ley prev\u00e9&nbsp; integrar un registro de personas en la que se concentre informaci\u00f3n relativa a la identidad de todos los que habitamos M\u00e9xico, que se alimente de informaci\u00f3n actualizada y fidedigna, que se pueda constituir como un insumo para la toma de decisiones y nos coloque en un esquema de protecci\u00f3n de derechos. <\/span><a href=\"https:\/\/twitter.com\/NoticiaCongreso\"><b>@NoticiaCongreso<\/b><\/a><span style=\"font-weight: 400;\">&nbsp;<\/span><\/p>\n<p>&nbsp;<\/p>\n<p><span style=\"font-weight: 400;\">.<\/span><\/p>\n<p><span style=\"font-weight: 400;\">Foto ONU<\/span><\/p>\n<p>&nbsp;<\/p>\n","protected":false},"excerpt":{"rendered":"<p>*Abroga la ley de 1974,&nbsp; aprobada por la C\u00e1mara de Diputados en diciembre 2020 es&nbsp; un avance&nbsp; dicen diputadas&nbsp;<\/p>\n","protected":false},"author":3,"featured_media":38031,"comment_status":"open","ping_status":"open","sticky":false,"template":"","format":"standard","meta":{"_monsterinsights_skip_tracking":false,"footnotes":""},"categories":[692,50,49],"tags":[],"class_list":["post-38030","post","type-post","status-publish","format-standard","has-post-thumbnail","category-692","category-congreso","category-desde"],"_links":{"self":[{"href":"https:\/\/redsemlac.com\/semmexico\/wp-json\/wp\/v2\/posts\/38030","targetHints":{"allow":["GET"]}}],"collection":[{"href":"https:\/\/redsemlac.com\/semmexico\/wp-json\/wp\/v2\/posts"}],"about":[{"href":"https:\/\/redsemlac.com\/semmexico\/wp-json\/wp\/v2\/types\/post"}],"author":[{"embeddable":true,"href":"https:\/\/redsemlac.com\/semmexico\/wp-json\/wp\/v2\/users\/3"}],"replies":[{"embeddable":true,"href":"https:\/\/redsemlac.com\/semmexico\/wp-json\/wp\/v2\/comments?post=38030"}],"version-history":[{"count":0,"href":"https:\/\/redsemlac.com\/semmexico\/wp-json\/wp\/v2\/posts\/38030\/revisions"}],"wp:featuredmedia":[{"embeddable":true,"href":"https:\/\/redsemlac.com\/semmexico\/wp-json\/wp\/v2\/media\/38031"}],"wp:attachment":[{"href":"https:\/\/redsemlac.com\/semmexico\/wp-json\/wp\/v2\/media?parent=38030"}],"wp:term":[{"taxonomy":"category","embeddable":true,"href":"https:\/\/redsemlac.com\/semmexico\/wp-json\/wp\/v2\/categories?post=38030"},{"taxonomy":"post_tag","embeddable":true,"href":"https:\/\/redsemlac.com\/semmexico\/wp-json\/wp\/v2\/tags?post=38030"}],"curies":[{"name":"wp","href":"https:\/\/api.w.org\/{rel}","templated":true}]}}