{"id":3803,"date":"2019-01-31T00:46:09","date_gmt":"2019-01-31T00:46:09","guid":{"rendered":"https:\/\/redsemlac.com\/semmexico\/?p=3803"},"modified":"2023-07-21T14:46:13","modified_gmt":"2023-07-21T19:46:13","slug":"solicitan-intervencion-de-la-direccion-del-partido-hay-una-amenaza-de-muerte","status":"publish","type":"post","link":"https:\/\/redsemlac.com\/semmexico\/solicitan-intervencion-de-la-direccion-del-partido-hay-una-amenaza-de-muerte\/","title":{"rendered":"Solicitan intervenci\u00f3n de la direcci\u00f3n del partido: hay una amenaza de muerte"},"content":{"rendered":"\n<p class=\"wp-block-paragraph\"><a href=\"https:\/\/www.semmexico.com\/gallery-post.php?id=7020#\">Sara Lovera<\/a><\/p>\n\n\n\n<p class=\"wp-block-paragraph\">SemM\u00e9xico. Ciudad de M\u00e9xico. 31 de enero 2019.- Las diputadas locales de Colima, Claudia Aguirre Luna y Jazm\u00edn Garc\u00eda Ram\u00edrez, en entrevista con Semmexico denunciaron un ambiente de&nbsp; violencia pol\u00edtica en el Congreso de Colima, &nbsp;tan grave que atenta contra la paridad y contra la igualdad.<\/p>\n\n\n\n<p class=\"wp-block-paragraph\">Informaron que se van de la bancada morenista en Colima, pero que no se van de su partido. Les proh\u00edben hablar, las han desprestigiado y les impiden estar en las reuniones de grupo parlmentario, peor cuando se declararon independientes.<\/p>\n\n\n\n<p class=\"wp-block-paragraph\">Ya hicieron denuncia formal ante la Fiscal\u00eda Electoral de la entidad; piden la intervenci\u00f3n de Derechos Humanos y de la jefa de Morena Yeidckol Polevnsky Gurwitz, quien se\u00f1alaron como indiferente, por tener v\u00ednculos hist\u00f3ricos con el Partido Revolucionario Institucional, y demerit\u00f3 su denuncia. Tambi\u00e9n han puesto una queja en la Comisi\u00f3n de Derechos Humanos y ahora ante las diputadas federales.<\/p>\n\n\n\n<p class=\"wp-block-paragraph\">En visita a la ciudad de M\u00e9xico, su denuncia p\u00fablica en las instalaciones de San L\u00e1zaro, dijeron que desde el arranque de la legislatura, denominada \u201cDe paridad de g\u00e9nero\u201d, han sido v\u00edctimas de coacci\u00f3n del voto, calumnias, amenazas y presiones.<\/p>\n\n\n\n<p class=\"wp-block-paragraph\">Claudia Aguirre Luna y Jazm\u00edn Garc\u00eda Ram\u00edrez, se\u00f1alaron como al principal hostigador a &nbsp;su coordinador de bancada, Vladimir Parra Barrag\u00e1n, antiguo militante del PRD.<\/p>\n\n\n\n<p class=\"wp-block-paragraph\">Ambas integrantes de la 59 Legislatura de Colima, informaron que hicieron una &nbsp;rueda de prensa en el recinto de San L\u00e1zaro, para convocar a las diputadas federales que intervengan, especialmente a sus compa\u00f1eras de MORENA y explicaron lo que han vivido:<\/p>\n\n\n\n<p class=\"wp-block-paragraph\">\u201cSe nos prohibi\u00f3 hablar con compa\u00f1eros hombres de diferentes partidos, se burlaron de nosotras (\u2026) incluso se nos acallaba a gritos para que los hombres pudieran manifestarse\u201d, expres\u00f3 la diputada del distrito 5, Garc\u00eda Ram\u00edrez.<\/p>\n\n\n\n<p class=\"wp-block-paragraph\">Detall\u00f3 que la violencia que sufrieron y siguen recibiendo, es verbal, psicol\u00f3gica y simb\u00f3lica, la cual provienen de diferentes agentes emisores, ya sea hombres o mujeres, pero de forma particular del diputado Parra Barrag\u00e1n.<\/p>\n\n\n\n<p class=\"wp-block-paragraph\">Por su parte la legisladora del distrito 1, Aguirre Luna, inform\u00f3 que por esa &nbsp;situaci\u00f3n ambas &nbsp;renunciaron &nbsp;a la bancada, pero debido a la intervenci\u00f3n del presidente local de su partido, Sergio Jim\u00e9nez Bajardo y la diputada federal, Claudia Y\u00e1\u00f1ez Centeno, decidieron regresar, lo que caus\u00f3 molestia al coordinador, quien sigui\u00f3 ejerciendo violencia pol\u00edtica, a pesar de que sin los votos de las legisladoras, la coalici\u00f3n Morena-PT pierde la mayor\u00eda absoluta.<\/p>\n\n\n\n<p class=\"wp-block-paragraph\">\u201cLo \u00fanico que hemos recibido (tras reincorporarnos) es su rechazo, discriminaci\u00f3n y castigo. Y por si fuera poco, propiciando m\u00e1s amenazas (\u2026) y que debemos pedir una disculpa p\u00fablica ante el coordinador de la bancada de Morena y de la sociedad. Asimismo votar a favor, sin previo an\u00e1lisis t\u00e9cnico, ante cualquier iniciativa que se presente en el congreso\u201d, denunci\u00f3 Aguirre Luna.<\/p>\n\n\n\n<p class=\"wp-block-paragraph\">Inform\u00f3 que el pasado 16 de enero, presentaron y una denuncia ante la Comisi\u00f3n Estatal de Derechos Humanos y otra ante la Fiscal\u00eda General de Colima, adem\u00e1s la diputada federal, Lorena Villavicencio Ayala, indic\u00f3 que solicitar\u00e1n al Instituto Nacional Electoral (INE), un juicio de procedencia de derechos pol\u00edticos.<\/p>\n\n\n\n<p class=\"wp-block-paragraph\">Jazm\u00edn Garc\u00eda narr\u00f3 que fue \u201cacusada de peculado, de malos manejos de dinero p\u00fablico y otros tantos delitos que la ley se\u00f1ala graves, pero que hasta el d\u00eda de hoy ninguno fue acreditado. El objetivo era claro, denostar y quitar el poder, desacreditar mis actividades\u201d, report\u00f3 el medio Estaci\u00f3n Pac\u00edfico.<\/p>\n\n\n\n<p class=\"wp-block-paragraph\">La legisladora tambi\u00e9n denunci\u00f3 &nbsp;que les imputaron mantener &nbsp;reuniones secretas, cuando eran reuniones en las oficinas del Congreso para trabajo legislativo, incluso se nos callaba a gritos, insisti\u00f3. Mientras hostigaban a un legislador independiente.<\/p>\n\n\n\n<p class=\"wp-block-paragraph\">Aguirre se\u00f1al\u00f3 al diputado Vladimir Parra como \u201cel principal agresor\u201d, y dijo que derivado de esos ataques decidi\u00f3 presentar la renuncia a la fracci\u00f3n, no al partido ni a la militancia de Morena.<\/p>\n\n\n\n<p class=\"wp-block-paragraph\">Mencion\u00f3 que el pasado 16 de enero se present\u00f3 una denuncia en la Comisi\u00f3n de Derechos Humanos y ante la Fiscal\u00eda General de Colima contra quien resulte responsable, \u201cpor la violencia pol\u00edtica que hemos sufrido mi compa\u00f1era y una servidora\u201d.<\/p>\n\n\n\n<p class=\"wp-block-paragraph\">Inform\u00f3 que las diputadas federales que las acompa\u00f1aron manifestaron reprobar &nbsp;cualquier tipo de violencia hacia la mujer. Y se\u00f1alaron que se est\u00e1 viviendo &nbsp;en Colima &nbsp;actuaciones reprobables hacia \u201cnuestras compa\u00f1eras y su libertad en el actuar pol\u00edtico, sumado a la terrible realidad violenta que viven nuestras ciudadanas, no permitamos que cualquier manifestaci\u00f3n de violencia hacia la mujer se vea como normal. Siempre tendr\u00e1n mi respaldo y apoyo, toda mujer que sea violentada en cualquiera de sus formas\u201d, como dijo Lorena Villavicencio, diputada federal de MORENA.<\/p>\n\n\n\n<p class=\"wp-block-paragraph\"><strong>ANTECEDENTE<\/strong><\/p>\n\n\n\n<p class=\"wp-block-paragraph\">En Colima, el diputado local independiente Luis Fernando Escamilla Velazco acudi\u00f3 a la Fiscal\u00eda General del Estado, donde present\u00f3 una denuncia por una serie de amenazas de muerte que dijo haber recibido del 17 de enero, hasta la fecha.<\/p>\n\n\n\n<p class=\"wp-block-paragraph\">Escamilla Velazco lleg\u00f3 a la legislatura postulado por el Partido del Trabajo dentro de la coalici\u00f3n \u201cJuntos haremos historia\u201d, pero el pasado 12 de enero anunci\u00f3 su salida de la fracci\u00f3n y, junto con las diputadas Jazm\u00edn Garc\u00eda Ram\u00edrez y Claudia Gabriela Aguirre Luna \u2014quienes a su vez se separaron de la fracci\u00f3n de Morena, conform\u00f3 la fracci\u00f3n independiente \u201cMovimiento Regeneraci\u00f3n Colima\u201d.<\/p>\n\n\n\n<p class=\"wp-block-paragraph\">Clasificada bajo el expediente NSJP\/COL\/CI\/INV4\/92\/2019, la denuncia penal interpuesta por el legislador establece que el 17 de enero alrededor de las 20:00 horas se dirigi\u00f3 al estacionamiento interno del Congreso del Estado acompa\u00f1ado de dos personas y encontr\u00f3 sobre su veh\u00edculo una nota con el siguiente texto: \u201cRenuncia o vamos a ir por ti y por los tuyos\u201d.<\/p>\n\n\n\n<p class=\"wp-block-paragraph\">Es en este contexto que las diputadas de MORENA,&nbsp; vivieron esta situaci\u00f3n de hostigamiento que narraron. Escamilla dej\u00f3 dicho en su denuncia que el d\u00eda 19 de enero, mientras circulaba en su autom\u00f3vil en la ciudad de Colima recibi\u00f3 otra llamada con la expresi\u00f3n \u201cRecuerda que tienes familia\u201d, en tanto que un d\u00eda despu\u00e9s en Manzanillo despu\u00e9s de visitar a su madre encontr\u00f3 en su autom\u00f3vil otra nota: \u201cMira, hijo de la chingada, lo vamos a encontrar\u201d, el d\u00eda 21 en otra llamada le fue reprochado:<\/p>\n\n\n\n<p class=\"wp-block-paragraph\">El legislador declar\u00f3 tambi\u00e9n que despu\u00e9s de recibir las primeras amenazas cancel\u00f3 su n\u00famero de tel\u00e9fono celular y adquiri\u00f3 uno nuevo, pero de igual manera continu\u00f3 recibiendo amenazas en su nuevo n\u00famero. Ante el Ministerio P\u00fablico, el diputado refiri\u00f3 que tiene el temor fundado de que le puedan ocasionar a \u00e9l, a alg\u00fan familiar o a sus propiedades.<\/p>\n\n\n\n<p class=\"wp-block-paragraph\"><strong>OTRO CASO EN MORENA<\/strong><\/p>\n\n\n\n<p class=\"wp-block-paragraph\">El pasado 25 de enero, Morena suspendi\u00f3 por seis meses los derechos pol\u00edticos del&nbsp; delegado en San Luis Potos\u00ed, Gabino Morales Mendoza, al acreditar que cometi\u00f3 violencia pol\u00edtica en raz\u00f3n de g\u00e9nero contra una militante.<\/p>\n\n\n\n<p class=\"wp-block-paragraph\">La denunciante, Martha Lisset Garc\u00eda, se\u00f1al\u00f3 que en septiembre de 2018, Morales Mendoza us\u00f3 \u201clenguaje sexista y machista en su contra\u201d, y actu\u00f3 sin formalidad en la comunicaci\u00f3n de su destituci\u00f3n como enlace Federal del VI Distrito en San Luis Potos\u00ed, \u201csin motivo alguno\u201d.<\/p>\n\n\n\n<p class=\"wp-block-paragraph\">La Comisi\u00f3n Nacional de Honestidad y Justicia (CNHJ) de Morena inform\u00f3 que se tiene conocimiento \u201cde la existencia de la reincidencia por parte de Gabino Morales Mendoza en actos constitutivos de violencia pol\u00edtica de g\u00e9nero\u201d.<br><\/p>\n","protected":false},"excerpt":{"rendered":"<p>Sara Lovera SemM\u00e9xico. Ciudad de M\u00e9xico. 31 de enero 2019.- Las diputadas locales de Colima, Claudia Aguirre Luna y Jazm\u00edn Garc\u00eda Ram\u00edrez, en entrevista con Semmexico denunciaron un ambiente de&nbsp; violencia pol\u00edtica en el Congreso de Colima, &nbsp;tan grave que atenta contra la paridad y contra la igualdad. Informaron que se van de la bancada [&hellip;]<\/p>\n","protected":false},"author":3,"featured_media":3804,"comment_status":"open","ping_status":"open","sticky":false,"template":"","format":"standard","meta":{"_monsterinsights_skip_tracking":false,"footnotes":""},"categories":[690,50,69],"tags":[],"class_list":["post-3803","post","type-post","status-publish","format-standard","has-post-thumbnail","category-690","category-congreso","category-sara-lovera"],"_links":{"self":[{"href":"https:\/\/redsemlac.com\/semmexico\/wp-json\/wp\/v2\/posts\/3803","targetHints":{"allow":["GET"]}}],"collection":[{"href":"https:\/\/redsemlac.com\/semmexico\/wp-json\/wp\/v2\/posts"}],"about":[{"href":"https:\/\/redsemlac.com\/semmexico\/wp-json\/wp\/v2\/types\/post"}],"author":[{"embeddable":true,"href":"https:\/\/redsemlac.com\/semmexico\/wp-json\/wp\/v2\/users\/3"}],"replies":[{"embeddable":true,"href":"https:\/\/redsemlac.com\/semmexico\/wp-json\/wp\/v2\/comments?post=3803"}],"version-history":[{"count":0,"href":"https:\/\/redsemlac.com\/semmexico\/wp-json\/wp\/v2\/posts\/3803\/revisions"}],"wp:featuredmedia":[{"embeddable":true,"href":"https:\/\/redsemlac.com\/semmexico\/wp-json\/wp\/v2\/media\/3804"}],"wp:attachment":[{"href":"https:\/\/redsemlac.com\/semmexico\/wp-json\/wp\/v2\/media?parent=3803"}],"wp:term":[{"taxonomy":"category","embeddable":true,"href":"https:\/\/redsemlac.com\/semmexico\/wp-json\/wp\/v2\/categories?post=3803"},{"taxonomy":"post_tag","embeddable":true,"href":"https:\/\/redsemlac.com\/semmexico\/wp-json\/wp\/v2\/tags?post=3803"}],"curies":[{"name":"wp","href":"https:\/\/api.w.org\/{rel}","templated":true}]}}