{"id":38003,"date":"2021-07-10T11:56:20","date_gmt":"2021-07-10T17:56:20","guid":{"rendered":"https:\/\/redsemlac.com\/semmexico\/?p=38003"},"modified":"2023-07-21T17:04:06","modified_gmt":"2023-07-21T22:04:06","slug":"desde-la-mano-izquierda-es-la-misoginia","status":"publish","type":"post","link":"https:\/\/redsemlac.com\/semmexico\/desde-la-mano-izquierda-es-la-misoginia\/","title":{"rendered":"Desde la mano izquierda: Es la misoginia\u2026"},"content":{"rendered":"<p><span style=\"font-weight: 400;\">Por: Claudia Almaguer<\/span><\/p>\n<p><!--more--><\/p>\n<p><span style=\"font-weight: 400;\">SemM\u00e9xico, San Luis Potos\u00ed, SLP, 10 de julio, 2021.- En las \u00faltimas semanas los datos de la incidencia delictiva del Secretariado Ejecutivo del Sistema Nacional de Seguridad P\u00fablica para el estado de San Luis Potos\u00ed, en el tema de las pr\u00e1cticas de violencia sancionadas por el c\u00f3digo penal, han sido objeto de varias interpretaciones, entre ellas dos destacan y se contraponen: una habla de la violencia \u201cintrafamiliar\u201d apuntando a que su din\u00e1mica es un todos contra todos debido a la gente que no sabe convivir y otra que insiste en denunciar que en esas estructuras habita un abuso de poder donde las mujeres son las primeras v\u00edctimas debido al machismo y la misoginia.<\/span><\/p>\n<p><span style=\"font-weight: 400;\">Vamos a revisar las cifras: En 2015 se iniciaron 2294 indagatorias por violencia familiar, en 2016 fueron 3930, 2017 culmin\u00f3 con 5723, para 2018 hubo 6048 y en 2019 el n\u00famero aument\u00f3 a 8233.<\/span><\/p>\n<p><span style=\"font-weight: 400;\">A pesar de que este delito se tipific\u00f3 desde 1998 apenas consigui\u00f3 visibilizarse en la incidencia delictiva en los \u00faltimos siete a\u00f1os y todav\u00eda no se disgrega por sexo. Sin embargo, al menos en esta entidad quienes hemos estudiado la violencia tenemos claro desde hace por lo menos una d\u00e9cada, adem\u00e1s del aumento de las denuncias, la diferencia sexual que caracteriza al perfil de sus sujetos: Las v\u00edctimas suelen ser mujeres y los agresores, varones sus parejas.<\/span><\/p>\n<p><span style=\"font-weight: 400;\">Podr\u00edamos comentar al respecto que hasta antes de 2007 cuando se comenz\u00f3 a hablar de la perspectiva de g\u00e9nero como visi\u00f3n cient\u00edfica y pol\u00edtica desde la ley, la autoridad conoc\u00eda de la violencia familiar mediante el inicio de una averiguaci\u00f3n previa, pero tambi\u00e9n por medio de otros formatos por entonces permitidos como las actas, los conocimientos de hechos y las conciliaciones que no s\u00f3lo pod\u00eda actuar el Ministerio P\u00fablico sino otras instituciones como los DIF desde sus \u00e1reas jur\u00eddicas.<\/span><\/p>\n<p><span style=\"font-weight: 400;\">Es curioso como los prejuicios colectivos contribuyeron a creer que la creaci\u00f3n del delito era para proteger a \u201cla familia\u201d, nunca fue tal, se trataba mejor dicho y as\u00ed est\u00e1 descrito en la exposici\u00f3n de motivos, de proteger a sus integrantes. Pero en aquel momento, segu\u00eda siendo un asunto privado, preferible el arreglo en pro de una visi\u00f3n de la familia tradicional que deb\u00eda seguir unida, aunque ello potenciara el abuso y la mujer continuara recibiendo palizas a cada tanto, no es broma afirmar que m\u00e1s de una mujer fue asesinada debido a estereotipos como los aqu\u00ed descritos.<\/span><\/p>\n<p><span style=\"font-weight: 400;\">Pero si en la sociedad actual se sigue creyendo que el poder dentro de las familias se reparte por igual, si la violencia en sus entra\u00f1as se imagina como una discusi\u00f3n de sobremesa, eso no puede significar m\u00e1s que desconocimiento o persistencia de los mismos falsos prejuicios que nos arrastran desde aqu\u00ed hasta la agresi\u00f3n feminicida.<\/span><\/p>\n<p><span style=\"font-weight: 400;\">Y mire, es lo habitual que, con cada cambio de gobierno, (finalmente presidido por otro hombre) se escuche que nadie hizo nada, que todo fue mal que no se atendi\u00f3 a las personas adecuadas porque hay quien s\u00ed tiene el secreto que nos quitar\u00e1 de encima el fen\u00f3meno de la violencia contra las mujeres y har\u00e1 de San Luis la entidad m\u00e1s igualitaria. Nada da para tanto, cada gobierno ha hecho una porci\u00f3n de cambios siempre objetables, con alguna buena voluntad, pero en su conjunto ninguno ha conseguido resolver este problema que se empeora a la par que nuestra sociedad se complejiza y persiste en los mismos estereotipos.<\/span><\/p>\n<p><span style=\"font-weight: 400;\">Contribuyo a la puesta de los pies sobre la tierra: En San Luis Potos\u00ed todav\u00eda hay mujeres v\u00edctimas de violencia que no se van de sus casas porque creen que las van a denunciar por abandono de hogar. A ese bulo no lo ha tirado ninguna pol\u00edtica p\u00fablica, pues esa es nuestra medida.<\/span><\/p>\n<p><span style=\"font-weight: 400;\">Eso s\u00ed, lo ocurrido durante el 2020 no ha terminado de darse a conocer, si el a\u00f1o cerr\u00f3 con 7781 carpetas por violencia familiar eso significa que las medidas sanitarias apenas incidieron en una leve disminuci\u00f3n, con menores restricciones, hasta mayo de este 2021 van 3871 y lo m\u00e1s probable es que el incremento contin\u00fae.<\/span><\/p>\n<p><span style=\"font-weight: 400;\">Justo por eso dudar de ello, invisibilizar la necesidad de aplicar perspectiva de g\u00e9nero en el an\u00e1lisis de este problema, o pretender hacerlo pasar de poca cosa, adem\u00e1s de agravarlo es una burla para las v\u00edctimas, mujeres sujetas a toda una categor\u00eda de creencias que calan hondo al momento de decidir terminar con una relaci\u00f3n violenta. Y de alg\u00fan modo tambi\u00e9n es ofensivo para quienes continuamos trabajando con ellas a lo largo de la pandemia, enfrentando un cotidiano de incertidumbres, perdiendo la salud, mirando de cerca una violencia aplicada cada vez con mayor sa\u00f1a. Si la necedad cuesta vidas, debemos convencernos: es la misoginia. A m\u00e1s ver<\/span><\/p>\n<p>&nbsp;<\/p>\n","protected":false},"excerpt":{"rendered":"<p>Por: Claudia Almaguer<\/p>\n","protected":false},"author":3,"featured_media":36870,"comment_status":"open","ping_status":"open","sticky":false,"template":"","format":"standard","meta":{"_monsterinsights_skip_tracking":false,"footnotes":""},"categories":[692,131],"tags":[],"class_list":["post-38003","post","type-post","status-publish","format-standard","has-post-thumbnail","category-692","category-claudia-almaguer"],"_links":{"self":[{"href":"https:\/\/redsemlac.com\/semmexico\/wp-json\/wp\/v2\/posts\/38003","targetHints":{"allow":["GET"]}}],"collection":[{"href":"https:\/\/redsemlac.com\/semmexico\/wp-json\/wp\/v2\/posts"}],"about":[{"href":"https:\/\/redsemlac.com\/semmexico\/wp-json\/wp\/v2\/types\/post"}],"author":[{"embeddable":true,"href":"https:\/\/redsemlac.com\/semmexico\/wp-json\/wp\/v2\/users\/3"}],"replies":[{"embeddable":true,"href":"https:\/\/redsemlac.com\/semmexico\/wp-json\/wp\/v2\/comments?post=38003"}],"version-history":[{"count":0,"href":"https:\/\/redsemlac.com\/semmexico\/wp-json\/wp\/v2\/posts\/38003\/revisions"}],"wp:featuredmedia":[{"embeddable":true,"href":"https:\/\/redsemlac.com\/semmexico\/wp-json\/wp\/v2\/media\/36870"}],"wp:attachment":[{"href":"https:\/\/redsemlac.com\/semmexico\/wp-json\/wp\/v2\/media?parent=38003"}],"wp:term":[{"taxonomy":"category","embeddable":true,"href":"https:\/\/redsemlac.com\/semmexico\/wp-json\/wp\/v2\/categories?post=38003"},{"taxonomy":"post_tag","embeddable":true,"href":"https:\/\/redsemlac.com\/semmexico\/wp-json\/wp\/v2\/tags?post=38003"}],"curies":[{"name":"wp","href":"https:\/\/api.w.org\/{rel}","templated":true}]}}