{"id":3800,"date":"2019-01-31T00:43:54","date_gmt":"2019-01-31T00:43:54","guid":{"rendered":"https:\/\/redsemlac.com\/semmexico\/?p=3800"},"modified":"2023-07-21T14:46:13","modified_gmt":"2023-07-21T19:46:13","slug":"pidio-a-la-diputacion-que-el-feminicidio-no-se-baje-del-listado-de-delitos-graves","status":"publish","type":"post","link":"https:\/\/redsemlac.com\/semmexico\/pidio-a-la-diputacion-que-el-feminicidio-no-se-baje-del-listado-de-delitos-graves\/","title":{"rendered":"Pidi\u00f3 a la Diputaci\u00f3n que el feminicidio \u201cno se baje\u201d del listado de delitos graves."},"content":{"rendered":"\n<p class=\"wp-block-paragraph\">SemM\u00e9xico, Cd. de M\u00e9xico, 31 enero 2019.- Tras reconocer que M\u00e9xico es un pa\u00eds de desigualdades en casi todos los terrenos, es fundamental contar con una agenda progresista que debe tener como columna vertebral el tema de la igualdad entre hombres y mujeres, asegur\u00f3 el senador Mart\u00ed Batres Guadarrama, al inaugurar las Audiencias P\u00fablicas para integrar la Agenda Legislativa de los Derechos Humanos de las Ni\u00f1as y Mujeres, en el Senado de la Rep\u00fablica.<\/p>\n\n\n\n<p class=\"wp-block-paragraph\">Destac\u00f3 que en el terreno de las pol\u00edticas p\u00fablicas corresponder\u00e1 a los gobiernos de los tres niveles impulsar agendas de igualdad de g\u00e9nero a trav\u00e9s de pol\u00edticas espec\u00edficas, y en este sentido el gran pendiente, que constituye una verdadera tragedia son los feminicidios que en los a\u00f1os pasados han repuntado en el pa\u00eds y no se advierte una curva de descenso, dijo al advertir que esta situaci\u00f3n \u201ccr\u00edtica\u2026debe prender los focos rojos\u201d.<\/p>\n\n\n\n<p class=\"wp-block-paragraph\">Batres Guadarrama llam\u00f3 a la C\u00e1mara de Diputados para que no se baje del listado de delitos graves el feminicidio, y que el Senado agreg\u00f3 a la lista de delitos graves se\u00f1alados por el Ejecutivo como el robo de combustible, el fraude electoral y la corrupci\u00f3n. Asimismo, solicito a la C\u00e1mara Baja estar atentos a las demandas de la sociedad.&nbsp;<\/p>\n\n\n\n<p class=\"wp-block-paragraph\">El presidente de la mesa directiva del Senado celebr\u00f3 que la realizaci\u00f3n de las audiencias p\u00fablicas, a partir de la iniciativa de la senadora Martha Luc\u00eda M\u00edcher Camarena y de otras legisladoras de diversos grupos parlamentarios, que tienen ver con la idea del Parlamento Abierto, en el que las agendas no se hacen solamente de arriba para abajo, sino se construyen tambi\u00e9n de abajo hacia arriba, se nutren de la sociedad.<\/p>\n\n\n\n<p class=\"wp-block-paragraph\">\u201cDecidir dentro de cuatro paredes, lo que se considera que es lo mejor para el pa\u00eds, sin escuchar a la sociedad, conduce muchas veces a cometer errores, por lo que es importante o\u00edr antes de decidir, ayudan a tomar las mejores decisiones y enriquecer la agenda, en este caso la Agenda Legislativa sobre la igualdad entre mujeres y hombres.<\/p>\n\n\n\n<p class=\"wp-block-paragraph\">El senador Mart\u00ed Batres hizo un recuento de las iniciativas presentadas para lograr la igualdad de hombre y mujeres, para lograr la paridad, como la iniciativa que present\u00f3 la senadora Kenia L\u00f3pez Rabad\u00e1n, para la paridad entre mujeres y hombres en todos los \u00f3rganos del Estado. Cit\u00f3 tambi\u00e9n la iniciativa que present\u00f3 el senador Ricardo Monreal \u00c1vila para la paridad en el Poder Judicial, y la propuesta legislativa de la senadora Micher para la paridad en los tres Poderes de la Uni\u00f3n, en los tres niveles de gobierno y en los \u00f3rganos aut\u00f3nomos.<\/p>\n\n\n\n<p class=\"wp-block-paragraph\">El senador Batres Guadarrama present\u00f3 una iniciativa para cambiar el lenguaje que est\u00e1 en el art\u00edculo 4\u00b0 de la Constituci\u00f3n, donde se habla de la igualdad entre el var\u00f3n y la mujer, que es una contradicci\u00f3n cuando hablamos del var\u00f3n y no del hombre, le estamos agregando un valor adicional a este g\u00e9nero.&nbsp;<\/p>\n\n\n\n<p class=\"wp-block-paragraph\">\u201cTenemos que llevarlo a la Constituci\u00f3n, para que no dependa solo de los principios que tengan determinados gobernantes, sino que sea una obligaci\u00f3n, para que esto sea un legado que se deje en estos seis a\u00f1os\u201d.<\/p>\n\n\n\n<p class=\"wp-block-paragraph\">Se refiri\u00f3, asimismo, al planteamiento de poder incidir en el pa\u00eds, en todos los niveles de gobierno federal, estatal y municipal, a partir de la legislaci\u00f3n general de acceso de las mujeres a una vida libre de violencia.<\/p>\n\n\n\n<p class=\"wp-block-paragraph\">Destac\u00f3 otros trabajos legislativos que tienen implicaciones sociales importantes y son un soporte para poder acudir a una verdadera divisi\u00f3n del trabajo entre mujeres y hombres, equitativa e igualitaria. Entre ellas cit\u00f3 las iniciativas presentadas sobre las guarder\u00edas, por la senadora Nadia Navarro, y la iniciativa relacionada con las obligaciones de los hombres con sus hijas e hijos reci\u00e9n nacidos, presentada por el senador Miguel \u00c1ngel Mancera.&nbsp;<\/p>\n\n\n\n<p class=\"wp-block-paragraph\">Ahora se habla de varios \u00f3rdenes jur\u00eddicos. Este es un debate interesante al interior de la Suprema Corte de Justicia. Antes hab\u00eda dos \u00f3rdenes, el federal y el local. Despu\u00e9s se extendi\u00f3 a federal, local, municipal y ahora hay un orden general tambi\u00e9n.<\/p>\n\n\n\n<p class=\"wp-block-paragraph\">El legislador hizo hincapi\u00e9 que vienen todo un tema de nuevos derechos sociales relacionados con los llamados cuidados, que ya est\u00e1 en la Constituci\u00f3n de la Ciudad de M\u00e9xico que al parecer es la \u00fanica Constituci\u00f3n del pa\u00eds que tiene un apartado sobre los cuidados como parte de los derechos.&nbsp;<\/p>\n\n\n\n<p class=\"wp-block-paragraph\">Las Audiencias P\u00fablicas que iniciaron el d\u00eda de hoy en el Senado de la Rep\u00fablica para integrar la Agenda Legislativa de los Derechos Humanos de las Ni\u00f1as y Mujeres, cuenta con la participaci\u00f3n de acad\u00e9micas y acad\u00e9micos, abogados, feministas y familiares de las v\u00edctimas que quieren que se escuche su voz, como la se\u00f1ora Araceli Osorio, mam\u00e1 de Lesvy, joven asesinada por su novio en las instalaciones de la UNA<\/p>\n\n\n\n<hr class=\"wp-block-separator\"\/>\n","protected":false},"excerpt":{"rendered":"<p>SemM\u00e9xico, Cd. de M\u00e9xico, 31 enero 2019.- Tras reconocer que M\u00e9xico es un pa\u00eds de desigualdades en casi todos los terrenos, es fundamental contar con una agenda progresista que debe tener como columna vertebral el tema de la igualdad entre hombres y mujeres, asegur\u00f3 el senador Mart\u00ed Batres Guadarrama, al inaugurar las Audiencias P\u00fablicas para [&hellip;]<\/p>\n","protected":false},"author":3,"featured_media":3801,"comment_status":"open","ping_status":"open","sticky":false,"template":"","format":"standard","meta":{"_monsterinsights_skip_tracking":false,"footnotes":""},"categories":[690,50],"tags":[],"class_list":["post-3800","post","type-post","status-publish","format-standard","has-post-thumbnail","category-690","category-congreso"],"_links":{"self":[{"href":"https:\/\/redsemlac.com\/semmexico\/wp-json\/wp\/v2\/posts\/3800","targetHints":{"allow":["GET"]}}],"collection":[{"href":"https:\/\/redsemlac.com\/semmexico\/wp-json\/wp\/v2\/posts"}],"about":[{"href":"https:\/\/redsemlac.com\/semmexico\/wp-json\/wp\/v2\/types\/post"}],"author":[{"embeddable":true,"href":"https:\/\/redsemlac.com\/semmexico\/wp-json\/wp\/v2\/users\/3"}],"replies":[{"embeddable":true,"href":"https:\/\/redsemlac.com\/semmexico\/wp-json\/wp\/v2\/comments?post=3800"}],"version-history":[{"count":0,"href":"https:\/\/redsemlac.com\/semmexico\/wp-json\/wp\/v2\/posts\/3800\/revisions"}],"wp:featuredmedia":[{"embeddable":true,"href":"https:\/\/redsemlac.com\/semmexico\/wp-json\/wp\/v2\/media\/3801"}],"wp:attachment":[{"href":"https:\/\/redsemlac.com\/semmexico\/wp-json\/wp\/v2\/media?parent=3800"}],"wp:term":[{"taxonomy":"category","embeddable":true,"href":"https:\/\/redsemlac.com\/semmexico\/wp-json\/wp\/v2\/categories?post=3800"},{"taxonomy":"post_tag","embeddable":true,"href":"https:\/\/redsemlac.com\/semmexico\/wp-json\/wp\/v2\/tags?post=3800"}],"curies":[{"name":"wp","href":"https:\/\/api.w.org\/{rel}","templated":true}]}}