{"id":37984,"date":"2021-07-10T10:06:17","date_gmt":"2021-07-10T16:06:17","guid":{"rendered":"https:\/\/redsemlac.com\/semmexico\/?p=37984"},"modified":"2023-07-21T17:04:06","modified_gmt":"2023-07-21T22:04:06","slug":"captura-fge-a-probable-responsable-de-triple-feminicidio-en-tapachula","status":"publish","type":"post","link":"https:\/\/redsemlac.com\/semmexico\/captura-fge-a-probable-responsable-de-triple-feminicidio-en-tapachula\/","title":{"rendered":"Captura FGE a probable responsable de triple feminicidio en Tapachula"},"content":{"rendered":"<p><span style=\"font-weight: 400;\">*Se\u00f1alado de los hechos del 6 de julio cuando aparecieron asesinadas dos mujeres y una menor<\/span><\/p>\n<p><!--more--><\/p>\n<p><span style=\"font-weight: 400;\">Se apegaron a los protocolos de actuaci\u00f3n con Perspectiva de G\u00e9nero<\/span><\/p>\n<p><span style=\"font-weight: 400;\">Candelaria Rodr\u00edguez<\/span><\/p>\n<p><span style=\"font-weight: 400;\">SemM\u00e9xico, Tuxtla Guti\u00e9rrez, Chiapas, 10 de julio, 2021.-.- La Fiscal\u00eda General del Estado (FGE) a trav\u00e9s de la Fiscal\u00eda Contra Homicidio y Feminicidio en coordinaci\u00f3n con la Fiscal\u00eda de Distrito Fronterizo Costa, cumpliment\u00f3 orden de aprehensi\u00f3n en contra de un hombre, como probable responsable del delito de Feminicidio en agravio de tres mujeres entre ellas una menor de edad, hechos ocurridos en el municipio de Tapachula.&nbsp;<\/span><\/p>\n<p><span style=\"font-weight: 400;\">En apego al Protocolo de Actuaci\u00f3n con Perspectiva de G\u00e9nero y en apego al protocolo de Feminicidio en el estado de Chiapas y como resultado de los trabajos de investigaci\u00f3n, elementos de la Polic\u00eda Especializada, adscritos a la Fiscal\u00eda Contra Homicidio y Feminicidio y la Fiscal\u00eda de Distrito Fronterizo Costa, lograron la captura de Ram\u00f3n Eliazar \u00abN\u00bb, probable responsable del triple Feminicidio.&nbsp;<\/span><\/p>\n<p><span style=\"font-weight: 400;\">De acuerdo a la carpeta de investigaci\u00f3n, el pasado 6 de julio pasado en la Colonia Nuevo Milenio, del municipio de Tapachula, se encontraron los cuerpos sin vida de quienes fueron identificadas con el nombre de: Damaris \u201cN\u201d, de 27 a\u00f1os de edad; Deysi \u201cN\u201d de 35 a\u00f1os y una menor de identidad protegida de nueve a\u00f1os de edad, todas de origen mexicano.&nbsp;<\/span><\/p>\n<p><span style=\"font-weight: 400;\">El imputado fue puesto a disposici\u00f3n del Juez de la Causa, quien definir\u00e1 su situaci\u00f3n jur\u00eddica en las pr\u00f3ximas horas.&nbsp;<\/span><\/p>\n<p><span style=\"font-weight: 400;\">La Fiscal\u00eda General del Estado, refrenda su compromiso de cero tolerancia a la violencia contra las mujeres y las ni\u00f1as, actuando en atenci\u00f3n y estricto apego al debido proceso.<\/span><\/p>\n","protected":false},"excerpt":{"rendered":"<p>*Se\u00f1alado de los hechos del 6 de julio cuando aparecieron asesinadas dos mujeres y una menor<\/p>\n","protected":false},"author":3,"featured_media":37986,"comment_status":"open","ping_status":"open","sticky":false,"template":"","format":"standard","meta":{"_monsterinsights_skip_tracking":false,"footnotes":""},"categories":[692,1],"tags":[],"class_list":["post-37984","post","type-post","status-publish","format-standard","has-post-thumbnail","category-692","category-uncategorized"],"_links":{"self":[{"href":"https:\/\/redsemlac.com\/semmexico\/wp-json\/wp\/v2\/posts\/37984","targetHints":{"allow":["GET"]}}],"collection":[{"href":"https:\/\/redsemlac.com\/semmexico\/wp-json\/wp\/v2\/posts"}],"about":[{"href":"https:\/\/redsemlac.com\/semmexico\/wp-json\/wp\/v2\/types\/post"}],"author":[{"embeddable":true,"href":"https:\/\/redsemlac.com\/semmexico\/wp-json\/wp\/v2\/users\/3"}],"replies":[{"embeddable":true,"href":"https:\/\/redsemlac.com\/semmexico\/wp-json\/wp\/v2\/comments?post=37984"}],"version-history":[{"count":0,"href":"https:\/\/redsemlac.com\/semmexico\/wp-json\/wp\/v2\/posts\/37984\/revisions"}],"wp:featuredmedia":[{"embeddable":true,"href":"https:\/\/redsemlac.com\/semmexico\/wp-json\/wp\/v2\/media\/37986"}],"wp:attachment":[{"href":"https:\/\/redsemlac.com\/semmexico\/wp-json\/wp\/v2\/media?parent=37984"}],"wp:term":[{"taxonomy":"category","embeddable":true,"href":"https:\/\/redsemlac.com\/semmexico\/wp-json\/wp\/v2\/categories?post=37984"},{"taxonomy":"post_tag","embeddable":true,"href":"https:\/\/redsemlac.com\/semmexico\/wp-json\/wp\/v2\/tags?post=37984"}],"curies":[{"name":"wp","href":"https:\/\/api.w.org\/{rel}","templated":true}]}}