{"id":37981,"date":"2021-07-10T08:35:35","date_gmt":"2021-07-10T14:35:35","guid":{"rendered":"https:\/\/redsemlac.com\/semmexico\/?p=37981"},"modified":"2023-07-21T17:04:06","modified_gmt":"2023-07-21T22:04:06","slug":"juez-da-reves-a-la-eliminacion-de-amlo-a-apoyos-economicos-para-la-academia-y-quienes-ahi-trabajan-en-instituciones-privadas","status":"publish","type":"post","link":"https:\/\/redsemlac.com\/semmexico\/juez-da-reves-a-la-eliminacion-de-amlo-a-apoyos-economicos-para-la-academia-y-quienes-ahi-trabajan-en-instituciones-privadas\/","title":{"rendered":"Juez da rev\u00e9s a la eliminaci\u00f3n de AMLO a apoyos econ\u00f3micos para\u00a0la academia"},"content":{"rendered":"<p><span style=\"font-weight: 400;\">*Ordenan a Conacyt mantener apoyos a investigadores e investigadoras y&nbsp; est\u00edmulos extra para las y los cient\u00edficos<\/span><\/p>\n<p><!--more--><\/p>\n<p><span style=\"font-weight: 400;\">&nbsp;<\/span><span style=\"font-weight: 400;\">Redacci\u00f3n<\/span><\/p>\n<p><span style=\"font-weight: 400;\">SemM\u00e9xico\/ BPNoticias\/ 10 de julio, 2021.- Un juzgado federal orden\u00f3 al Consejo Nacional de Ciencia y Tecnolog\u00eda (Conacyt) continuar con los apoyos econ\u00f3micos a acad\u00e9micos y acad\u00e9micas&nbsp; de instituciones privadas que pertenecen al Sistema Nacional de Investigadores (SNI).<\/span><\/p>\n<p><span style=\"font-weight: 400;\">El Juzgado D\u00e9cimo de Distrito en Materia Administrativa concedi\u00f3 la suspensi\u00f3n a un amparo promovido por la Federaci\u00f3n de Instituciones Mexicanas Particulares de Educaci\u00f3n Superior (FIMPES) que agrupa a m\u00e1s de 100 universidades privadas.<\/span><\/p>\n<p><span style=\"font-weight: 400;\">Con la resoluci\u00f3n del juzgador queda sin efecto la reforma al Reglamento del Sistema Nacional de Investigadores (SNI) publicada el 20 de abril de 2021 por la Secretar\u00eda de Gobernaci\u00f3n (Segob), en el Diario Oficial de la Federaci\u00f3n (DOF), con la que se oficializ\u00f3 la eliminaci\u00f3n de apoyos econ\u00f3micos para acad\u00e9micos y acad\u00e9micas&nbsp; de instituciones privadas y otros est\u00edmulos extra para cient\u00edficos y cient\u00edficas&nbsp; que trabajan en centros p\u00fablicos.<\/span><\/p>\n<p><span style=\"font-weight: 400;\">El nuevo reglamento destaca la eliminaci\u00f3n de dicho apoyo econ\u00f3mico, que beneficiaba a mil 632 hombres&nbsp; y mujeres con labores cient\u00edficas de instituciones de educaci\u00f3n superior privadas.<\/span><\/p>\n<p><span style=\"font-weight: 400;\">En octubre de 2020, un grupo del profesorado del Sistema Nacional de Investigadores\/as (SNI) adscrito al Instituto Tecnol\u00f3gico Aut\u00f3nomo de M\u00e9xico (ITAM) dio a conocer que el Conacyt cancel\u00f3 el convenio de colaboraci\u00f3n con esa instituci\u00f3n , por lo que se suspender\u00e1 el est\u00edmulo econ\u00f3mico al que tienen derecho.<\/span><\/p>\n<p><span style=\"font-weight: 400;\">En una carta, el profesorado&nbsp; solicita al Conacyt que se restablezca el di\u00e1logo para renovar los convenios con las instituciones privadas de educaci\u00f3n superior, y evitar \u201cla fractura de la ciencia en M\u00e9xico\u201d.<\/span><\/p>\n<p>&nbsp;<\/p>\n","protected":false},"excerpt":{"rendered":"<p>*Ordenan a Conacyt mantener apoyos a investigadores e investigadoras y&nbsp; est\u00edmulos extra para las y los cient\u00edficos<\/p>\n","protected":false},"author":3,"featured_media":37982,"comment_status":"open","ping_status":"open","sticky":false,"template":"","format":"standard","meta":{"_monsterinsights_skip_tracking":false,"footnotes":""},"categories":[692,1],"tags":[],"class_list":["post-37981","post","type-post","status-publish","format-standard","has-post-thumbnail","category-692","category-uncategorized"],"_links":{"self":[{"href":"https:\/\/redsemlac.com\/semmexico\/wp-json\/wp\/v2\/posts\/37981","targetHints":{"allow":["GET"]}}],"collection":[{"href":"https:\/\/redsemlac.com\/semmexico\/wp-json\/wp\/v2\/posts"}],"about":[{"href":"https:\/\/redsemlac.com\/semmexico\/wp-json\/wp\/v2\/types\/post"}],"author":[{"embeddable":true,"href":"https:\/\/redsemlac.com\/semmexico\/wp-json\/wp\/v2\/users\/3"}],"replies":[{"embeddable":true,"href":"https:\/\/redsemlac.com\/semmexico\/wp-json\/wp\/v2\/comments?post=37981"}],"version-history":[{"count":0,"href":"https:\/\/redsemlac.com\/semmexico\/wp-json\/wp\/v2\/posts\/37981\/revisions"}],"wp:featuredmedia":[{"embeddable":true,"href":"https:\/\/redsemlac.com\/semmexico\/wp-json\/wp\/v2\/media\/37982"}],"wp:attachment":[{"href":"https:\/\/redsemlac.com\/semmexico\/wp-json\/wp\/v2\/media?parent=37981"}],"wp:term":[{"taxonomy":"category","embeddable":true,"href":"https:\/\/redsemlac.com\/semmexico\/wp-json\/wp\/v2\/categories?post=37981"},{"taxonomy":"post_tag","embeddable":true,"href":"https:\/\/redsemlac.com\/semmexico\/wp-json\/wp\/v2\/tags?post=37981"}],"curies":[{"name":"wp","href":"https:\/\/api.w.org\/{rel}","templated":true}]}}