{"id":37960,"date":"2021-07-09T19:14:47","date_gmt":"2021-07-10T01:14:47","guid":{"rendered":"https:\/\/redsemlac.com\/semmexico\/?p=37960"},"modified":"2023-07-21T17:04:07","modified_gmt":"2023-07-21T22:04:07","slug":"video-fiscalia-reprime-feministas-que-exigian-justicia-en-caso-de-2-menores-victimas-de-abuso-sexual-jalisco-sep-alcalde","status":"publish","type":"post","link":"https:\/\/redsemlac.com\/semmexico\/video-fiscalia-reprime-feministas-que-exigian-justicia-en-caso-de-2-menores-victimas-de-abuso-sexual-jalisco-sep-alcalde\/","title":{"rendered":"Fiscal\u00eda reprime feministas que exig\u00edan justicia en caso de 2 menores v\u00edctimas de abuso sexual\u00a0"},"content":{"rendered":"<p><span style=\"font-weight: 400;\">*<span class=\"css-901oao css-16my406 r-poiln3 r-bcqeeo r-qvutc0\"> Detienen a mujer que llevaba a su <\/span><span class=\"r-18u37iz\"><a class=\"css-4rbku5 css-18t94o4 css-901oao css-16my406 r-1n1174f r-1loqt21 r-poiln3 r-bcqeeo r-qvutc0\" dir=\"ltr\" role=\"link\" href=\"https:\/\/twitter.com\/hashtag\/beb%C3%A9?src=hashtag_click\">#beb\u00e9<\/a><\/span><span class=\"css-901oao css-16my406 r-poiln3 r-bcqeeo r-qvutc0\"> en plena manifestaci\u00f3n, a las afueras de la <\/span><span class=\"r-18u37iz\"><a class=\"css-4rbku5 css-18t94o4 css-901oao css-16my406 r-1n1174f r-1loqt21 r-poiln3 r-bcqeeo r-qvutc0\" dir=\"ltr\" role=\"link\" href=\"https:\/\/twitter.com\/hashtag\/SEP?src=hashtag_click\">#SEP<\/a><\/span><span class=\"css-901oao css-16my406 r-poiln3 r-bcqeeo r-qvutc0\">, en <\/span><span class=\"r-18u37iz\"><a class=\"css-4rbku5 css-18t94o4 css-901oao css-16my406 r-1n1174f r-1loqt21 r-poiln3 r-bcqeeo r-qvutc0\" dir=\"ltr\" role=\"link\" href=\"https:\/\/twitter.com\/hashtag\/Alcalde?src=hashtag_click\">#Alcalde<\/a><\/span><span class=\"css-901oao css-16my406 r-poiln3 r-bcqeeo r-qvutc0\">. Autoridades se\u00f1alan que no quiso soltar al beb\u00e9 durante su detenci\u00f3n.<\/span><\/span><\/p>\n<p><!--more--><\/p>\n<p><span style=\"font-weight: 400;\">Analy Nu\u00f1o<\/span><\/p>\n<p><span style=\"font-weight: 400;\">SemM\u00e9xico,&nbsp; Guadalajara, Jalisco, 9 de julio&nbsp; 2021- Elementos de la polic\u00eda de Jalisco reprimieron y detuvieron a un grupo de feministas que se manifestaban para exigir respuesta a las autoridades en el caso de 2 menores v\u00edctimas de abuso sexual infantil.<\/span><\/p>\n<p><span style=\"font-weight: 400;\">Las feministas integrantes del Frente Feminista de Jalisco se manifestaban afuera de las instalaciones de la Secretar\u00eda de Educaci\u00f3n Jalisco, cu\u00e1ndo fueron reprimidas luego de intervenir la explanada del lugar y quebrar algunos vidrios en reclamo a la lentitud para garantizar justicia en favor de 2 menores agredidas en la primaria Marco Antonio Montes de Oca, en Zapopan.&nbsp;<\/span><\/p>\n<div style=\"width: 352px;\" class=\"wp-video\"><video class=\"wp-video-shortcode\" id=\"video-37960-1\" width=\"352\" height=\"640\" preload=\"metadata\" controls=\"controls\"><source type=\"video\/mp4\" src=\"https:\/\/redsemlac.com\/semmexico\/wp-content\/uploads\/2021\/07\/pVcd_5914REju2R9.mp4?_=1\" \/><a href=\"https:\/\/redsemlac.com\/semmexico\/wp-content\/uploads\/2021\/07\/pVcd_5914REju2R9.mp4\">https:\/\/redsemlac.com\/semmexico\/wp-content\/uploads\/2021\/07\/pVcd_5914REju2R9.mp4<\/a><\/video><\/div>\n<p><span style=\"font-weight: 400;\">\u00abEn reiteradas ocasiones se hab\u00eda acudido a las autoridades correspondientes para pedirles que hicieran SU TRABAJO, sin obtener apoyo ni respuesta. Se tardaron m\u00e1s de un a\u00f1o en otorgar fecha para la audiencia de las menores y ahora nuevamente, el proceso est\u00e1 atorado\u00bb, se\u00f1alaron tras las detenciones.&nbsp;<\/span><\/p>\n<p><span style=\"font-weight: 400;\">La represi\u00f3n provoc\u00f3 reacciones de diversas organizaciones de defensa de derechos humanos como Amnist\u00eda Internacional en M\u00e9xico y el Centro de Justicia para la Paz y el Desarrollo (CEPAD) las cuales reprobaron la actuaci\u00f3n de las autoridades y exigieron se garanticen los derechos de las detenidas, se salvaguarde su integridad y se atiendan sus demandas en beneficio de las dos menores v\u00edctimas.&nbsp;<\/span><\/p>\n<p><span style=\"font-weight: 400;\">Las integrantes del Frente Feminista de Jalisco que no fueron detenidas, exigieron se garantice el debido proceso de sus compa\u00f1eras feministas, su integridad y en especial el de una integrante que cargaba en brazos a su beb\u00e9 cuando fue detenida.&nbsp;<\/span><\/p>\n<p><a href=\"https:\/\/redsemlac.com\/semmexico\/wp-content\/uploads\/2021\/07\/WhatsApp-Image-2021-07-09-at-20.06.53.jpeg\"><img loading=\"lazy\" decoding=\"async\" class=\"size-large wp-image-37962 aligncenter\" src=\"https:\/\/redsemlac.com\/semmexico\/wp-content\/uploads\/2021\/07\/WhatsApp-Image-2021-07-09-at-20.06.53-591x1024.jpeg\" alt=\"\" width=\"591\" height=\"1024\"><\/a><\/p>\n<p><span style=\"font-weight: 400;\">\u00abTememos por la integridad de todas nuestras compa\u00f1eras, en especial de una que, al hacer valer su derecho en compa\u00f1\u00eda de su beb\u00e9, fue detenida de manera arbitraria y con todo el uso de la fuerza\u00bb.&nbsp;<\/span><\/p>\n<p><span style=\"font-weight: 400;\">Por su parte la Fiscal\u00eda del Estado inform\u00f3 que las 10 feministas, 8 adultas y 2 menores, detenidas durante la protesta pasar\u00e1n la noche detenidas, pues por errores en el proceso no se realiz\u00f3 hoy la audiencia y la Secretar\u00eda de Educaci\u00f3n no acept\u00f3 conciliar la reparaci\u00f3n de da\u00f1os, por lo que podr\u00edan pasar todo el fin de semana detenidas y ser liberadas el lunes al no ser delitos graves las causas de la detenci\u00f3n.&nbsp;<\/span><\/p>\n<p>&nbsp;<\/p>\n","protected":false},"excerpt":{"rendered":"<p>* Detienen a mujer que llevaba a su #beb\u00e9 en plena manifestaci\u00f3n, a las afueras de la #SEP, en #Alcalde. Autoridades se\u00f1alan que no quiso soltar al beb\u00e9 durante su detenci\u00f3n.<\/p>\n","protected":false},"author":3,"featured_media":37963,"comment_status":"open","ping_status":"open","sticky":false,"template":"","format":"standard","meta":{"_monsterinsights_skip_tracking":false,"footnotes":""},"categories":[692,49,54],"tags":[510,511,394,124,509,224],"class_list":["post-37960","post","type-post","status-publish","format-standard","has-post-thumbnail","category-692","category-desde","category-mujeres","tag-bebe","tag-detienen","tag-feminista","tag-jalisco","tag-marcha","tag-mujer"],"_links":{"self":[{"href":"https:\/\/redsemlac.com\/semmexico\/wp-json\/wp\/v2\/posts\/37960","targetHints":{"allow":["GET"]}}],"collection":[{"href":"https:\/\/redsemlac.com\/semmexico\/wp-json\/wp\/v2\/posts"}],"about":[{"href":"https:\/\/redsemlac.com\/semmexico\/wp-json\/wp\/v2\/types\/post"}],"author":[{"embeddable":true,"href":"https:\/\/redsemlac.com\/semmexico\/wp-json\/wp\/v2\/users\/3"}],"replies":[{"embeddable":true,"href":"https:\/\/redsemlac.com\/semmexico\/wp-json\/wp\/v2\/comments?post=37960"}],"version-history":[{"count":0,"href":"https:\/\/redsemlac.com\/semmexico\/wp-json\/wp\/v2\/posts\/37960\/revisions"}],"wp:featuredmedia":[{"embeddable":true,"href":"https:\/\/redsemlac.com\/semmexico\/wp-json\/wp\/v2\/media\/37963"}],"wp:attachment":[{"href":"https:\/\/redsemlac.com\/semmexico\/wp-json\/wp\/v2\/media?parent=37960"}],"wp:term":[{"taxonomy":"category","embeddable":true,"href":"https:\/\/redsemlac.com\/semmexico\/wp-json\/wp\/v2\/categories?post=37960"},{"taxonomy":"post_tag","embeddable":true,"href":"https:\/\/redsemlac.com\/semmexico\/wp-json\/wp\/v2\/tags?post=37960"}],"curies":[{"name":"wp","href":"https:\/\/api.w.org\/{rel}","templated":true}]}}