{"id":37955,"date":"2021-07-09T09:14:41","date_gmt":"2021-07-09T15:14:41","guid":{"rendered":"https:\/\/redsemlac.com\/semmexico\/?p=37955"},"modified":"2023-07-21T17:04:07","modified_gmt":"2023-07-21T22:04:07","slug":"la-pandemia-agudizo-la-pobreza-para-las-mujeres-ultimo-informe-de-cepal","status":"publish","type":"post","link":"https:\/\/redsemlac.com\/semmexico\/la-pandemia-agudizo-la-pobreza-para-las-mujeres-ultimo-informe-de-cepal\/","title":{"rendered":"La pandemia agudiz\u00f3 la pobreza para las mujeres, \u00faltimo informe de CEPAL"},"content":{"rendered":"\n<p class=\"wp-block-paragraph\">Un mill\u00f3n 260 mil muertos por Covid 19 y s\u00f3lo el 13,6&nbsp;&nbsp;por ciento de vacunaci\u00f3n en la regi\u00f3n<strong>.<\/strong><\/p>\n\n\n\n<p class=\"wp-block-paragraph\">Alicia B\u00e1rcena&nbsp;&nbsp;urgi\u00f3 a un nuevo modelo de desarrollo restructurando sistemas de salud, educaci\u00f3n y bonos contra el hambre<\/p>\n\n\n\n<p class=\"wp-block-paragraph\">Elda Montiel&nbsp;<\/p>\n\n\n\n<p class=\"wp-block-paragraph\">SemM\u00e9xico, Cd. de M\u00e9xico, 9 de julio 2021.-&nbsp;&nbsp;La crisis derivada de la pandemia ha aumentado la desigualdad y la pobreza, afectando principalmente a las mujeres, escolares y personas mayores asegur\u00f3 la secretaria ejecutiva de la Comisi\u00f3n Econ\u00f3mica para Am\u00e9rica Latina y el Caribe (CEPAL) Alicia B\u00e1rcena.&nbsp;<\/p>\n\n\n\n<p class=\"wp-block-paragraph\">Lament\u00f3 las muertes por COVID 19 que en la regi\u00f3n al 30 de junio llegaron a un mill\u00f3n 260 mil, lo que representa el 8,4 por ciento a nivel global y las brechas en la vacunaci\u00f3n con s\u00f3lo un 13,6 por ciento en 30 pa\u00edses de la Regi\u00f3n, mientras que en la Uni\u00f3n Europea es de 34,9 por ciento y en Am\u00e9rica del Norte 46,3 por ciento.<\/p>\n\n\n\n<p class=\"wp-block-paragraph\">Por lo que urgi\u00f3 a los gobiernos a mantener las pol\u00edticas de transferencias de emergencia y a desarrollar un nuevo modelo de desarrollo en el que se reestructuren los sistemas de salud y educaci\u00f3n, universalizar un ingreso b\u00e1sico de emergencia, implementar bonos contra el hambre, asegurar el acceso a una canasta b\u00e1sica digital, fortalecer el apoyo a las mipymes.<\/p>\n\n\n\n<p class=\"wp-block-paragraph\">Al dar a conocer el documento \u201cLa Paradoja de la Recuperaci\u00f3n en Am\u00e9rica Latina y el Caribe. Crecimiento con persistentes problemas estructurales: desigualdad, pobreza poca inversi\u00f3n y baja productividad \u201cen conferencia de prensa virtual.&nbsp;&nbsp;&nbsp;<\/p>\n\n\n\n<p class=\"wp-block-paragraph\">El informe se\u00f1ala que en t\u00e9rminos de ingresos per c\u00e1pita, la regi\u00f3n contin\u00faa en una trayectoria que conduce a una d\u00e9cada perdida.<\/p>\n\n\n\n<p class=\"wp-block-paragraph\">Advierte&nbsp;que la regi\u00f3n ya estaba estancada, sin enfrentar la crisis de largo plazo de la inversi\u00f3n, el empleo y la diversificaci\u00f3n productiva sostenible y que las medidas fiscales adoptadas por los pa\u00edses han sido importantes, pero insuficientes en monto y duraci\u00f3n.&nbsp;<\/p>\n\n\n\n<p class=\"wp-block-paragraph\">La tasa de crecimiento actual de 5,6 por ciento no es sostenible si bien hubo un rebote con el 6,8 por ciento del 2020, existe un riesgo de retorno a trayectorias mediocres, con insuficiente inversi\u00f3n y empleo, y mayor deterioro ambiental.<\/p>\n\n\n\n<p class=\"wp-block-paragraph\">En el \u00faltimo a\u00f1o, la tasa de pobreza extrema habr\u00eda alcanzado el 12,5 por ciento y la de pobreza el 33,7 por ciento. Las transferencias de emergencia a los sectores m\u00e1s vulnerables permitieron atenuar el alza de la pobreza en la regi\u00f3n en 2020 (pas\u00f3 de 189 millones en 2019 a 209 millones pudiendo haber sido de 230 millones, y de 70 millones en 2019 a 78 millones pudiendo haber sido 98 millones en el caso de la pobreza extrema).&nbsp;<\/p>\n\n\n\n<p class=\"wp-block-paragraph\">Estas transferencias beneficiaron a 326 millones de personas, el 49,4 por ciento de la poblaci\u00f3n. Sin embargo, la desigualdad en la distribuci\u00f3n del ingreso aument\u00f3 (2,9 por ciento del \u00edndice de Gini).<\/p>\n\n\n\n<p class=\"wp-block-paragraph\">&nbsp;En tanto, la inseguridad alimentaria moderada o grave alcanz\u00f3 a 40,4 poblaci\u00f3n de la poblaci\u00f3n en 2020, 6,5 puntos porcentuales m\u00e1s que en 2019. Esto significa que hubo 44 millones de personas m\u00e1s en inseguridad alimentaria moderada o grave en la regi\u00f3n, y 21 millones pasaron a sufrir inseguridad alimentaria grave.<\/p>\n\n\n\n<p class=\"wp-block-paragraph\">El informe indica que en el per\u00edodo enero-abril de 2021, 20 pa\u00edses anunciaron o extendieron transferencias de emergencia por 10 mil millones de d\u00f3lares (0,26 por ciento del PIB de 2020).&nbsp;<\/p>\n\n\n\n<p class=\"wp-block-paragraph\">De mantenerse este nivel de gasto en los restantes ocho meses de 2021, el gasto en transferencias anual ser\u00eda de solo 0,78 por ciento del PIB de 2020, es decir, la mitad del gasto de 2020: 1,55 por ciento del PIB. De esta forma la cobertura ser\u00eda mucho menor y alcanzar\u00eda a 60 millones de hogares (231 millones de personas y 29 por ciento de la poblaci\u00f3n, comparado con los 326 millones y 49,4 por ciento de la poblaci\u00f3n alcanzada en 2020).<\/p>\n\n\n\n<p class=\"wp-block-paragraph\">En materia fiscal, el estudio de la CEPAL reafirma que es imprescindible mantener las pol\u00edticas fiscales para apoyar las transferencias sociales de emergencia, apoyar a los sectores productivos y revertir la persistente ca\u00edda de la inversi\u00f3n para continuar mitigando los efectos de la pandemia y avanzar en una recuperaci\u00f3n transformadora con igualdad. Adem\u00e1s, las pol\u00edticas fiscales deben tener un enfoque de g\u00e9nero en todo el ciclo fiscal.&nbsp;<\/p>\n\n\n\n<p class=\"wp-block-paragraph\">En materia de comercio exterior el panorama es m\u00e1s favorable, ya que se prev\u00e9 que las exportaciones regionales se incrementen 22 por ciento en 2021 (luego de experimentar un descenso de 10 por ciento en 2020), lo que se explica por el aumento de los precios de las materias primas, la recuperaci\u00f3n de la demanda en China, Estados Unidos y la Uni\u00f3n Europea, y la recuperaci\u00f3n de la actividad econ\u00f3mica en la regi\u00f3n.&nbsp;<\/p>\n\n\n\n<p class=\"wp-block-paragraph\">En tanto, en el per\u00edodo enero-abril de 2021, el valor del comercio intrarregional se expandi\u00f3 un 19 por ciento respecto de igual per\u00edodo de 2020, con lo que recuperar\u00eda valores cercanos a los de 2019 (que ya eran muy bajos).<\/p>\n\n\n\n<p class=\"wp-block-paragraph\">La CEPAL indica que la pandemia deja a 2021 en un peor estado ambiental que es dif\u00edcil de revertir. Si bien hubo mejoras temporales en la calidad del aire y reducci\u00f3n de las emisiones de gases de efecto invernadero, las emisiones repuntar\u00edan 5 por ciento este a\u00f1o, mientras que en 11 pa\u00edses de la regi\u00f3n se observ\u00f3 una ca\u00edda de 35 por ciento en el presupuesto o gasto de protecci\u00f3n ambiental en 2019-2020.<\/p>\n\n\n\n<p class=\"wp-block-paragraph\"><strong>Ante la deuda nueva arquitectura financiera: Alicia B\u00e1rcena<\/strong><\/p>\n\n\n\n<p class=\"wp-block-paragraph\">Es necesaria una nueva arquitectura financiera internacional para responder a la emergencia y al desarrollo de la regi\u00f3n, enfatiz\u00f3 Alicia B\u00e1rcena.&nbsp;<\/p>\n\n\n\n<p class=\"wp-block-paragraph\">Abund\u00f3 que se necesita un foro multilateral para debatir condiciones de emisi\u00f3n de nueva deuda y restructuraci\u00f3n de deuda.<\/p>\n\n\n\n<p class=\"wp-block-paragraph\">Una agencia multilateral de calificaci\u00f3n crediticia, la inclusi\u00f3n de pa\u00edses de ingreso medio en todas las iniciativas de alivio y acceso a liquidez tanto concesional como no concesional, la implementaci\u00f3n de&nbsp;instrumentos de financiamiento innovadores, como bonos verdes y bonos SDG.&nbsp;<\/p>\n\n\n\n<p class=\"wp-block-paragraph\">La capitalizaci\u00f3n y fortalecimiento de la banca de desarrollo en todos sus niveles, acceso a mecanismos multilaterales para la aplicaci\u00f3n de impuestos globales, eliminaci\u00f3n de la elusi\u00f3n, evasi\u00f3n y flujos il\u00edcitos, y repensar el sistema de cooperaci\u00f3n para lograr una medici\u00f3n multidimensional m\u00e1s all\u00e1 del PIB per c\u00e1pita.<\/p>\n\n\n\n<p class=\"wp-block-paragraph\">Lo anterior debido a que Am\u00e9rica Latina es la regi\u00f3n con el mayor peso de la deuda externa en el PIB (56,3 por ciento) y con el mayor servicio de la deuda externa en t\u00e9rminos de exportaciones de bienes y servicios (59 por ciento).&nbsp;<\/p>\n\n\n\n<p class=\"wp-block-paragraph\">Esos niveles de endeudamiento reducen el espacio fiscal y ponen en peligro la recuperaci\u00f3n y el crecimiento futuro.&nbsp;<\/p>\n\n\n\n<p class=\"wp-block-paragraph\">El espacio fiscal se debe aumentar v\u00eda crecimiento de los ingresos tributarios y reducci\u00f3n de gastos innecesarios. Tambi\u00e9n hay que consolidar los impuestos sobre la renta, extender el alcance de los impuestos a la propiedad y al patrimonio (riqueza), revisar y actualizar de forma progresiva las regal\u00edas a la explotaci\u00f3n de recursos no renovables, y considerar impuestos a la econom\u00eda digital, ambientales y relacionados a la salud p\u00fablica, precisa el informe.<\/p>\n\n\n\n<p class=\"wp-block-paragraph\">\u201cLos esfuerzos para una recuperaci\u00f3n transformadora deben aprender de la crisis ambiental: las otras ventanas de oportunidad tambi\u00e9n se ir\u00e1n cerrando si no se act\u00faa ahora\u201d, remarc\u00f3 B\u00e1rcena.<\/p>\n","protected":false},"excerpt":{"rendered":"<p>Un mill\u00f3n 260 mil muertos por Covid 19 y s\u00f3lo el 13,6&nbsp;&nbsp;por ciento de vacunaci\u00f3n en la regi\u00f3n. Alicia B\u00e1rcena&nbsp;&nbsp;urgi\u00f3 a un nuevo modelo de desarrollo restructurando sistemas de salud, educaci\u00f3n y bonos contra el hambre Elda Montiel&nbsp; SemM\u00e9xico, Cd. de M\u00e9xico, 9 de julio 2021.-&nbsp;&nbsp;La crisis derivada de la pandemia ha aumentado la desigualdad [&hellip;]<\/p>\n","protected":false},"author":3,"featured_media":37956,"comment_status":"open","ping_status":"open","sticky":false,"template":"","format":"standard","meta":{"_monsterinsights_skip_tracking":false,"footnotes":""},"categories":[692,135],"tags":[],"class_list":["post-37955","post","type-post","status-publish","format-standard","has-post-thumbnail","category-692","category-emergencia-sanitaria-covid-19"],"_links":{"self":[{"href":"https:\/\/redsemlac.com\/semmexico\/wp-json\/wp\/v2\/posts\/37955","targetHints":{"allow":["GET"]}}],"collection":[{"href":"https:\/\/redsemlac.com\/semmexico\/wp-json\/wp\/v2\/posts"}],"about":[{"href":"https:\/\/redsemlac.com\/semmexico\/wp-json\/wp\/v2\/types\/post"}],"author":[{"embeddable":true,"href":"https:\/\/redsemlac.com\/semmexico\/wp-json\/wp\/v2\/users\/3"}],"replies":[{"embeddable":true,"href":"https:\/\/redsemlac.com\/semmexico\/wp-json\/wp\/v2\/comments?post=37955"}],"version-history":[{"count":0,"href":"https:\/\/redsemlac.com\/semmexico\/wp-json\/wp\/v2\/posts\/37955\/revisions"}],"wp:featuredmedia":[{"embeddable":true,"href":"https:\/\/redsemlac.com\/semmexico\/wp-json\/wp\/v2\/media\/37956"}],"wp:attachment":[{"href":"https:\/\/redsemlac.com\/semmexico\/wp-json\/wp\/v2\/media?parent=37955"}],"wp:term":[{"taxonomy":"category","embeddable":true,"href":"https:\/\/redsemlac.com\/semmexico\/wp-json\/wp\/v2\/categories?post=37955"},{"taxonomy":"post_tag","embeddable":true,"href":"https:\/\/redsemlac.com\/semmexico\/wp-json\/wp\/v2\/tags?post=37955"}],"curies":[{"name":"wp","href":"https:\/\/api.w.org\/{rel}","templated":true}]}}