{"id":37950,"date":"2021-07-09T09:10:26","date_gmt":"2021-07-09T15:10:26","guid":{"rendered":"https:\/\/redsemlac.com\/semmexico\/?p=37950"},"modified":"2023-07-21T17:04:07","modified_gmt":"2023-07-21T22:04:07","slug":"defensoras-de-derechos-humanos-agredidas-construccion-de-proyecto-eolico-en-union-hidalgo-oaxaca","status":"publish","type":"post","link":"https:\/\/redsemlac.com\/semmexico\/defensoras-de-derechos-humanos-agredidas-construccion-de-proyecto-eolico-en-union-hidalgo-oaxaca\/","title":{"rendered":"Defensoras de derechos humanos agredidas construcci\u00f3n de proyecto e\u00f3lico en Uni\u00f3n Hidalgo, Oaxaca"},"content":{"rendered":"\n<p class=\"wp-block-paragraph\">No se ha logrado la identificaci\u00f3n de riesgos y no hay&nbsp;&nbsp;medidas de protecci\u00f3n&nbsp;<\/p>\n\n\n\n<p class=\"wp-block-paragraph\">Mujeres del&nbsp;Proyecto de Derechos Econ\u00f3micos, Sociales y Culturales (ProDESC)&nbsp;&nbsp;acompa\u00f1a a la comunidad&nbsp;&nbsp;desde el 2013<\/p>\n\n\n\n<p class=\"wp-block-paragraph\">Proceso de consulta plagado de corrupci\u00f3n, informaci\u00f3n falsa y opacidad, piden suspenderlo<\/p>\n\n\n\n<p class=\"wp-block-paragraph\">Elda Montiel<\/p>\n\n\n\n<p class=\"wp-block-paragraph\">SemM\u00e9xico, Cd. de M\u00e9xico, 9 de julio 2021.-&nbsp;La comunidad zapoteca de Uni\u00f3n Hidalgo pide apoyo a trav\u00e9s de firmas para detener la consulta ind\u00edgena que pretenden reactivar la empresa de energ\u00eda estatal francesa, Electricit\u00e9 de France (EDF) y el gobierno de Oaxaca para la construcci\u00f3n del megaproyecto de energ\u00eda e\u00f3lica Gunaa Sicar\u00fa a pesar del riesgo sanitario que esto implica, por las muertes y contagios por el COVID 19.<\/p>\n\n\n\n<p class=\"wp-block-paragraph\">La organizaci\u00f3n de mujeres&nbsp;Proyecto de Derechos Econ\u00f3micos, Sociales y Culturales (ProDESC) que ha acompa\u00f1ado a la comunidad desde el 2013, se\u00f1ala que este proceso de consulta ha estado plagado de corrupci\u00f3n e informaci\u00f3n falsa por lo que la comunidad exige la suspensi\u00f3n de la misma hasta que no existan las condiciones adecuadas.&nbsp;<\/p>\n\n\n\n<p class=\"wp-block-paragraph\">En 2020 el gobierno municipal de Uni\u00f3n de Hidalgo y la Secretar\u00eda de Energ\u00eda (Sener) planearon una consulta, pero se suspendi\u00f3 por la pandemia. Eso permiti\u00f3 que los unidalguenses se organizaran con otras comunidades oaxaque\u00f1as que resisten contra los parques e\u00f3licos: \u00c1lvaro Obreg\u00f3n, La Ventosa, San Dionisio del Mar y San Mateo del Mar.<\/p>\n\n\n\n<p class=\"wp-block-paragraph\">Adem\u00e1s, el gigante trasnacional, EDF, de acuerdo a ProDESC ser\u00eda responsable por contribuir a violaciones serias a los derechos de la comunidad, al fallar en la identificaci\u00f3n de riesgos y la implementaci\u00f3n de medidas de protecci\u00f3n en el desarrollo de su proyecto e\u00f3lico Gunaa Sicar\u00fa.&nbsp;<\/p>\n\n\n\n<p class=\"wp-block-paragraph\">Adem\u00e1s, la subdirectora de la organizaci\u00f3n ProDESC, Ver\u00f3nica Vidal Degiorgis, aseguro que existe una correlaci\u00f3n directa entre las agresiones a personas defensoras y el desarrollo de proyectos de energ\u00eda e\u00f3lica en el istmo de Tehuantepec en el 46 periodo de sesiones del Consejo de Derechos Humanos de la ONU, en febrero de 2021.&nbsp;&nbsp;<\/p>\n\n\n\n<p class=\"wp-block-paragraph\">Acoto que de 2012 a 2018, Oaxaca fue la entidad que registro mayores agresiones a personas defensoras (79 del pa\u00eds) y los ataques se concentraron en la zona de Juchit\u00e1n, mismas que se dieron en una imposici\u00f3n de parques e\u00f3licos.<\/p>\n\n\n\n<p class=\"wp-block-paragraph\">Destac\u00f3 que desde el 2011 defensores y defensoras de derechos humanos de Uni\u00f3n Hidalgo son beneficiarias de medidas cautelares humanitarias, mismas que se ampliaron en 2012 con la entrada de Electricite de France a la comunidad y el incremento exponencial de las amenazas y agresiones en su contra.&nbsp;<\/p>\n\n\n\n<p class=\"wp-block-paragraph\">Cabe destacar que el istmo de&nbsp;Tehuantepec es la regi\u00f3n de M\u00e9xico donde los vientos soplan con m\u00e1s fuerza: desde 36 hasta los 72 kil\u00f3metros por hora en los d\u00edas m\u00e1s intensos, lo que atrajo a la industria de la energ\u00eda e\u00f3lica trasnacional y justo en esa franja se encuentra Uni\u00f3n Hidalgo, municipio de Oaxaca.&nbsp;<\/p>\n\n\n\n<p class=\"wp-block-paragraph\">De acuerdo a la investigaci\u00f3n period\u00edstica de Javier Hern\u00e1ndez Alp\u00edzar de Corriente Alterna de la Universidad Nacional Aut\u00f3noma de M\u00e9xico (UNAM) \u201cel aire es tan fuerte, que los conductores inexpertos pueden volcar en sus autos y camiones\u201d.<\/p>\n\n\n\n<p class=\"wp-block-paragraph\">Detalla que el proyecto del Corredor E\u00f3lico en el Istmo de Tehuantepec abarca los municipios de Juchit\u00e1n de Zaragoza, El Espinal, San Dionisio del Mar, Asunci\u00f3n Ixtaltepec, Uni\u00f3n Hidalgo y Santo Domingo Ingenio. Compa\u00f1\u00edas como Demex o empresas que compraron los parques e\u00f3licos, como Bimbo, tienen aerogeneradores en todos estos lugares.&nbsp;<\/p>\n\n\n\n<p class=\"wp-block-paragraph\">\u00c9lectricit\u00e9 de France proyecta instalar parques e\u00f3licos al oeste de Uni\u00f3n Hidalgo, mientras que Demex planea construir al sur, rumbo a la laguna.<\/p>\n\n\n\n<p class=\"wp-block-paragraph\">A partir de un amparo presentado por personas defensoras, en octubre de 2018 un Juzgado Federal en M\u00e9xico fall\u00f3 hist\u00f3ricamente en favor de la comunidad de Uni\u00f3n Hidalgo y orden\u00f3 a las autoridades mexicanas el desarrollo de una consulta que cumpliera los m\u00e1s altos est\u00e1ndares internacionales. Lo cual no se cumpli\u00f3.<\/p>\n\n\n\n<p class=\"wp-block-paragraph\">Debido a la&nbsp;<strong>Ley del Deber de Vigilancia de Francia<\/strong>&nbsp;los miembros de la comunidad ind\u00edgena zapoteca de Uni\u00f3n Hidalgo, Oaxaca, presentaron en Par\u00eds en octubre del 2020 una demanda civil en contra del gigante energ\u00e9tico Electricit\u00e9 de France (EDF) por violaci\u00f3n a sus derechos humanos.&nbsp;<\/p>\n\n\n\n<p class=\"wp-block-paragraph\">Se trata de la primera acci\u00f3n legal de su tipo iniciada por una comunidad ind\u00edgena de las Am\u00e9ricas, y es acompa\u00f1ada por la organizaci\u00f3n mexicana Proyecto de Derechos Econ\u00f3micos, Sociales y Culturales, A.C. ProDESC, y el European Center for Constitucional and Human Rights, ECCHR.<\/p>\n\n\n\n<p class=\"wp-block-paragraph\">La empresa firm\u00f3 contratos y acuerdos, desarroll\u00f3 procesos paralelos de informaci\u00f3n y comunicaci\u00f3n, y contribuy\u00f3 a la ruptura del tejido social en Uni\u00f3n Hidalgo, afectando el car\u00e1cter previo, libre e informado de la consulta desarrollada por autoridades mexicanas respecto a tal proyecto.<\/p>\n\n\n\n<p class=\"wp-block-paragraph\">\u201cEste es un llamado claro para que EDF termine sus abusos, cambie su mal comportamiento y deje de buscar imponer a toda costa su proyecto. El que un parque e\u00f3lico se desarrolle violando los derechos humanos no es justo ni en M\u00e9xico ni en Francia ni en ninguna parte del mundo\u201d, dijo Rosalva Mart\u00ednez, defensora de derechos humanos de Uni\u00f3n Hidalgo.&nbsp;<\/p>\n\n\n\n<p class=\"wp-block-paragraph\">Para empezar, las tierras comunales se hicieron pasar, irregularmente, como propiedad privada con el apoyo de notarios. Eso lo denuncia Juan Antonio L\u00f3pez, coordinador de Justicia Transnacional del Proyecto Derechos Econ\u00f3micos, Sociales y Culturales (Prodesc), organizaci\u00f3n no gubernamental defensora de derechos humanos es la que acompa\u00f1a a los unidalguenses en el proceso legal interpuesto en Francia.<\/p>\n","protected":false},"excerpt":{"rendered":"<p>No se ha logrado la identificaci\u00f3n de riesgos y no hay&nbsp;&nbsp;medidas de protecci\u00f3n&nbsp; Mujeres del&nbsp;Proyecto de Derechos Econ\u00f3micos, Sociales y Culturales (ProDESC)&nbsp;&nbsp;acompa\u00f1a a la comunidad&nbsp;&nbsp;desde el 2013 Proceso de consulta plagado de corrupci\u00f3n, informaci\u00f3n falsa y opacidad, piden suspenderlo Elda Montiel SemM\u00e9xico, Cd. de M\u00e9xico, 9 de julio 2021.-&nbsp;La comunidad zapoteca de Uni\u00f3n Hidalgo pide [&hellip;]<\/p>\n","protected":false},"author":3,"featured_media":37951,"comment_status":"open","ping_status":"open","sticky":false,"template":"","format":"standard","meta":{"_monsterinsights_skip_tracking":false,"footnotes":""},"categories":[692,54],"tags":[],"class_list":["post-37950","post","type-post","status-publish","format-standard","has-post-thumbnail","category-692","category-mujeres"],"_links":{"self":[{"href":"https:\/\/redsemlac.com\/semmexico\/wp-json\/wp\/v2\/posts\/37950","targetHints":{"allow":["GET"]}}],"collection":[{"href":"https:\/\/redsemlac.com\/semmexico\/wp-json\/wp\/v2\/posts"}],"about":[{"href":"https:\/\/redsemlac.com\/semmexico\/wp-json\/wp\/v2\/types\/post"}],"author":[{"embeddable":true,"href":"https:\/\/redsemlac.com\/semmexico\/wp-json\/wp\/v2\/users\/3"}],"replies":[{"embeddable":true,"href":"https:\/\/redsemlac.com\/semmexico\/wp-json\/wp\/v2\/comments?post=37950"}],"version-history":[{"count":0,"href":"https:\/\/redsemlac.com\/semmexico\/wp-json\/wp\/v2\/posts\/37950\/revisions"}],"wp:featuredmedia":[{"embeddable":true,"href":"https:\/\/redsemlac.com\/semmexico\/wp-json\/wp\/v2\/media\/37951"}],"wp:attachment":[{"href":"https:\/\/redsemlac.com\/semmexico\/wp-json\/wp\/v2\/media?parent=37950"}],"wp:term":[{"taxonomy":"category","embeddable":true,"href":"https:\/\/redsemlac.com\/semmexico\/wp-json\/wp\/v2\/categories?post=37950"},{"taxonomy":"post_tag","embeddable":true,"href":"https:\/\/redsemlac.com\/semmexico\/wp-json\/wp\/v2\/tags?post=37950"}],"curies":[{"name":"wp","href":"https:\/\/api.w.org\/{rel}","templated":true}]}}