{"id":37932,"date":"2021-07-08T10:51:12","date_gmt":"2021-07-08T16:51:12","guid":{"rendered":"https:\/\/redsemlac.com\/semmexico\/?p=37932"},"modified":"2023-07-21T17:04:07","modified_gmt":"2023-07-21T22:04:07","slug":"crece-el-consumo-de-psicofarmacos-en-mujeres-durante-la-pandemia","status":"publish","type":"post","link":"https:\/\/redsemlac.com\/semmexico\/crece-el-consumo-de-psicofarmacos-en-mujeres-durante-la-pandemia\/","title":{"rendered":"Crece el consumo de psicof\u00e1rmacos en mujeres durante la pandemia"},"content":{"rendered":"\n<p class=\"wp-block-paragraph\">SemM\u00e9xico. Madrid, 08 jul. 21. AmecoPress.-\u00a0<em>Si nos fijamos en las diferencias de consumo de sustancias psicoactivas entre hombres y mujeres podemos ver que en pr\u00e1cticamente todas las\u00a0<strong><a href=\"https:\/\/www.ccadicciones.es\/contacto\/\">drogas<\/a><\/strong> ellos son m\u00e1s consumidores que ellas. Sin embargo, hay una sustancia donde las mujeres predominan por encima de los hombres. Se trata de los psicof\u00e1rmacos donde en Espa\u00f1a las f\u00e9minas llegan incluso a doblar a los varones en su consumo, informa CCAdicciones.<\/em><\/p>\n\n\n\n<p class=\"wp-block-paragraph\"><em>Esta situaci\u00f3n se ha visto potenciada adem\u00e1s durante los meses de confinamiento. En el art\u00edculo de hoy veremos una realidad a veces silenciada, y c\u00f3mo la pandemia ha hecho que aumente todav\u00eda m\u00e1s esta preocupante situaci\u00f3n.<\/em><\/p>\n\n\n\n<h3 class=\"wp-block-heading\"><strong>Psicof\u00e1rmacos en femenino<\/strong><\/h3>\n\n\n\n<p class=\"wp-block-paragraph\">Como dec\u00edamos en la introducci\u00f3n, las mujeres suponen el doble que los hombres en el consumo de psicof\u00e1rmacos en Espa\u00f1a.<\/p>\n\n\n\n<p class=\"wp-block-paragraph\">Seg\u00fan los expertos, los motivos de esto tienen que ver con que ellas son m\u00e1s proclives al diagn\u00f3stico de depresi\u00f3n, ansiedad o insomnio, afecciones relacionadas con las fluctuaciones hormonales o la mayor carga social. En consecuencia, esto se traduce en una mayor prescripci\u00f3n de estas sustancias. Y la pandemia de COVID-19 que empez\u00f3 el a\u00f1o pasado no ha hecho m\u00e1s que potenciar esta situaci\u00f3n.<\/p>\n\n\n\n<p class=\"wp-block-paragraph\">Un estudio realizado por la Universidad del Pa\u00eds Vasco reflej\u00f3 que durante los meses de confinamiento el consumo de psicof\u00e1rmacos creci\u00f3 en Espa\u00f1a tanto en hombres como en mujeres. Sin embargo, la brecha entre ambos sexos se mantuvo constante duplicando las mujeres con un 15,4% a los hombres con un 7,6%. Esto contrasta con la realidad de otras sustancias durante el confinamiento como el&nbsp;<a href=\"https:\/\/www.ccadicciones.es\/tratamiento\/tratamiento-alcohol\/\"><strong>alcohol<\/strong><\/a>&nbsp;o el&nbsp;<a href=\"https:\/\/www.ccadicciones.es\/tratamiento\/tratamiento-cannabis\/\"><strong>cannabis<\/strong><\/a>, los cuales debido a las medidas de reclusi\u00f3n en casa, la limitaci\u00f3n del contacto social o el cierre de los locales provocaron una ca\u00edda en su consumo. Todo lo contrario que con los hipnosedantes y ansiol\u00edticos, cuyo consumo aument\u00f3 de forma alarmante durante esos meses.<\/p>\n\n\n\n<h3 class=\"wp-block-heading\"><strong>El impacto de la pandemia<\/strong><\/h3>\n\n\n\n<p class=\"wp-block-paragraph\">Los datos de los \u00faltimos estudios son preocupantes. La Encuesta del Observatorio Espa\u00f1ol de Drogas y Adicciones reflej\u00f3 el pasado mes de marzo que la prevalencia de los hipnosedantes y ansiol\u00edticos hab\u00eda crecido. Concretamente, un 2,5% de la poblaci\u00f3n hab\u00eda empezado a consumir&nbsp;<a href=\"https:\/\/www.ccadicciones.es\/tratamiento\/tratamiento-benzodiacepinas\/\"><strong>benzodiacepinas<\/strong><\/a>&nbsp;sin receta y el 5,7% lo hab\u00eda hecho adem\u00e1s mezcl\u00e1ndolo con alcohol.<\/p>\n\n\n\n<p class=\"wp-block-paragraph\">Este crecimiento en el uso de psicof\u00e1rmacos va en aumento desde 2012 afectando actualmente a una de cada diez personas que consume diariamente. Estos datos hacen de Espa\u00f1a el segundo pa\u00eds de mayor consumo de la OCDE, despu\u00e9s de Portugal. Y si nos fijamos en las cifras seg\u00fan la adquisici\u00f3n ilegal sin receta, nuestro pa\u00eds se sit\u00faa en primera posici\u00f3n mundial.<\/p>\n\n\n\n<p class=\"wp-block-paragraph\">Otra tendencia observable que tambi\u00e9n resulta preocupante hace referencia al perfil del consumidor medio de estas sustancias. Anteriormente, \u00e9ste se correspond\u00eda a mujeres de edad avanzada. No obstante, en los \u00faltimos a\u00f1os este perfil se ha ido rejuveneciendo progresivamente. Los motivos de esto son la f\u00e1cil accesibilidad a este tipo de f\u00e1rmacos, la presi\u00f3n asistencial que potencia la prescripci\u00f3n y dificulta su control y la banalizaci\u00f3n de su consumo a nivel medi\u00e1tico.<\/p>\n\n\n\n<h3 class=\"wp-block-heading\">Aumento del consumo y diferencias de g\u00e9nero en la COVID-19<\/h3>\n\n\n\n<p class=\"wp-block-paragraph\">En este art\u00edculo hemos querido centrarnos en el consumo de psicof\u00e1rmacos de los \u00faltimos meses, ya que se sabe que ha habido un aumento del 20% y que un tercio de las personas que ya consum\u00edan han aumentado la dosis, o han optado por un medicamento m\u00e1s fuerte, pero lo que ha motivado a este art\u00edculo, es que existen diferencias de g\u00e9nero y clase en ese aumento, habiendo afectado particularmente a las mujeres. De hecho, la encuesta epidemiol\u00f3gica publicada por la Facultad de Medicina de la Universidad Aut\u00f3noma de Barcelona parece indicar, que las mujeres est\u00e1n consumiendo m\u00e1s, por el tipo de trabajo que realizan (Navarro, 2020).<\/p>\n\n\n\n<p class=\"wp-block-paragraph\">En muchos casos sus profesiones est\u00e1n vinculadas con los cuidados: el 51.1% de los m\u00e9dicos son mujeres, el 85.1% de los enfermeros son mujeres, el 70% de quienes trabajan en farmacias son mujeres, el 90% de quienes limpian en empresas, hoteles y hogares son mujeres y m\u00e1s del 85% de quienes atienden las cajas en los supermercados son mujeres. Adem\u00e1s que, las mujeres siguen soportando la carga de la inmensa mayor\u00eda de las responsabilidades del hogar y del cuidado de hijos y familiares, sin olvidar, que no hay nada en el sistema conyugal o legal, que respete el trabajo de la mujer en el hogar como si fuese un empleo (Goodrich, Rampage, Ellman y Halstead, 1989).<\/p>\n\n\n\n<p class=\"wp-block-paragraph\">Los datos obtenidos en la encuesta demuestran que el consumo total de tranquilizantes, sedantes, o somn\u00edferos ha sido superior en mujeres (27,4% Mujeres \u2013 15,9% Hombres), as\u00ed como el porcentaje de nuevos consumidores (15,4% Mujeres \u2013 8,8% Hombres).<\/p>\n\n\n\n<p class=\"wp-block-paragraph\">Adem\u00e1s, las personas cuyo salario no permite cubrir las necesidades b\u00e1sicas del hogar parecen estar consumiendo m\u00e1s tranquilizantes y somn\u00edferos que las que s\u00ed pueden cubrirlas (Salas, Llorens, Navarro y Moncada, 2020).<\/p>\n\n\n\n<p class=\"wp-block-paragraph\">Se calcula tambi\u00e9n, que alrededor de uno de cada tres enfermeras, m\u00e9dicas, limpiadoras, gerocultoras y auxiliares de enfermer\u00eda ha declarado estar consumiendo tranquilizantes, sedantes o somn\u00edferos durante la pandemia. En el caso del porcentaje de limpiadoras su consumo se ha duplicado del 16,9% en la pre-pandemia al 34,7% durante la pandemia y en la actualidad, al igual que las auxiliares de geriatr\u00eda (14,3% al 32,3%); siendo especialmente preocupante, el incremento para auxiliares de enfermer\u00eda, que pr\u00e1cticamente se ha triplicado (11,6% al 31,6%).<\/p>\n\n\n\n<p class=\"wp-block-paragraph\">Los enfermeros han aumentado m\u00e1s de tres veces (10,7% al 37,5%) y en el caso de m\u00e9dicas se ha quintuplicado (del 6,9% a 34,7%) (Salas et al., 2020).<\/p>\n\n\n\n<p class=\"wp-block-paragraph\">Si bien es cierto, que en general las mujeres consum\u00edan m\u00e1s psicof\u00e1rmacos que los hombres desde antes de la pandemia, existen estudios que han analizado los factores que podr\u00edan estar influyendo en la prescripci\u00f3n como son el sexo, la edad, el nivel socioecon\u00f3mico y las expectativas sociales (Garc\u00eda, Avil\u00e9s, Ruiz, Falc\u00f3n, Alonso y Fuente, 2005), pudiendo dar a entender que, adem\u00e1s el malestar emocional de las mujeres podr\u00eda est\u00e1 en cierto grado medicalizado (Henares, Ruiz y Mendoza, 2018). Por ello es de vital importancia incorporar la perspectiva de g\u00e9nero al an\u00e1lisis de la prescripci\u00f3n y el uso de psicof\u00e1rmacos.<\/p>\n\n\n\n<p class=\"wp-block-paragraph\">Recordemos adem\u00e1s, que en Espa\u00f1a siguen existiendo diferencias en los profesionales que prescriben, sean varones o mujeres que se ven afectados por sesgos impl\u00edcitos en la sociedad que condicionan, favorecen, o limitan las estrategias de consumo. Por ejemplo, las mujeres consultan m\u00e1s por trastornos depresivos, ansiedad y los hombres por abuso de sustancias y trastornos antisociales de personalidad, pudiendo responder mejor \u00e9stos al estr\u00e9s que reflejan las diferentes expectativas sociales (Vega, Romo, M\u00e1rquez, Poo, Meneses y Gil, 2004).<\/p>\n","protected":false},"excerpt":{"rendered":"<p>SemM\u00e9xico. Madrid, 08 jul. 21. AmecoPress.-\u00a0Si nos fijamos en las diferencias de consumo de sustancias psicoactivas entre hombres y mujeres podemos ver que en pr\u00e1cticamente todas las\u00a0drogas ellos son m\u00e1s consumidores que ellas. Sin embargo, hay una sustancia donde las mujeres predominan por encima de los hombres. Se trata de los psicof\u00e1rmacos donde en Espa\u00f1a [&hellip;]<\/p>\n","protected":false},"author":3,"featured_media":37933,"comment_status":"open","ping_status":"open","sticky":false,"template":"","format":"standard","meta":{"_monsterinsights_skip_tracking":false,"footnotes":""},"categories":[692,135],"tags":[],"class_list":["post-37932","post","type-post","status-publish","format-standard","has-post-thumbnail","category-692","category-emergencia-sanitaria-covid-19"],"_links":{"self":[{"href":"https:\/\/redsemlac.com\/semmexico\/wp-json\/wp\/v2\/posts\/37932","targetHints":{"allow":["GET"]}}],"collection":[{"href":"https:\/\/redsemlac.com\/semmexico\/wp-json\/wp\/v2\/posts"}],"about":[{"href":"https:\/\/redsemlac.com\/semmexico\/wp-json\/wp\/v2\/types\/post"}],"author":[{"embeddable":true,"href":"https:\/\/redsemlac.com\/semmexico\/wp-json\/wp\/v2\/users\/3"}],"replies":[{"embeddable":true,"href":"https:\/\/redsemlac.com\/semmexico\/wp-json\/wp\/v2\/comments?post=37932"}],"version-history":[{"count":0,"href":"https:\/\/redsemlac.com\/semmexico\/wp-json\/wp\/v2\/posts\/37932\/revisions"}],"wp:featuredmedia":[{"embeddable":true,"href":"https:\/\/redsemlac.com\/semmexico\/wp-json\/wp\/v2\/media\/37933"}],"wp:attachment":[{"href":"https:\/\/redsemlac.com\/semmexico\/wp-json\/wp\/v2\/media?parent=37932"}],"wp:term":[{"taxonomy":"category","embeddable":true,"href":"https:\/\/redsemlac.com\/semmexico\/wp-json\/wp\/v2\/categories?post=37932"},{"taxonomy":"post_tag","embeddable":true,"href":"https:\/\/redsemlac.com\/semmexico\/wp-json\/wp\/v2\/tags?post=37932"}],"curies":[{"name":"wp","href":"https:\/\/api.w.org\/{rel}","templated":true}]}}