{"id":37928,"date":"2021-07-08T10:49:20","date_gmt":"2021-07-08T16:49:20","guid":{"rendered":"https:\/\/redsemlac.com\/semmexico\/?p=37928"},"modified":"2023-07-21T17:04:07","modified_gmt":"2023-07-21T22:04:07","slug":"se-llamaba-ana-colombiana-19-anos-empujada-cruelmente-al-suicidio","status":"publish","type":"post","link":"https:\/\/redsemlac.com\/semmexico\/se-llamaba-ana-colombiana-19-anos-empujada-cruelmente-al-suicidio\/","title":{"rendered":"Se llamaba Ana\u2026 colombiana, 19 a\u00f1os, empujada cruelmente al suicidio\u2026."},"content":{"rendered":"\n<p class=\"wp-block-paragraph\">Por\u00a0<a href=\"https:\/\/amecopress.net\/Daniel-Pont\">Daniel Pont<\/a><\/p>\n\n\n\n<p class=\"wp-block-paragraph\">Los titulares generalizados de los medios titulaban el pasado d\u00eda 5: \u201cse suicida una chica de 19 a\u00f1os en la c\u00e1rcel de Brians\u201d. Despu\u00e9s dan \u201clos detalles\u201d de que era colombiana, que estaba presa por cinco delitos menores, uno de ellos, por incumplimiento de una orden de alejamiento familiar\u2026<\/p>\n\n\n\n<p class=\"wp-block-paragraph\">SemM\u00e9xico. Barcelona, 08 jul. 21. AmecoPress\/El Loka.-\u00a0<em>Se llamaba Ana\u2026<\/em><\/p>\n\n\n\n<p class=\"wp-block-paragraph\"><em>Desde hace muchos a\u00f1os los medios de comunicaci\u00f3n transmiten \u00e9stas noticias de forma esquem\u00e1tica, fr\u00eda, como m\u00e1quinas. Hacen un tratamiento, por desgracia ya cl\u00e1sico, de las decenas de muertes en prisi\u00f3n ( por suicidio o \u201csobredosis\u201d) de los que no interesan, los no rentables, los que engulle la m\u00e1quina social insensible y cruel, tras vidas precarias, al l\u00edmite o en la frontera de la segregaci\u00f3n social, racial, econ\u00f3mica.<\/em><\/p>\n\n\n\n<p class=\"wp-block-paragraph\">Esos titulares contribuyen a esconder, por falta de investigaci\u00f3n period\u00edstica, la crueldad del aislamiento en la c\u00e1rcel, la inhumana situaci\u00f3n que supone estar d\u00edas incomunicado del mundo, de los afectos, de los est\u00edmulos vitales necesarios para seguir existiendo: decenas de suicidios han ocurrido en \u00e9sta situaci\u00f3n.<\/p>\n\n\n\n<p class=\"wp-block-paragraph\">Hace unos a\u00f1os el Parlament de Catalunya cre\u00f3 una Comisi\u00f3n de Investigaci\u00f3n sobre las consecuencias del aislamiento carcelario prolongado (en Catalunya el DERT) auspiciado por el Observatorio por la defensa de los DDHH en las c\u00e1rceles: s\u00f3lo recuerdo las dificultades creadas por determinados sindicatos corporativistas de prisiones (CCOO y UGT entre ellos) para dificultar profundizar en la investigaci\u00f3n.<\/p>\n\n\n\n<p class=\"wp-block-paragraph\">Como prolongaci\u00f3n en el tiempo, estos sindicatos y otros profesionales dominantes en prisiones denunciaron a I\u00f1aki Rivera (OSPDH) por sus afirmaciones p\u00fablicas sobre suicidios y malos tratos en las c\u00e1rceles, afirmaci\u00f3n que un gran n\u00famero de colectivos respaldan. En \u00e9stos d\u00edas, como cruel paradoja, de nuevo hemos le\u00eddo que ante el suicidio de otro preso quemado vivo en \u201csu\u201d celda de aislamiento de la c\u00e1rcel de Puig de les Basses, el sindicato de prisiones UGT responsabilizaba moralmente a diversas organizaciones de DDHH sobre su muerte\u2026 Circulo vicioso de una infernal situaci\u00f3n, del cruel goteo de muertes en prisi\u00f3n que desde hace a\u00f1os se vienen produciendo en las c\u00e1rceles de \u00e9ste pa\u00eds.<\/p>\n\n\n\n<p class=\"wp-block-paragraph\">Como siempre se crear\u00e1 una comisi\u00f3n, donde estos sindicatos profesionales aprovechan para denunciar su supuesta indefensi\u00f3n ante personas presas que \u201cles amenazan\u201d\u2026 suicid\u00e1ndose. Y poco m\u00e1s: la inhumana pr\u00e1ctica del aislamiento carcelario seguir\u00e1 intocable, seguir\u00e1 interminable el actual goteo de muertes, ante una sociedad c\u00f3mplice por su silencio y unos medios carentes de la m\u00e1s m\u00ednima \u00e9tica period\u00edstica.<\/p>\n\n\n\n<p class=\"wp-block-paragraph\">En los \u00faltimos a\u00f1os 70, en plena Transici\u00f3n pol\u00edtica, los presos sociales a trav\u00e9s de la COPEL, hartos de tanto sufrimiento sin respuesta social decidieron hacerse escuchar autolesion\u00e1ndose y quemando las c\u00e1rceles. Quiz\u00e1s en la actualidad \u00e9sta sociedad insensible est\u00e9 incubando la injusticia de otra explosi\u00f3n carcelaria: de momento, ante su desesperaci\u00f3n, los presos y presas ponen los muertos\u2026<\/p>\n\n\n\n<p class=\"wp-block-paragraph\">Se llamaba Ana, colombiana, 19 a\u00f1os, empujada cruelmente al suicidio por una sociedad y unas leyes especialmente duras contra los excluidos, los \u201cdon nadie\u201d, los sin nombre\u2026<\/p>\n","protected":false},"excerpt":{"rendered":"<p>Por\u00a0Daniel Pont Los titulares generalizados de los medios titulaban el pasado d\u00eda 5: \u201cse suicida una chica de 19 a\u00f1os en la c\u00e1rcel de Brians\u201d. Despu\u00e9s dan \u201clos detalles\u201d de que era colombiana, que estaba presa por cinco delitos menores, uno de ellos, por incumplimiento de una orden de alejamiento familiar\u2026 SemM\u00e9xico. Barcelona, 08 jul. [&hellip;]<\/p>\n","protected":false},"author":3,"featured_media":37929,"comment_status":"open","ping_status":"open","sticky":false,"template":"","format":"standard","meta":{"_monsterinsights_skip_tracking":false,"footnotes":""},"categories":[692,53],"tags":[],"class_list":["post-37928","post","type-post","status-publish","format-standard","has-post-thumbnail","category-692","category-internacional"],"_links":{"self":[{"href":"https:\/\/redsemlac.com\/semmexico\/wp-json\/wp\/v2\/posts\/37928","targetHints":{"allow":["GET"]}}],"collection":[{"href":"https:\/\/redsemlac.com\/semmexico\/wp-json\/wp\/v2\/posts"}],"about":[{"href":"https:\/\/redsemlac.com\/semmexico\/wp-json\/wp\/v2\/types\/post"}],"author":[{"embeddable":true,"href":"https:\/\/redsemlac.com\/semmexico\/wp-json\/wp\/v2\/users\/3"}],"replies":[{"embeddable":true,"href":"https:\/\/redsemlac.com\/semmexico\/wp-json\/wp\/v2\/comments?post=37928"}],"version-history":[{"count":0,"href":"https:\/\/redsemlac.com\/semmexico\/wp-json\/wp\/v2\/posts\/37928\/revisions"}],"wp:featuredmedia":[{"embeddable":true,"href":"https:\/\/redsemlac.com\/semmexico\/wp-json\/wp\/v2\/media\/37929"}],"wp:attachment":[{"href":"https:\/\/redsemlac.com\/semmexico\/wp-json\/wp\/v2\/media?parent=37928"}],"wp:term":[{"taxonomy":"category","embeddable":true,"href":"https:\/\/redsemlac.com\/semmexico\/wp-json\/wp\/v2\/categories?post=37928"},{"taxonomy":"post_tag","embeddable":true,"href":"https:\/\/redsemlac.com\/semmexico\/wp-json\/wp\/v2\/tags?post=37928"}],"curies":[{"name":"wp","href":"https:\/\/api.w.org\/{rel}","templated":true}]}}