{"id":37922,"date":"2021-07-08T10:37:43","date_gmt":"2021-07-08T16:37:43","guid":{"rendered":"https:\/\/redsemlac.com\/semmexico\/?p=37922"},"modified":"2023-07-21T17:04:07","modified_gmt":"2023-07-21T22:04:07","slug":"publican-despenalizacion-del-aborto-en-hidalgo","status":"publish","type":"post","link":"https:\/\/redsemlac.com\/semmexico\/publican-despenalizacion-del-aborto-en-hidalgo\/","title":{"rendered":"Publican despenalizaci\u00f3n del aborto en Hidalgo"},"content":{"rendered":"\n<p class=\"wp-block-paragraph\">Ya es ley, a pesar de las presiones y respondiendo a las demandas<\/p>\n\n\n\n<p class=\"wp-block-paragraph\">Ignacio Garc\u00eda&nbsp;<\/p>\n\n\n\n<p class=\"wp-block-paragraph\">SemM\u00e9xico, Pachuca, Hidalgo, 8 de julio, 2021.- El gobierno de Hidalgo public\u00f3 en el Peri\u00f3dico Oficial del Estado de Hidalgo (POEH) la reforma al c\u00f3digo penal de la entidad y a la Ley de Salud de la entidad que despenaliza el aborto en el estado, por lo cual ya es legal la interrupci\u00f3n legal del embarazo.<\/p>\n\n\n\n<p class=\"wp-block-paragraph\">Despu\u00e9s de casi una semana de haberse aprobado la reforma que presentaron diputadas locales del Movimiento de Regeneraci\u00f3n Nacional (Morena), el Poder Ejecutivo public\u00f3 en la instancia oficial que es v\u00e1lida la interrupci\u00f3n legal del embarazo en la entidad.<\/p>\n\n\n\n<p class=\"wp-block-paragraph\">Las reformas contemplaron modificaciones a los art\u00edculos 154, 155, 156 y 158 del c\u00f3digo penal de la entidad, en el que anteriormente se tipificaba como delito la interrupci\u00f3n legal del embarazo en la entidad, as\u00ed como fallas al cap\u00edtulo que establece la interrupci\u00f3n legal del embarazo.<\/p>\n\n\n\n<p class=\"wp-block-paragraph\">Con las modificaciones la Ley de Salud de la entidad establece que el aborto es la interrupci\u00f3n del embarazo despu\u00e9s de la d\u00e9cima segunda semana de gestaci\u00f3n, por lo cual el proceso de la reproducci\u00f3n humana comienza a partir de la implantaci\u00f3n del embri\u00f3n al endometrio.<\/p>\n\n\n\n<p class=\"wp-block-paragraph\">Apenas ayer un grupo de integrantes de la colectiva \u201ccat\u00f3licas por el derecho a decidir\u201d pidieron al gobierno de Hidalgo priorizar la publicaci\u00f3n en el POEH la interrupci\u00f3n legal del embarazo para garantizar su publicaci\u00f3n a la brevedad.<\/p>\n\n\n\n<p class=\"wp-block-paragraph\">El mi\u00e9rcoles de la semana pasada el Congreso local aprob\u00f3 con 16 votos a favor y una abstenci\u00f3n la despenalizaci\u00f3n del embarazo en el estado hasta las 12 semanas de gestaci\u00f3n, mientras que legisladores de oposici\u00f3n acusaron imposici\u00f3n por parte del grupo legislativo de Morena y anunciaron que impugnar\u00edan la decisi\u00f3n.<\/p>\n","protected":false},"excerpt":{"rendered":"<p>Ya es ley, a pesar de las presiones y respondiendo a las demandas Ignacio Garc\u00eda&nbsp; SemM\u00e9xico, Pachuca, Hidalgo, 8 de julio, 2021.- El gobierno de Hidalgo public\u00f3 en el Peri\u00f3dico Oficial del Estado de Hidalgo (POEH) la reforma al c\u00f3digo penal de la entidad y a la Ley de Salud de la entidad que despenaliza [&hellip;]<\/p>\n","protected":false},"author":3,"featured_media":37923,"comment_status":"open","ping_status":"open","sticky":false,"template":"","format":"standard","meta":{"_monsterinsights_skip_tracking":false,"footnotes":""},"categories":[692,51],"tags":[],"class_list":["post-37922","post","type-post","status-publish","format-standard","has-post-thumbnail","category-692","category-ejecutivo"],"_links":{"self":[{"href":"https:\/\/redsemlac.com\/semmexico\/wp-json\/wp\/v2\/posts\/37922","targetHints":{"allow":["GET"]}}],"collection":[{"href":"https:\/\/redsemlac.com\/semmexico\/wp-json\/wp\/v2\/posts"}],"about":[{"href":"https:\/\/redsemlac.com\/semmexico\/wp-json\/wp\/v2\/types\/post"}],"author":[{"embeddable":true,"href":"https:\/\/redsemlac.com\/semmexico\/wp-json\/wp\/v2\/users\/3"}],"replies":[{"embeddable":true,"href":"https:\/\/redsemlac.com\/semmexico\/wp-json\/wp\/v2\/comments?post=37922"}],"version-history":[{"count":0,"href":"https:\/\/redsemlac.com\/semmexico\/wp-json\/wp\/v2\/posts\/37922\/revisions"}],"wp:featuredmedia":[{"embeddable":true,"href":"https:\/\/redsemlac.com\/semmexico\/wp-json\/wp\/v2\/media\/37923"}],"wp:attachment":[{"href":"https:\/\/redsemlac.com\/semmexico\/wp-json\/wp\/v2\/media?parent=37922"}],"wp:term":[{"taxonomy":"category","embeddable":true,"href":"https:\/\/redsemlac.com\/semmexico\/wp-json\/wp\/v2\/categories?post=37922"},{"taxonomy":"post_tag","embeddable":true,"href":"https:\/\/redsemlac.com\/semmexico\/wp-json\/wp\/v2\/tags?post=37922"}],"curies":[{"name":"wp","href":"https:\/\/api.w.org\/{rel}","templated":true}]}}