{"id":37920,"date":"2021-07-08T10:34:58","date_gmt":"2021-07-08T16:34:58","guid":{"rendered":"https:\/\/redsemlac.com\/semmexico\/?p=37920"},"modified":"2023-07-21T17:04:08","modified_gmt":"2023-07-21T22:04:08","slug":"uno-lo-llama-pobrecito-hombre-y-otro-chachalaca-mananera","status":"publish","type":"post","link":"https:\/\/redsemlac.com\/semmexico\/uno-lo-llama-pobrecito-hombre-y-otro-chachalaca-mananera\/","title":{"rendered":"Uno lo llama \u201cpobrecito hombre\u201d y otro \u201cchachalaca ma\u00f1anera\u201d"},"content":{"rendered":"\n<p class=\"wp-block-paragraph\">Jorge Herrera Valenzuela<\/p>\n\n\n\n<p class=\"wp-block-paragraph\">LA LIBERTAD DE EXPRESI\u00d3N JAM\u00c1S ES NEGOCIABLE<\/p>\n\n\n\n<p class=\"wp-block-paragraph\">SemM\u00e9xico, Cd. de M\u00e9xico, 8 de julio, 2021.- Desatada la guerra presidencial en contra de los reporteros\/as, redactores\/as, columnistas, caricaturistas y articulistas de los medios informativos \u2013impresos, radiof\u00f3nicos, televisivos y digitales&#8211;, record\u00e9 al abogado aguascalentense&nbsp;<strong>Teodosio Lares&nbsp;<\/strong>que colabor\u00f3 con&nbsp;<strong>Antonio L\u00f3pez de Santa Anna<\/strong>, en su und\u00e9cimo y \u00faltimo periodo, 1853-1855. Lares, ministro de Justicia, recibi\u00f3 la orden de redactar una&nbsp;<strong>Ley de Imprenta<\/strong>, para impedir cualquier tipo de cr\u00edtica al presidente o a las instituciones. Lo \u00fanico permitido a periodistas, cartonistas y epigramistas, era respirar.<\/p>\n\n\n\n<p class=\"wp-block-paragraph\">Lares hizo su propia clasificaci\u00f3n de los periodistas:&nbsp;<strong>sediciosos<\/strong>, los que publiquen noticias falsas;&nbsp;<strong>inmorales<\/strong>, los contrarios a la decencia y las buenas costumbres;&nbsp;<strong>injuriosos,&nbsp;<\/strong>los que van contra la buena reputaci\u00f3n; y&nbsp;<strong>calumniosos<\/strong>, los que agravien a las instituciones o a las personas. Cay\u00f3 Santa Anna y Lares sirvi\u00f3 al emperador Maximiliano.<\/p>\n\n\n\n<p class=\"wp-block-paragraph\">En este Siglo XXI subsiste la Ley de Imprenta que para los efectos informativos dej\u00f3 de ser operante, desde hace muchos a\u00f1os. En las \u00faltimas d\u00e9cadas del siglo pasado se produjo un cambio radical al aparecer las primeras direcciones de&nbsp;<strong>Comunicaci\u00f3n Social<\/strong>, antes denominadas Oficinas de Prensa. A partir de la introducci\u00f3n de la computaci\u00f3n el periodismo en general se transform\u00f3, desaparecieron los talleres donde laboraban linotipistas, cajistas, quienes formaban las&nbsp;&nbsp;planas. La funci\u00f3n de reportear y redactar , es historia.&nbsp;<\/p>\n\n\n\n<p class=\"wp-block-paragraph\">La inmediatez de la noticia rige en estos d\u00edas. Las redes sociales no son una moda sino una modalidad aplicada y a la que debemos de adaptarnos. La cibern\u00e9tica abri\u00f3 un caudal amplio a los usuarios del moderno sistema de comunicaci\u00f3n. Las noticias, los comentarios, las cr\u00edticas, tienen un mayor impacto, tanto en lo positivo como en lo negativo, que hasta los mismos gobernantes acceden a esos espacios.<\/p>\n\n\n\n<p class=\"wp-block-paragraph\">&nbsp;En nuestro pa\u00eds, el Presidente de M\u00e9xico que gobierna verbalmente por medio de su programa televisivo, de lunes a viernes, a partir de las 7 de la ma\u00f1ana, conocido como \u201cConferencias Ma\u00f1aneras\u201d, tiene una nueva secci\u00f3n a cargo de la joven&nbsp;<strong>Ana Elizabeth Garc\u00eda Vilchis<\/strong>, quien se autodescribi\u00f3 como&nbsp;<strong>chaira, feminista y amlover<\/strong>; es antrop\u00f3loga egresada de la Benem\u00e9rita Universidad Aut\u00f3noma de Puebla.<\/p>\n\n\n\n<p class=\"wp-block-paragraph\"><strong>ATACARME, ES SU NEGOCIO<\/strong><\/p>\n\n\n\n<p class=\"wp-block-paragraph\">Este 7 de julio ser\u00e1 el segundo mi\u00e9rcoles que se transmita desde Palacio Nacional la Secci\u00f3n \u201c<strong>Qui\u00e9n es Qui\u00e9n en Las Mentiras<\/strong>\u201d, creada por el tabasque\u00f1o y quien el \u00faltimo mi\u00e9rcoles de junio dijo, en su conferencia matinal:&nbsp;<\/p>\n\n\n\n<p class=\"wp-block-paragraph\">\u201c<strong>Vamos a iniciar la secci\u00f3n, de estas conferencias, destinada a dar a conocer las mentiras que se difunden en medios informativos convencionales y tambi\u00e9n en las redes sociales, para se vaya (creando), cada vez m\u00e1s, una ciudadan\u00eda muy consciente, no susceptible de manipulaci\u00f3n y que permanezca siempre de verdad, que es la que nos hace libres<\/strong>\u201d.<\/p>\n\n\n\n<p class=\"wp-block-paragraph\">El hu\u00e9sped de Palacio Nacional asegur\u00f3: \u201c<strong>El periodismo, como la pol\u00edtica, es un imperativo \u00e9tico, no debe usarse para la calumnia. Tiene que ser un medio para informar con objetividad, con profesionalismo, a los ciudadanos,&nbsp;&nbsp;y siempre con argumentos y pruebas<\/strong>\u201d. Adem\u00e1s de afirmar que \u201cNo hay en M\u00e9xico un periodismo profesional independiente\u201d, no dud\u00f3 ni parpade\u00f3 al decir: \u201c<strong>Ellos, los periodistas, tambi\u00e9n viven de eso, les es negocio atacarme o sea, reciben recursos por esa l\u00ednea editorial para atacarnos, ser\u00eda<\/strong>&nbsp;<strong>muy dif\u00edcil que no nos atacaran porque entonces no tendr\u00edan ingresos, no generalizo pero muchos reciben dinero de nuestros adversarios<\/strong>\u201d.<\/p>\n\n\n\n<p class=\"wp-block-paragraph\">Juzgue Usted, visitante de esta p\u00e1gina digital, las palabras de quien deber\u00eda de resolver los problemas nacionales y dejarse de \u201cgobernar frente a un micr\u00f3fono y las c\u00e1maras de televisi\u00f3n\u201d.<\/p>\n\n\n\n<p class=\"wp-block-paragraph\"><strong>OPINA EL ACTOR H\u00c9CTOR SUAREZ G.<\/strong><\/p>\n\n\n\n<p class=\"wp-block-paragraph\">Por primera vez leo una opini\u00f3n pol\u00edtica, con sentido cr\u00edtico, del actor&nbsp;<strong>H\u00e9ctor Su\u00e1rez Gom\u00eds<\/strong>&nbsp;y precisamente en torno al Presidente de M\u00e9xico nacido en Macuspana, Tabasco. En su comentario sat\u00edrico, no precisamente como los que hac\u00eda su padre, el actor del mismo nombre, lo calific\u00f3 de \u201c<strong>pobrecito hombre<\/strong>\u201d y que \u201c<strong>las ma\u00f1aneras<\/strong>&nbsp;\u201c<strong>son para alimentar su ego<\/strong>\u201d.&nbsp;<\/p>\n\n\n\n<p class=\"wp-block-paragraph\">Estas son las afirmaciones del hijo de H\u00e9ctor Su\u00e1rez y Pepita Gom\u00eds:<\/p>\n\n\n\n<p class=\"wp-block-paragraph\">\u201cCada vez que por su incapacidad no puede cumplir un objetivo, va a lloriquear dici\u00e9ndonos que los conservadores y el pasado impiden hacer el bien. La culpa siempre la van a tener los dem\u00e1s, porque como \u00e9l es perfecto, es incapaz de cometer un error.<\/p>\n\n\n\n<p class=\"wp-block-paragraph\">\u201cUn verdadero l\u00edder no solo acepta sus errores sino que aprende de ellos y este pobre hombrecito, cada vez que se equ\u00edvoca, culpa a los dem\u00e1s. \u00a1Cree que lo sabe todo! Es muy soberbio, mit\u00f3mano y no siente empat\u00eda por nada ni por nadie.<\/p>\n\n\n\n<p class=\"wp-block-paragraph\">\u201cUn verdadero l\u00edder permite que se le cuestione y no obliga a los dem\u00e1s a estar de acuerdo con \u00e9l, en todo. Los l\u00edderes saben escuchar a los dem\u00e1s y a este \u201cBenito Ju\u00e1rez\u201d solo le gusta escucharse asimismo. Las Ma\u00f1aneras son para alimentar su ego. Sus seguidores, sus mascotas, son igual de adictos que su \u00eddolo\u201d.&nbsp;&nbsp;&nbsp;<\/p>\n\n\n\n<p class=\"wp-block-paragraph\"><strong>ESCRIBE UN JURISTA JALISCIENSE<\/strong><\/p>\n\n\n\n<p class=\"wp-block-paragraph\">Tambi\u00e9n en las redes sociales circul\u00f3 lo que escribi\u00f3 el abogado y catedr\u00e1tico universitario, adem\u00e1s de analista pol\u00edtico&nbsp;<strong>El\u00edas Lea\u00f1os Mares<\/strong>, quien en una l\u00ednea de su comentario utiliz\u00f3 unas palabras que el tabasque\u00f1o le dirigi\u00f3, despectivamente al panista&nbsp;<strong>Vicente Fox Quesada. \u201cC\u00e1llate Chachalaca\u201d<\/strong>. Lea\u00f1os Mares se\u00f1al\u00f3 que en la actual administraci\u00f3n federal nada se resuelve y los problemas nacionales se agravan cada veinticuatro horas.<\/p>\n\n\n\n<p class=\"wp-block-paragraph\">Lo que escribi\u00f3 el jurista jalisciense, es lo siguiente:<\/p>\n\n\n\n<p class=\"wp-block-paragraph\">\u201cEl Peje tiene toda una estrategia publicitaria diaria; ahora ha enrolado a todos los comunicadores que no le aplauden. Siempre (gusta) de tener un distractor para que el grueso de la sociedad no lo critique ni analice la ineficiencia, la corrupci\u00f3n, el saqueo de las arcas p\u00fablicas de su gobierno.<\/p>\n\n\n\n<p class=\"wp-block-paragraph\">\u201cA diario est\u00e1 considerando una serie de tonter\u00edas que repite como&nbsp;<strong>chachalaca ma\u00f1anera<\/strong>&nbsp;desde su p\u00falpito, sin dar el derecho de r\u00e9plica, vaya ni siquiera a los gobernadores como es el caso de Aureoles (gobernador de Michoac\u00e1n) mucho menos al pueblo.<\/p>\n\n\n\n<p class=\"wp-block-paragraph\">\u201cNo se pone a trabajar para resolver los graves problemas de M\u00e9xico, que son muchos y variados. Basta ver la salud, la educaci\u00f3n, la inseguridad, el desempleo, la falta de crecimiento econ\u00f3mico que tiene a M\u00e9xico como un Estado fallido, en manos del narcotr\u00e1fico.<\/p>\n\n\n\n<p class=\"wp-block-paragraph\">\u201cNo hay que perder el tiempo oyendo o comentando las tonter\u00edas de El Peje. La ma\u00f1anera para \u00e9l es una diversi\u00f3n, se burla y critica a la sociedad mexicana, creando un clima de divisi\u00f3n que puede \u201cdespertar al M\u00e9xico Bronco\u201d como dec\u00eda&nbsp;<strong>Jes\u00fas Reyes Heroles<\/strong>&nbsp;y que termine con la balcanizaci\u00f3n del pa\u00eds\u201d.&nbsp;<\/p>\n\n\n\n<p class=\"wp-block-paragraph\"><strong>jherrerav@live.com.mx<\/strong><\/p>\n","protected":false},"excerpt":{"rendered":"<p>Jorge Herrera Valenzuela LA LIBERTAD DE EXPRESI\u00d3N JAM\u00c1S ES NEGOCIABLE SemM\u00e9xico, Cd. de M\u00e9xico, 8 de julio, 2021.- Desatada la guerra presidencial en contra de los reporteros\/as, redactores\/as, columnistas, caricaturistas y articulistas de los medios informativos \u2013impresos, radiof\u00f3nicos, televisivos y digitales&#8211;, record\u00e9 al abogado aguascalentense&nbsp;Teodosio Lares&nbsp;que colabor\u00f3 con&nbsp;Antonio L\u00f3pez de Santa Anna, en su und\u00e9cimo [&hellip;]<\/p>\n","protected":false},"author":3,"featured_media":7843,"comment_status":"open","ping_status":"open","sticky":false,"template":"","format":"standard","meta":{"_monsterinsights_skip_tracking":false,"footnotes":""},"categories":[692,94,35,107],"tags":[],"class_list":["post-37920","post","type-post","status-publish","format-standard","has-post-thumbnail","category-692","category-jorge-herrera-valenzuela","category-opinion","category-rafaga"],"_links":{"self":[{"href":"https:\/\/redsemlac.com\/semmexico\/wp-json\/wp\/v2\/posts\/37920","targetHints":{"allow":["GET"]}}],"collection":[{"href":"https:\/\/redsemlac.com\/semmexico\/wp-json\/wp\/v2\/posts"}],"about":[{"href":"https:\/\/redsemlac.com\/semmexico\/wp-json\/wp\/v2\/types\/post"}],"author":[{"embeddable":true,"href":"https:\/\/redsemlac.com\/semmexico\/wp-json\/wp\/v2\/users\/3"}],"replies":[{"embeddable":true,"href":"https:\/\/redsemlac.com\/semmexico\/wp-json\/wp\/v2\/comments?post=37920"}],"version-history":[{"count":0,"href":"https:\/\/redsemlac.com\/semmexico\/wp-json\/wp\/v2\/posts\/37920\/revisions"}],"wp:featuredmedia":[{"embeddable":true,"href":"https:\/\/redsemlac.com\/semmexico\/wp-json\/wp\/v2\/media\/7843"}],"wp:attachment":[{"href":"https:\/\/redsemlac.com\/semmexico\/wp-json\/wp\/v2\/media?parent=37920"}],"wp:term":[{"taxonomy":"category","embeddable":true,"href":"https:\/\/redsemlac.com\/semmexico\/wp-json\/wp\/v2\/categories?post=37920"},{"taxonomy":"post_tag","embeddable":true,"href":"https:\/\/redsemlac.com\/semmexico\/wp-json\/wp\/v2\/tags?post=37920"}],"curies":[{"name":"wp","href":"https:\/\/api.w.org\/{rel}","templated":true}]}}