{"id":37917,"date":"2021-07-08T10:33:55","date_gmt":"2021-07-08T16:33:55","guid":{"rendered":"https:\/\/redsemlac.com\/semmexico\/?p=37917"},"modified":"2023-07-21T17:04:08","modified_gmt":"2023-07-21T22:04:08","slug":"manifestacion-pide-justicia-para-juan-vera-acusado-por-tentativa-de-feminicidio","status":"publish","type":"post","link":"https:\/\/redsemlac.com\/semmexico\/manifestacion-pide-justicia-para-juan-vera-acusado-por-tentativa-de-feminicidio\/","title":{"rendered":"Manifestaci\u00f3n  pide  justicia para Juan Vera, acusado por tentativa de feminicidio"},"content":{"rendered":"\n<p class=\"wp-block-paragraph\">Es se\u00f1alado como autor intelectual de lanzar acido a saxofonista, Elena R\u00edos_<\/p>\n\n\n\n<p class=\"wp-block-paragraph\">Mujeres se manifiestan en la capital<\/p>\n\n\n\n<p class=\"wp-block-paragraph\">Patricia Brise\u00f1o<\/p>\n\n\n\n<p class=\"wp-block-paragraph\">SemM\u00e9xico,&nbsp;&nbsp;Oaxaca, Oax., Familiares y amistades de Juan Vera Carrizal, procesado por tentativa&nbsp;&nbsp;de feminicidio al planear lanzar \u00e1cido sulf\u00farico a la saxofonista, Mar\u00eda Elena R\u00edos Ortiz,&nbsp;&nbsp;realizaron una marcha y protestaron&nbsp;&nbsp;afuera de la casa oficial del gobierno, en la ciudad de Oaxaca.<\/p>\n\n\n\n<p class=\"wp-block-paragraph\">El grupo conformado por mujeres&nbsp;&nbsp;se concentr\u00f3 en la fuente de las ocho regiones, en la zona norte de la ciudad, vest\u00edan playera blanca con la leyenda \u201cMujeres Unidas con Juan Vera\u201d, tambi\u00e9n portaron cartulinas y lonas en color rosa que exig\u00edan&nbsp;&nbsp;respeto a los derechos humanos del imputado, recluido en el penal varonil de San Francisco Tanivet, Tlacolula.<\/p>\n\n\n\n<p class=\"wp-block-paragraph\">Durante el recorrido para reclamar justicia tambi\u00e9n exigieron la intervenci\u00f3n del gobernador, Alejandro Murat, en la liberaci\u00f3n de Vera, ex diputado local y empresario gasolinero.<\/p>\n\n\n\n<p class=\"wp-block-paragraph\">El 28 de junio pasado la Fiscal\u00eda General del Estado de Oaxaca emiti\u00f3 una ficha de b\u00fasqueda para localizar a Juan Antonio Vera Hern\u00e1ndez, El Junior, hijo del ex legislador priista y&nbsp;&nbsp;gasolinero, Juan Vera Carrizal, por ser uno de los presuntos autores intelectuales del ataque con \u00e1cido a R\u00edos Ortiz.<\/p>\n\n\n\n<p class=\"wp-block-paragraph\">La ficha de b\u00fasqueda es por tentativa de feminicidio y ofrece una recompensa de hasta un mill\u00f3n de pesos por informaci\u00f3n ver\u00eddica que conduzca a su paradero y facilite su captura.<\/p>\n\n\n\n<p class=\"wp-block-paragraph\">De acuerdo con las periciales y versi\u00f3n de la v\u00edctima,&nbsp;&nbsp;Vera Hern\u00e1ndez, por \u00f3rdenes de su padre, contrat\u00f3 a dos trabajadores de la construcci\u00f3n para que agredieran a la saxofonista, quien fue atacada con \u00e1cido el 9 de septiembre de 2019, dentro de domicilio.<\/p>\n","protected":false},"excerpt":{"rendered":"<p>Es se\u00f1alado como autor intelectual de lanzar acido a saxofonista, Elena R\u00edos_ Mujeres se manifiestan en la capital Patricia Brise\u00f1o SemM\u00e9xico,&nbsp;&nbsp;Oaxaca, Oax., Familiares y amistades de Juan Vera Carrizal, procesado por tentativa&nbsp;&nbsp;de feminicidio al planear lanzar \u00e1cido sulf\u00farico a la saxofonista, Mar\u00eda Elena R\u00edos Ortiz,&nbsp;&nbsp;realizaron una marcha y protestaron&nbsp;&nbsp;afuera de la casa oficial del gobierno, [&hellip;]<\/p>\n","protected":false},"author":3,"featured_media":37918,"comment_status":"open","ping_status":"open","sticky":false,"template":"","format":"standard","meta":{"_monsterinsights_skip_tracking":false,"footnotes":""},"categories":[692,52],"tags":[],"class_list":["post-37917","post","type-post","status-publish","format-standard","has-post-thumbnail","category-692","category-hombres"],"_links":{"self":[{"href":"https:\/\/redsemlac.com\/semmexico\/wp-json\/wp\/v2\/posts\/37917","targetHints":{"allow":["GET"]}}],"collection":[{"href":"https:\/\/redsemlac.com\/semmexico\/wp-json\/wp\/v2\/posts"}],"about":[{"href":"https:\/\/redsemlac.com\/semmexico\/wp-json\/wp\/v2\/types\/post"}],"author":[{"embeddable":true,"href":"https:\/\/redsemlac.com\/semmexico\/wp-json\/wp\/v2\/users\/3"}],"replies":[{"embeddable":true,"href":"https:\/\/redsemlac.com\/semmexico\/wp-json\/wp\/v2\/comments?post=37917"}],"version-history":[{"count":0,"href":"https:\/\/redsemlac.com\/semmexico\/wp-json\/wp\/v2\/posts\/37917\/revisions"}],"wp:featuredmedia":[{"embeddable":true,"href":"https:\/\/redsemlac.com\/semmexico\/wp-json\/wp\/v2\/media\/37918"}],"wp:attachment":[{"href":"https:\/\/redsemlac.com\/semmexico\/wp-json\/wp\/v2\/media?parent=37917"}],"wp:term":[{"taxonomy":"category","embeddable":true,"href":"https:\/\/redsemlac.com\/semmexico\/wp-json\/wp\/v2\/categories?post=37917"},{"taxonomy":"post_tag","embeddable":true,"href":"https:\/\/redsemlac.com\/semmexico\/wp-json\/wp\/v2\/tags?post=37917"}],"curies":[{"name":"wp","href":"https:\/\/api.w.org\/{rel}","templated":true}]}}