{"id":37869,"date":"2021-07-07T12:06:00","date_gmt":"2021-07-07T18:06:00","guid":{"rendered":"https:\/\/redsemlac.com\/semmexico\/?p=37869"},"modified":"2023-07-21T17:03:32","modified_gmt":"2023-07-21T22:03:32","slug":"controla-tu-gobierno","status":"publish","type":"post","link":"https:\/\/redsemlac.com\/semmexico\/controla-tu-gobierno\/","title":{"rendered":"Controla tu Gobierno"},"content":{"rendered":"\n<h2 class=\"wp-block-heading\"><strong>Mirada Violeta<\/strong><\/h2>\n\n\n\n<p class=\"wp-block-paragraph\"><strong>Guadalupe Ramos Ponce<\/strong><\/p>\n\n\n\n<p class=\"wp-block-paragraph\">SemM\u00e9xico, Guadalajara, Jalisco, 7 de julio, 2021.- Esta semana me encuentro en la ciudad de M\u00e9xico en un evento sobre \u201cLa Calidad de la Democracia m\u00e1s all\u00e1 de las Urnas\u201d. Desde hace varios meses participamos diversas organizaciones en un proceso de formaci\u00f3n colectivo a nivel nacional para ser mejores observantes de las acciones de gobierno y generar masa cr\u00edtica desde la sociedad civil para esa vigilancia.<\/p>\n\n\n\n<p class=\"wp-block-paragraph\">Las alianzas nacionales y la formaci\u00f3n de esa masa cr\u00edtica son generadas por la organizaci\u00f3n de la sociedad civil &nbsp;&nbsp;ControlaTuGobierno, A.C. que, desde 2013, ofrece servicios de capacitaci\u00f3n, asesor\u00eda y acompa\u00f1amiento a comunidades organizadas que buscan incidir en la soluci\u00f3n de problemas p\u00fablicos a trav\u00e9s del derecho de acceso a la informaci\u00f3n y la auditor\u00eda social de las acciones gubernamentales. Trabaja con organizaciones ciudadanas e instituciones interesadas en mejorar las pol\u00edticas y programas gubernamentales.<\/p>\n\n\n\n<p class=\"wp-block-paragraph\">Con las comunidades organizadas trabajan principalmente con personas de zonas urbanas y rurales que a\u00fan no han sido incluidas en el proceso de toma de decisiones sobre lo p\u00fablico. Sus principales herramientas son el acceso a la informaci\u00f3n y la auditor\u00eda social de las acciones gubernamentales. A trav\u00e9s de estos mecanismos buscan que la transparencia y la rendici\u00f3n de cuentas se conviertan en un medio de empoderamiento para lograr el pleno ejercicio de los Derechos Humanos.<\/p>\n\n\n\n<p class=\"wp-block-paragraph\">Con las Organizaciones de la Sociedad Civil capacitan a las organizaciones &nbsp;para cumplir con las obligaciones establecidas en la Ley de Protecci\u00f3n de Datos Personales en Posesi\u00f3n de los Particulares y la Ley General de Transparencia y Acceso a la Informaci\u00f3n P\u00fablica.<\/p>\n\n\n\n<p class=\"wp-block-paragraph\">Tambi\u00e9n las acompa\u00f1an, capacitan y asesoran para que el Derecho de Acceso a la Informaci\u00f3n, la Transparencia y la Rendici\u00f3n de Cuentas en su trabajo sean ejes transversales dentro de sus organizaciones.<\/p>\n\n\n\n<p class=\"wp-block-paragraph\">Dado que el Derecho de Acceso a la Informaci\u00f3n requiere que las acciones gubernamentales est\u00e9n respaldadas por documentos que puedan ser consultados, tambi\u00e9n asesoran a los entes p\u00fablicos en la construcci\u00f3n y el mantenimiento de archivos que garanticen la Transparencia y la Rendici\u00f3n de Cuentas.<\/p>\n\n\n\n<p class=\"wp-block-paragraph\">En el proceso de formaci\u00f3n que recibi\u00f3 CLADEM y otras organizaciones, se recibi\u00f3 asistencia t\u00e9cnica en tres \u00e1reas: Participaci\u00f3n Ciudadana, Incidencia en lo p\u00fablico a trav\u00e9s de un modelo de auditor\u00eda social y Transparencia, acceso a la informaci\u00f3n y rendici\u00f3n de cuentas<\/p>\n\n\n\n<p class=\"wp-block-paragraph\">Fue muy importante tambi\u00e9n la capacitaci\u00f3n sobre el uso estrat\u00e9gico de la informaci\u00f3n, incluyendo la consulta y gesti\u00f3n de archivos para la rendici\u00f3n de cuentas, el Derecho a la protecci\u00f3n de datos personales y el Desarrollo de protocolos internos y mecanismos de exigibilidad de este derecho.<\/p>\n\n\n\n<p class=\"wp-block-paragraph\">Sin duda, con este trabajo organizado desde la sociedad civil, se contribuye a disminuir las desigualdades sociales, fortaleciendo la capacidad para exigir y ejercer los derechos humanos, entendiendo tambi\u00e9n que la corrupci\u00f3n es una forma de violaci\u00f3n grave a los derechos humanos y que esta afecta de manera diferenciada a mujeres y a hombres. La corrupci\u00f3n puede ser la causa por ejemplo del incremento de la violencia feminicida contra las mujeres, al no ejercer o desviar el recurso destinado a la prevenci\u00f3n, atenci\u00f3n, sanci\u00f3n y erradicaci\u00f3n de la violencia de g\u00e9nero.<\/p>\n\n\n\n<p class=\"wp-block-paragraph\">ControlaTuGobierno contribuye de esta manera a mejorar la calidad de la Democracia m\u00e1s all\u00e1 de las Urnas, especialmente porque la transversalidad de la perspectiva de g\u00e9nero y de derechos humanos est\u00e1 presente en la incidencia pol\u00edtica y en la alianza con las diversas organizaciones de la sociedad civil.<\/p>\n\n\n\n<p class=\"wp-block-paragraph\">Controlar nuestro gobierno nos corresponde a todas y todos como ciudadan\u00eda, es la \u00fanica manera de garantizar una #DemocraciaParaTodas<\/p>\n\n\n\n<p class=\"wp-block-paragraph\">@dralupitaramosp<\/p>\n\n\n\n<p class=\"wp-block-paragraph\"><a href=\"mailto:lupitaramosponce@gmail.com\">lupitaramosponce@gmail.com<\/a><\/p>\n\n\n\n<p class=\"wp-block-paragraph\">Canal de Youtoube Dra. Lupita Ramos.<\/p>\n\n\n\n<p class=\"wp-block-paragraph\"><a href=\"https:\/\/www.youtube.com\/channel\/UCQ_bKrt9f4rkb7VST7-sYrg\">https:\/\/www.youtube.com\/channel\/UCQ_bKrt9f4rkb7VST7-sYrg<\/a><\/p>\n","protected":false},"excerpt":{"rendered":"<p> Esta semana me encuentro en la ciudad de M\u00e9xico en un evento sobre \u201cLa Calidad de la Democracia m\u00e1s all\u00e1 de las Urnas\u201d. <\/p>\n","protected":false},"author":3,"featured_media":8967,"comment_status":"open","ping_status":"open","sticky":false,"template":"","format":"standard","meta":{"_monsterinsights_skip_tracking":false,"footnotes":""},"categories":[692,91,35],"tags":[],"class_list":["post-37869","post","type-post","status-publish","format-standard","has-post-thumbnail","category-692","category-lupita-ramos-ponce","category-opinion"],"_links":{"self":[{"href":"https:\/\/redsemlac.com\/semmexico\/wp-json\/wp\/v2\/posts\/37869","targetHints":{"allow":["GET"]}}],"collection":[{"href":"https:\/\/redsemlac.com\/semmexico\/wp-json\/wp\/v2\/posts"}],"about":[{"href":"https:\/\/redsemlac.com\/semmexico\/wp-json\/wp\/v2\/types\/post"}],"author":[{"embeddable":true,"href":"https:\/\/redsemlac.com\/semmexico\/wp-json\/wp\/v2\/users\/3"}],"replies":[{"embeddable":true,"href":"https:\/\/redsemlac.com\/semmexico\/wp-json\/wp\/v2\/comments?post=37869"}],"version-history":[{"count":0,"href":"https:\/\/redsemlac.com\/semmexico\/wp-json\/wp\/v2\/posts\/37869\/revisions"}],"wp:featuredmedia":[{"embeddable":true,"href":"https:\/\/redsemlac.com\/semmexico\/wp-json\/wp\/v2\/media\/8967"}],"wp:attachment":[{"href":"https:\/\/redsemlac.com\/semmexico\/wp-json\/wp\/v2\/media?parent=37869"}],"wp:term":[{"taxonomy":"category","embeddable":true,"href":"https:\/\/redsemlac.com\/semmexico\/wp-json\/wp\/v2\/categories?post=37869"},{"taxonomy":"post_tag","embeddable":true,"href":"https:\/\/redsemlac.com\/semmexico\/wp-json\/wp\/v2\/tags?post=37869"}],"curies":[{"name":"wp","href":"https:\/\/api.w.org\/{rel}","templated":true}]}}