{"id":37866,"date":"2021-07-07T11:05:00","date_gmt":"2021-07-07T17:05:00","guid":{"rendered":"https:\/\/redsemlac.com\/semmexico\/?p=37866"},"modified":"2023-07-21T17:03:32","modified_gmt":"2023-07-21T22:03:32","slug":"la-democratizacion-de-la-vida-interna-de-los-partidos-politicos-la-siguiente-meta-guadalupe-almaguer","status":"publish","type":"post","link":"https:\/\/redsemlac.com\/semmexico\/la-democratizacion-de-la-vida-interna-de-los-partidos-politicos-la-siguiente-meta-guadalupe-almaguer\/","title":{"rendered":"La democratizaci\u00f3n de la vida interna de los partidos pol\u00edticos la siguiente meta: Guadalupe Almaguer"},"content":{"rendered":"\n<ul class=\"wp-block-list\"><li><strong>Iniciativa para modificar la Ley General de Partidos Pol\u00edticos en materia de paridad<\/strong><\/li><\/ul>\n\n\n\n<ul class=\"wp-block-list\"><li><strong>Evitar la manipulaci\u00f3n del derecho constitucional a la paridad y la igualdad sustantiva<\/strong><\/li><\/ul>\n\n\n\n<p class=\"wp-block-paragraph\"><strong>Elda Montiel<\/strong><\/p>\n\n\n\n<p class=\"wp-block-paragraph\">SemM\u00e9xico, Cd. de M\u00e9xico, 7 de julio 2021.- Para garantizar los derechos de las mujeres a ser electas en todos los \u00e1mbitos de la vida p\u00fablica la diputada Guadalupe Almaguer present\u00f3 una iniciativa con proyecto de decreto para reformar la Ley General de Partidos Pol\u00edticos, porque ah\u00ed dentro es donde est\u00e1n los obst\u00e1culos.<\/p>\n\n\n\n<p class=\"wp-block-paragraph\">Considera que la democratizaci\u00f3n de la vida interna de los partidos pol\u00edticos debe ser la siguiente meta en la lucha por la paridad total, por lo que propone modificar lo previsto en el art\u00edculo 3, numeral 3 y art\u00edculo 25, inciso r) de la Ley General de Partidos Pol\u00edticos (LGPP).<\/p>\n\n\n\n<p class=\"wp-block-paragraph\">Que se especifique que la igualdad sustantiva abarque las candidaturas \u201cfederales en cada una de las entidades federativas\u201d; y que se garantice la paridad entre los g\u00e9neros en candidaturas a diputaciones &nbsp;federales y locales \u201cen cada entidad federativa\u201d.<\/p>\n\n\n\n<p class=\"wp-block-paragraph\">En los argumentos se precisa que dichos art\u00edculos disponen que los partidos pol\u00edticos deben buscar la participaci\u00f3n efectiva de hombres y mujeres &nbsp;en la integraci\u00f3n de sus \u00f3rganos directivos, &nbsp;as\u00ed como en la postulaci\u00f3n de candidaturas y que \u00e9stos se encuentran obligados a garantizar la paridad entre los g\u00e9neros en candidaturas, y que deben garantizar igualdad de condiciones en la participaci\u00f3n de mujeres y hombres en sus \u00f3rganos internos de direcci\u00f3n y en los espacios de toma de decisiones.<\/p>\n\n\n\n<p class=\"wp-block-paragraph\">La modificaci\u00f3n agrega que tiene que ser en cada entidad federativa, los partidos pol\u00edticos propongan candidaturas en paridad, en el \u00e1mbito local y en el \u00e1mbito federal.<\/p>\n\n\n\n<p class=\"wp-block-paragraph\">Para que no ocurra, advirti\u00f3, lo que en San Luis Potos\u00ed que en las reci\u00e9n pasadas elecciones del 6 de junio no cuenta con la representaci\u00f3n de ninguna mujer diputada federal de los siete distritos federales, los cuales todos estar\u00e1n representados por hombres.<\/p>\n\n\n\n<p class=\"wp-block-paragraph\">Es necesario que los partidos pol\u00edticos, solos o en coalici\u00f3n, postulen por entidad, el mismo porcentaje de candidatas y candidatos.<\/p>\n\n\n\n<p class=\"wp-block-paragraph\">La diputada federal por el distrito 6 de San Luis Potos\u00ed del Partido de la Revoluci\u00f3n Democr\u00e1tica (PRD) expone que pese a todos los avances desde los movimientos feministas, el reconocimiento ciudadano de las mujeres hasta las reformas legislativas de 2014 y 2019 a\u00fan persisten brechas de g\u00e9nero que limitan el ejercicio efectivo de las mujeres al poder pol\u00edtico.<\/p>\n\n\n\n<p class=\"wp-block-paragraph\">Es una constante la violencia pol\u00edtica hacia las mujeres, la discriminaci\u00f3n y desigualdad en la participaci\u00f3n pol\u00edtica de las mujeres en todo proceso electoral.&nbsp;<\/p>\n\n\n\n<p class=\"wp-block-paragraph\">Es imperante, se se\u00f1ala en la iniciativa que \u201cpor cada localidad, por cada estado las mujeres estemos representadas con el objetivo de abonar a nuestra Democracia\u201d.<\/p>\n\n\n\n<p class=\"wp-block-paragraph\">Se\u00f1ala que uno de los grandes obst\u00e1culos para la participaci\u00f3n pol\u00edtica plena de las mujeres se encuentra dentro de los mismos partidos pol\u00edticos<\/p>\n\n\n\n<p class=\"wp-block-paragraph\">Las mujeres lo queremos todo, paridad en el poder en todos los \u00e1mbitos desde el local, estatal y federal e igualdad en la sociedad para seguir abonando a la construcci\u00f3n de nuestra Democracia.<\/p>\n\n\n\n<p class=\"wp-block-paragraph\">Destac\u00f3 que en esta LXIV legislatura de la Paridad, hoy integrada por 243 mujeres, se ha resocializado el quehacer pol\u00edtico desde los espacios de incidencia de las mujeres.<\/p>\n\n\n\n<p class=\"wp-block-paragraph\">Se ha trabajado desde todos los espacios p\u00fablicos que han sido posibles de manera contundente para avanzar en el acceso pleno a la igualdad sustantiva.<\/p>\n\n\n\n<p class=\"wp-block-paragraph\">Se ha avanzado en la legislaci\u00f3n para alcanzar la paridad en todo,<\/p>\n\n\n\n<p class=\"wp-block-paragraph\">La reforma constitucional del a\u00f1o 2014 al elevar a rango constitucional el principio de paridad constituy\u00f3 un pilar fundamental para la consolidaci\u00f3n de la participaci\u00f3n pol\u00edtica de las mujeres en igualdad de condiciones.<\/p>\n\n\n\n<p class=\"wp-block-paragraph\">Con la reforma constitucional de 2019 se concret\u00f3 la obligaci\u00f3n del Estado mexicano para que en todas las decisiones que emanen de los \u00f3rganos estatales y que, por consiguiente, inciden de forma directa en la ciudadan\u00eda, participen hombres y mujeres, en igualdad de condiciones.<\/p>\n\n\n\n<p class=\"wp-block-paragraph\">Otra reforma significativa es la que realiz\u00f3 en materia de Violencia Pol\u00edtica contra las Mujeres en Raz\u00f3n de G\u00e9nero, publicada en el Diario Oficial de la Federaci\u00f3n DOF el 13 de abril de 2020.<\/p>\n\n\n\n<p class=\"wp-block-paragraph\">Adem\u00e1s, el Estado mexicano es firmante de diversos instrumentos internacionales en los que se establecen medidas orientadas a proteger y garantizar la igualdad entre hombres y mujeres, y a lograr la participaci\u00f3n plena de las mujeres en condiciones de igualdad en la vida pol\u00edtica del pa\u00eds.<\/p>\n","protected":false},"excerpt":{"rendered":"<p>Iniciativa para modificar la Ley General de Partidos Pol\u00edticos en materia de paridad<\/p>\n","protected":false},"author":3,"featured_media":37867,"comment_status":"open","ping_status":"open","sticky":false,"template":"","format":"standard","meta":{"_monsterinsights_skip_tracking":false,"footnotes":""},"categories":[692,50],"tags":[],"class_list":["post-37866","post","type-post","status-publish","format-standard","has-post-thumbnail","category-692","category-congreso"],"_links":{"self":[{"href":"https:\/\/redsemlac.com\/semmexico\/wp-json\/wp\/v2\/posts\/37866","targetHints":{"allow":["GET"]}}],"collection":[{"href":"https:\/\/redsemlac.com\/semmexico\/wp-json\/wp\/v2\/posts"}],"about":[{"href":"https:\/\/redsemlac.com\/semmexico\/wp-json\/wp\/v2\/types\/post"}],"author":[{"embeddable":true,"href":"https:\/\/redsemlac.com\/semmexico\/wp-json\/wp\/v2\/users\/3"}],"replies":[{"embeddable":true,"href":"https:\/\/redsemlac.com\/semmexico\/wp-json\/wp\/v2\/comments?post=37866"}],"version-history":[{"count":0,"href":"https:\/\/redsemlac.com\/semmexico\/wp-json\/wp\/v2\/posts\/37866\/revisions"}],"wp:featuredmedia":[{"embeddable":true,"href":"https:\/\/redsemlac.com\/semmexico\/wp-json\/wp\/v2\/media\/37867"}],"wp:attachment":[{"href":"https:\/\/redsemlac.com\/semmexico\/wp-json\/wp\/v2\/media?parent=37866"}],"wp:term":[{"taxonomy":"category","embeddable":true,"href":"https:\/\/redsemlac.com\/semmexico\/wp-json\/wp\/v2\/categories?post=37866"},{"taxonomy":"post_tag","embeddable":true,"href":"https:\/\/redsemlac.com\/semmexico\/wp-json\/wp\/v2\/tags?post=37866"}],"curies":[{"name":"wp","href":"https:\/\/api.w.org\/{rel}","templated":true}]}}