{"id":37861,"date":"2021-07-07T07:56:26","date_gmt":"2021-07-07T13:56:26","guid":{"rendered":"https:\/\/redsemlac.com\/semmexico\/?p=37861"},"modified":"2023-07-21T17:03:33","modified_gmt":"2023-07-21T22:03:33","slug":"con-el-voto-del-prd-aprueban-diputados-reformas-para-prevenir-combatir-y-eliminar-la-discriminacion","status":"publish","type":"post","link":"https:\/\/redsemlac.com\/semmexico\/con-el-voto-del-prd-aprueban-diputados-reformas-para-prevenir-combatir-y-eliminar-la-discriminacion\/","title":{"rendered":"Con el voto del PRD, aprueban diputados reformas para prevenir, combatir y eliminar la discriminaci\u00f3n"},"content":{"rendered":"\n<ul class=\"wp-block-list\"><li><strong>Se reconoce que una forma de expresar la individualidad es mediante el uso de tatuajes<\/strong><\/li><\/ul>\n\n\n\n<p class=\"wp-block-paragraph\"><strong>Redacci\u00f3n<\/strong><\/p>\n\n\n\n<p class=\"wp-block-paragraph\">SemM\u00e9xico\/Ceprovysa, Chilpancingo, Guerrero, 7 de julio,&nbsp; 2021.- El Pleno de la 62 Legislatura aprob\u00f3 el dictamen con reformas a la Ley N\u00famero 214 Para Prevenir, Combatir y Eliminar la Discriminaci\u00f3n en el Estado de Guerrero respecto al uso de tatuajes.<\/p>\n\n\n\n<p class=\"wp-block-paragraph\">El dictamen fue presentado por el diputado Robell Uri\u00f3stegui Pati\u00f1o. En el proyecto de decreto se reforma la fracci\u00f3n VI del art\u00edculo 2, suscrita por el diputado Marco Antonio Cabada Arias del grupo parlamentario de MORENA; y la Iniciativa con proyecto de decreto por el que se reforman los art\u00edculos 2, 11, 12 y 13, suscrita por el Diputado Alberto Catal\u00e1n Bastida, del grupo parlamentario del PRD.<\/p>\n\n\n\n<p class=\"wp-block-paragraph\">Con ello, se reconoce que una forma de expresar la individualidad es mediante el uso de tatuajes, pues el uso de \u00e9stos en lugares visibles constituye un acto deliberado de expresi\u00f3n de su significado, que puede consistir en ideas, opiniones, convicciones, informaciones, etc.<\/p>\n\n\n\n<p class=\"wp-block-paragraph\">En este sentido, el uso de tatuajes est\u00e1 protegido, por regla general, por los derechos al libre desarrollo de la personalidad y a la libertad de expresi\u00f3n, por lo que no debe ser motivo para discriminar a sus portadores.<\/p>\n\n\n\n<p class=\"wp-block-paragraph\">Ambas de la Ley N\u00famero 214 Para Prevenir, Combatir y Eliminar la Discriminaci\u00f3n en el Estado de Guerrero, el cual fue aprobado por el Pleno.<\/p>\n\n\n\n<p class=\"wp-block-paragraph\">En dichas iniciativas se tiene como argumento principal el adicionar a la Ley para Prevenir, Combatir y Eliminar la Discriminaci\u00f3n en el Estado de Guerrero, los tatuajes, piercings o modificaciones corporales temporales o permanentes como motivo de discriminaci\u00f3n a quien impida el acceso o disfrute de sus derechos humanos por dichos motivos.<\/p>\n\n\n\n<p class=\"wp-block-paragraph\">En ese sentido, el art\u00edculo 1, p\u00e1rrafo quinto de la Constituci\u00f3n Pol\u00edtica de los Estados Unidos Mexicanos, establece el derecho a la igualdad y no discriminaci\u00f3n al mencionar: \u201cQueda prohibida toda discriminaci\u00f3n motivada por origen \u00e9tnico o nacional, el g\u00e9nero, la edad, las discapacidades, la condici\u00f3n social, las condiciones de salud, la religi\u00f3n, las opiniones, las preferencias sexuales, el estado civil o cualquier otra que atente contra la dignidad humana y tenga por objeto anular o menoscabar los derechos y libertades de las personas\u201d.<\/p>\n\n\n\n<p class=\"wp-block-paragraph\">El decreto por el que se reforman diversas disposiciones de la Ley Numero 214 Para Prevenir, Combatir y Eliminar la Discriminaci\u00f3n del Estado de Guerrero, queda de la siguiente manera:<\/p>\n\n\n\n<p class=\"wp-block-paragraph\">Art\u00edculo 2. Para los efectos de esta ley se entender\u00e1 por:<\/p>\n\n\n\n<p class=\"wp-block-paragraph\">VI. Discriminaci\u00f3n. toda distinci\u00f3n, exclusi\u00f3n, restricci\u00f3n o preferencia qu\u00e9; por acci\u00f3n u omisi\u00f3n, con intenci\u00f3n o sin ella; no sea objetiva, racional ni proporcional y tenga por objeto o resultado obstaculizar, impedir, anular o menoscabar el reconocimiento, goce o el ejercicio de los derechos y libertades cuando se base en uno o m\u00e1s de los motivos siguientes: origen \u00e9tnico o nacional, el color de piel, la cultura, el sexo, el g\u00e9nero, la edad, las discapacidades, la condici\u00f3n social, econ\u00f3mica, de salud o jur\u00eddica, la religi\u00f3n, las opiniones, las preferencias sexuales, la identidad de g\u00e9nero, el estado civil, la situaci\u00f3n familiar, las responsabilidades familiares, la apariencia f\u00edsica, las caracter\u00edsticas gen\u00e9ticas, la condici\u00f3n migratoria, embarazo, la lengua, el lenguaje para mejorar la comunicaci\u00f3n, el idioma, las ideas pol\u00edticas, los antecedentes penales, tatuajes, piercing y cualquier tipo de modificaci\u00f3n visible permanente o transitoria, o cualquier motivo;<\/p>\n\n\n\n<p class=\"wp-block-paragraph\">Art\u00edculo 11. Con base en el art\u00edculo 1, de esta Ley, se considera como discriminaci\u00f3n:<\/p>\n\n\n\n<p class=\"wp-block-paragraph\">\u2026<\/p>\n\n\n\n<p class=\"wp-block-paragraph\">III. Prohibir la libre elecci\u00f3n de empleo o restringir las oportunidades de acceso, permanencia o ascenso, o solicitar requisitos no indispensables que constituyan actos de discriminaci\u00f3n, para el desempe\u00f1o del mismo;<\/p>\n\n\n\n<p class=\"wp-block-paragraph\">Art\u00edculo 12. Cada uno de los poderes p\u00fablicos estatales y municipales, organismos aut\u00f3nomos y particulares est\u00e1n obligados a realizar las medidas de inclusi\u00f3n y de nivelaci\u00f3n y acciones afirmativas necesarias para garantizar a toda persona la igualdad y el derecho a la no discriminaci\u00f3n.<\/p>\n\n\n\n<p class=\"wp-block-paragraph\">Todas estas medidas de inclusi\u00f3n, de nivelaci\u00f3n y acciones afirmativas, ser\u00e1n difundidas y publicadas por los medios de comunicaci\u00f3n social y redes digitales.<\/p>\n\n\n\n<p class=\"wp-block-paragraph\">Art\u00edculo 13. Las medidas de inclusi\u00f3n podr\u00e1n comprender, entre otras, las siguientes<\/p>\n\n\n\n<p class=\"wp-block-paragraph\">\u2026<\/p>\n\n\n\n<p class=\"wp-block-paragraph\">II. La integraci\u00f3n en el dise\u00f1o, instrumentaci\u00f3n y evaluaci\u00f3n, difusi\u00f3n y publicaci\u00f3n de las pol\u00edticas p\u00fablicas del derecho a la igualdad y no discriminaci\u00f3n;<\/p>\n\n\n\n<p class=\"wp-block-paragraph\">\u2026<\/p>\n\n\n\n<p class=\"wp-block-paragraph\">V. El llevar a cabo campa\u00f1as de difusi\u00f3n al interior de los poderes p\u00fablicos estatales, municipales y organismos aut\u00f3nomos, as\u00ed como la publicaci\u00f3n de sus resultados.<\/p>\n","protected":false},"excerpt":{"rendered":"<p>Se reconoce que una forma de expresar la individualidad es mediante el uso de tatuajes<\/p>\n","protected":false},"author":3,"featured_media":37862,"comment_status":"open","ping_status":"open","sticky":false,"template":"","format":"standard","meta":{"_monsterinsights_skip_tracking":false,"footnotes":""},"categories":[692,50],"tags":[],"class_list":["post-37861","post","type-post","status-publish","format-standard","has-post-thumbnail","category-692","category-congreso"],"_links":{"self":[{"href":"https:\/\/redsemlac.com\/semmexico\/wp-json\/wp\/v2\/posts\/37861","targetHints":{"allow":["GET"]}}],"collection":[{"href":"https:\/\/redsemlac.com\/semmexico\/wp-json\/wp\/v2\/posts"}],"about":[{"href":"https:\/\/redsemlac.com\/semmexico\/wp-json\/wp\/v2\/types\/post"}],"author":[{"embeddable":true,"href":"https:\/\/redsemlac.com\/semmexico\/wp-json\/wp\/v2\/users\/3"}],"replies":[{"embeddable":true,"href":"https:\/\/redsemlac.com\/semmexico\/wp-json\/wp\/v2\/comments?post=37861"}],"version-history":[{"count":0,"href":"https:\/\/redsemlac.com\/semmexico\/wp-json\/wp\/v2\/posts\/37861\/revisions"}],"wp:featuredmedia":[{"embeddable":true,"href":"https:\/\/redsemlac.com\/semmexico\/wp-json\/wp\/v2\/media\/37862"}],"wp:attachment":[{"href":"https:\/\/redsemlac.com\/semmexico\/wp-json\/wp\/v2\/media?parent=37861"}],"wp:term":[{"taxonomy":"category","embeddable":true,"href":"https:\/\/redsemlac.com\/semmexico\/wp-json\/wp\/v2\/categories?post=37861"},{"taxonomy":"post_tag","embeddable":true,"href":"https:\/\/redsemlac.com\/semmexico\/wp-json\/wp\/v2\/tags?post=37861"}],"curies":[{"name":"wp","href":"https:\/\/api.w.org\/{rel}","templated":true}]}}