{"id":37856,"date":"2021-07-06T12:14:24","date_gmt":"2021-07-06T18:14:24","guid":{"rendered":"https:\/\/redsemlac.com\/semmexico\/?p=37856"},"modified":"2023-07-21T17:03:33","modified_gmt":"2023-07-21T22:03:33","slug":"estragos-a-la-salud-mental-de-las-mujeres-durante-la-pandemia-en-mexico","status":"publish","type":"post","link":"https:\/\/redsemlac.com\/semmexico\/estragos-a-la-salud-mental-de-las-mujeres-durante-la-pandemia-en-mexico\/","title":{"rendered":"Estragos a la salud mental de las mujeres durante la pandemia en M\u00e9xico"},"content":{"rendered":"<p>*Estudios actualizados indican que del 51 por ciento fue por estr\u00e9s y se dispar\u00f3 al 83, subieron la depresi\u00f3n y la ansiedad.<\/p>\n<p><!--more--><br \/>\nLa carga de trabajo excesivo, la tercera jornada, la falta de alternativas para el cuidado, todo ellas<\/p>\n<p>Libertad L\u00f3pez<\/p>\n<p>SemM\u00e9xico, Cd. de M\u00e9xico, 6 de julio, 2021.- En M\u00e9xico, de acuerdo con la Encuesta de Seguimiento de los Efectos del COVID-19 en el Bienestar de los Hogares Mexicanos (ENCOVID-19), realizada por la Universidad Iberoamericana, entre las mujeres, los niveles de ansiedad durante el confinamiento son mayores a los de los hombres pues 36 por ciento de ellas se han sentido ansiosas en comparaci\u00f3n con 26 por ciento de los hombres, seg\u00fan datos de marzo de 2021.<br \/>\nEl estr\u00e9s relacionado con la pandemia no es un hecho aislado, puesto que se han llevado a cabo investigaciones en los cuales se reconoce que va en aumento conforme pasa el tiempo de cuarentena. Se ha visto que la poblaci\u00f3n asociada a Estr\u00e9s Post Traum\u00e1tico (EPT) en mayores niveles es la femenina, siendo algunos de los efectos m\u00e1s adversos de la pandemia, el aislamiento y el sentido de ansiedad que se encuentran asociados con casos inclusive de suicidio.(1)<br \/>\nEn un estudio practicado a 324 mujeres mexicanas, 51.2 por ciento mencionan que antes de la pandemia sufr\u00edan de estr\u00e9s, seguido de 32.7 por ciento con ansiedad y 24.1 por ciento con depresi\u00f3n, algunas de ellas manifestaron dos o m\u00e1s de los padecimientos anteriores. Durante la pandemia estas cifras aumentaron pues 83 por ciento indic\u00f3 contar con estr\u00e9s, 58.6 por ciento con ansiedad y 38.3 por ciento con depresi\u00f3n. (2)<br \/>\nSeg\u00fan la organizaci\u00f3n internacional M\u00e9dicos sin Fronteras, se ha detectado un aumento significativo del n\u00famero de atenciones de salud mental en mujeres en los puntos de atenci\u00f3n, tanto en M\u00e9xico como en otros pa\u00edses de la regi\u00f3n.<br \/>\nEl cierre de actividades y las medidas de cuarentena por el nuevo coronavirus (COVID-19), alrededor del mundo han aumentado la carga de trabajo para las mujeres, sobre todo trabajo no remunerado. La mujer es la principal cuidadora si alguien se enferma en casa\u2014la mayor\u00eda de tratamientos y cuidados para COVID-19 son a nivel domiciliar\u2014muchas veces en detrimento de la salud f\u00edsica y mental de ellas. La falta de apoyo dom\u00e9stico y emocional tiene consecuencias a largo plazo en la salud mental de las mujeres.<br \/>\nEn M\u00e9xico, en el \u00e1mbito educativo, la pandemia ha tra\u00eddo consigo modificaciones en los h\u00e1bitos y las rutinas, as\u00ed como alteraciones de la salud mental del personal acad\u00e9mico y de estudiantes, quienes han resentido esta situaci\u00f3n experimentando estr\u00e9s, cansancio y frustraci\u00f3n, debido a la excesiva carga de trabajo, a la falta de habilidades tecnol\u00f3gicas y a carencias en la adaptaci\u00f3n a la nueva normalidad.<br \/>\nHa sido evidente la desigualdad de g\u00e9nero, que afecta de manera importante a las mujeres, debido a los m\u00faltiples roles que deben cumplir durante la cuarentena, como madres, estudiantes, cuidadoras del hogar y de personas enfermas.<br \/>\nAl ser las mujeres las que m\u00e1s trabajan en esta temporada de COVID-19, como madres, profesionistas y cuidadoras, est\u00e1n m\u00e1s proclives a experimentar el \u201cs\u00edndrome del quemado\u201d o burnout, el cual sol\u00eda ser exclusivo del ambiente laboral, pero que ahora se extiende hasta el hogar.<br \/>\nTodo esto se asocia, frecuentemente, con ansiedad, hostilidad, ira, depresi\u00f3n o tristeza. Adem\u00e1s, se produce una alteraci\u00f3n del comportamiento, que abre paso al desarrollo de h\u00e1bitos perjudiciales. (3)<br \/>\nLa carga de trabajo excesivo ha afectado especialmente a las mujeres por su rol en la familia como cuidadoras de los hijos, de personas enfermas y del hogar, exponiendo la desigualdad de g\u00e9nero que prevalece en nuestra sociedad; algunos acad\u00e9micos han participado poco a poco en las tareas dom\u00e9sticas y de cuidado, aunque parecen gozar de mayores oportunidades para salir del confinamiento, o para regresar a una cotidianidad lo m\u00e1s parecida posible en las circunstancias actuales al estado previo a la pandemia.<br \/>\nLa Violencia, detonador<br \/>\nLa violencia contra las mujeres y las ni\u00f1as es una pandemia que nunca ha cesado. Es un problema de salud p\u00fablica en todo el mundo. Las emergencias humanitarias, los desastres y las pandemias mundiales ponen a las mujeres y las ni\u00f1as en mayor riesgo de violencia. La actual crisis de COVID-19 no es una excepci\u00f3n. El aislamiento social y la crisis sanitaria crean un escenario propicio para el aumento del riesgo de las mujeres y las ni\u00f1as a padecer violencia y para un incremento en las tensiones al interior de los hogares. (4)<br \/>\nEl gobierno mexicano ha decretado la atenci\u00f3n a las v\u00edctimas de violencia como servicios esenciales y est\u00e1 reforzando acciones sobre todo en la atenci\u00f3n a denuncias telef\u00f3nicas a trav\u00e9s del 911 para atender la contingencia con perspectiva de g\u00e9nero.<\/p>\n<p>Fuente: IBERO, EQUIDE, Encuesta de Seguimiento de los Efectos del COVID-19 en el Bienestar de los Hogares Mexicanos (ENCOVID-19, disponible en: https:\/\/equide.org\/wp-content\/uploads\/2021\/06\/PP-ENCOVID19-Marzo-2021.pdf<br \/>\nFuente: Norma Ang\u00e9lica Santiesteban L\u00f3pez, Teresa Galdys Cer\u00f3n Carrillo, &amp; Yesbek Roc\u00edo Morales Paredes. (2021). \u201cLa meditaci\u00f3n como estrategia para combatir los efectos negativos en la salud mental de las mujeres mexicanas ante la pandemia de COVID-19\u201d. Graffylia, 4(8), pp 135-144. Facultad de Filosof\u00eda y Letras, Benem\u00e9rita Universidad Aut\u00f3noma de Puebla. Enlace:http:\/\/rd.buap.mx\/ojs-dm\/index.php\/graffylia\/article\/view\/488<br \/>\nFuente: Elena Vargas. \u201cLa salud de la mujer en tiempos de confinamiento\u201d. M\u00e9dicos sin Fronteras, 28 de mayo de 2020. Enlace: https:\/\/www.msf.mx\/article\/la-salud-de-la-mujer-en-tiempos-de-confinamiento<br \/>\nFuente: Alicia Sald\u00edvar-Gardu\u00f1o y Karol Esthefanya Ram\u00edrez-G\u00f3mez. \u201cSalud mental, g\u00e9nero y ense\u00f1anza remota durante el confinamiento por el COVID-19 en M\u00e9xico\u201d. Persona, revista de la Facultad de Psicolog\u00eda de la Universidad de Lima. Octubre de 2020. Enlace: https:\/\/doi.org\/10.26439\/persona2020.n023(2).5011<br \/>\nFuente: \u201cEl impacto del COVID-19 en la salud de las mujeres\u201d, ONU Mujeres, 2020. Enlace: https:\/\/www2.unwomen.org\/-\/media\/field%20office%20mexico\/documentos\/publicaciones\/2020\/julio%202020\/impacto%20covid%20en%20la%20salud%20de%20las%20mujeres.pdf?la=es&amp;vs=5457<\/p>\n","protected":false},"excerpt":{"rendered":"<p>*Estudios actualizados indican que del 51 por ciento fue por estr\u00e9s y se dispar\u00f3 al 83, subieron la depresi\u00f3n y la ansiedad.<\/p>\n","protected":false},"author":3,"featured_media":37858,"comment_status":"open","ping_status":"open","sticky":false,"template":"","format":"standard","meta":{"_monsterinsights_skip_tracking":false,"footnotes":""},"categories":[692,49,54],"tags":[],"class_list":["post-37856","post","type-post","status-publish","format-standard","has-post-thumbnail","category-692","category-desde","category-mujeres"],"_links":{"self":[{"href":"https:\/\/redsemlac.com\/semmexico\/wp-json\/wp\/v2\/posts\/37856","targetHints":{"allow":["GET"]}}],"collection":[{"href":"https:\/\/redsemlac.com\/semmexico\/wp-json\/wp\/v2\/posts"}],"about":[{"href":"https:\/\/redsemlac.com\/semmexico\/wp-json\/wp\/v2\/types\/post"}],"author":[{"embeddable":true,"href":"https:\/\/redsemlac.com\/semmexico\/wp-json\/wp\/v2\/users\/3"}],"replies":[{"embeddable":true,"href":"https:\/\/redsemlac.com\/semmexico\/wp-json\/wp\/v2\/comments?post=37856"}],"version-history":[{"count":0,"href":"https:\/\/redsemlac.com\/semmexico\/wp-json\/wp\/v2\/posts\/37856\/revisions"}],"wp:featuredmedia":[{"embeddable":true,"href":"https:\/\/redsemlac.com\/semmexico\/wp-json\/wp\/v2\/media\/37858"}],"wp:attachment":[{"href":"https:\/\/redsemlac.com\/semmexico\/wp-json\/wp\/v2\/media?parent=37856"}],"wp:term":[{"taxonomy":"category","embeddable":true,"href":"https:\/\/redsemlac.com\/semmexico\/wp-json\/wp\/v2\/categories?post=37856"},{"taxonomy":"post_tag","embeddable":true,"href":"https:\/\/redsemlac.com\/semmexico\/wp-json\/wp\/v2\/tags?post=37856"}],"curies":[{"name":"wp","href":"https:\/\/api.w.org\/{rel}","templated":true}]}}