{"id":37847,"date":"2021-07-06T11:57:07","date_gmt":"2021-07-06T17:57:07","guid":{"rendered":"https:\/\/redsemlac.com\/semmexico\/?p=37847"},"modified":"2023-07-21T17:03:33","modified_gmt":"2023-07-21T22:03:33","slug":"san-lunes-y-la-bilis-presidencial-moises-sanchez-limon-opinion","status":"publish","type":"post","link":"https:\/\/redsemlac.com\/semmexico\/san-lunes-y-la-bilis-presidencial-moises-sanchez-limon-opinion\/","title":{"rendered":"San lunes y la bilis presidencial"},"content":{"rendered":"<p>*N<span style=\"font-weight: 400;\">i qu\u00e9 decir de la justificaci\u00f3n respecto del p\u00e9simo manejo de la pandemia. Al final, Su Alteza Seren\u00edsima resumi\u00f3 su postura con una frase irreverente: \u201cTengo la conciencia tranquila\u201d. \u00bfY c\u00f3mo est\u00e1 su bilis, licenciado presidente? <\/span><\/p>\n<p><!--more--><\/p>\n<p><b>ENTRESEMANA<\/b><\/p>\n<p><b>Mois\u00e9s S\u00e1nchez Lim\u00f3n<\/b><\/p>\n<p><span style=\"font-weight: 400;\">SemM\u00e9xico, Cd. de M\u00e9xico, 6 de julio, 2021.- \u00bfAlguien se percat\u00f3 del cambio en la escenograf\u00eda en las ma\u00f1aneras en Palacio? La serpiente emplumada desplaz\u00f3 a los h\u00e9roes que nos dieron patria, \u00bfPor qu\u00e9 imitar a don Pepe L\u00f3pez Portillo con Quetzalc\u00f3atl y dejar en segundo plano a la imagen patriotera de aroma echeverrista?<\/span><\/p>\n<p><span style=\"font-weight: 400;\">\u00bfInspiraci\u00f3n celestial que ilumina a Su Alteza Seren\u00edsima para conducir los destinos de la incierta 4T?<\/span><\/p>\n<p><span style=\"font-weight: 400;\">Y, bueno, \u00bfusted qu\u00e9 opina de estos aconteceres palaciegos? Porque, \u00a1vaya casualidad la aprehensi\u00f3n de Luis C\u00e1rdenas Palomino! \u00bfSolo por torturador? \u00bfOtro distractor?<\/span><\/p>\n<p><span style=\"font-weight: 400;\">Disculpe tanta pregunta, pero, sin duda, la ma\u00f1anera de este primer lunes de julio, no fue la mejor ni c\u00f3moda para Su Alteza Seren\u00edsima. Y se le desparram\u00f3 la bilis. \u00bfA poco no?<\/span><\/p>\n<p><span style=\"font-weight: 400;\">Y es que como que provoca cierta suspicacia que la aprehensi\u00f3n de C\u00e1rdenas Palomino, director general de la Polic\u00eda Regional Federal, es decir, brazo derecho del ingeniero Genaro Garc\u00eda Luna, entonces secretario de Seguridad P\u00fablica en el gabinete de Felipe Calder\u00f3n Hinojosa, sea calificada como un logro de la Fiscal\u00eda General de la Rep\u00fablica.<\/span><\/p>\n<p><span style=\"font-weight: 400;\">\u00bfUn logro? Entonces hay que dudar de la capacidad del Centro Nacional de Inteligencia, a cargo del general de divisi\u00f3n (en situaci\u00f3n de retiro) Audomaro Mart\u00ednez Zapata, cuya funci\u00f3n presume el licenciado L\u00f3pez Obrador porque, recuerde usted, dict\u00f3 la desaparici\u00f3n del Centro de Investigaci\u00f3n y Seguridad Nacional (Cisen), dizque para acabar con el espionaje pol\u00edtico. En serio, no se r\u00eda.<\/span><\/p>\n<p><span style=\"font-weight: 400;\">\u00bfSer\u00e1 que al general Audomaro le fallaron sus antenas y al fiscal Alejandro Gertz Manero sus sabuesos que no se dieron cuenta que bajo la tupida barba estaba el rostro del temido C\u00e1rdenas Palomino? Y que, adem\u00e1s, se paseaba en la zona de Naucalpan, Estado de M\u00e9xico. \u00a1Vaya casualidad!<\/span><\/p>\n<p><span style=\"font-weight: 400;\">\u00a1Caray! El anuncio de este \u201clogro\u201d policiaco, medi\u00e1tica y judicialmente no influye en el caso de la pandilla de secuestradores de Los Zodiaco, es decir, en el esc\u00e1ndalo de la francesa Florence Cassez, por m\u00e1s que el licenciado presidente insista en que, ahora s\u00ed, hay justicia y se combate la corrupci\u00f3n\u2026 pero la del pasado.<\/span><\/p>\n<p><span style=\"font-weight: 400;\">El punto es que Su Alteza Seren\u00edsima quiso presumir que en su gobierno, a la casi mitad de \u00e9ste, hay avances en el combate a la delincuencia y a la corrupci\u00f3n, que las bandas del crimen organizado son herencia del pasado y las cifras que su propia administraci\u00f3n ofrece p\u00fablicamente, difieren de sus datos. O sea.<\/span><\/p>\n<p><span style=\"font-weight: 400;\">La realidad, empero, le dio una bofetada \u2013un mi pueblo le llaman de fea manera\u2014en la ma\u00f1anera, con informaci\u00f3n precisa, datos duros de dos reporteros que lo increparon y refutaron. Entonces, la bilis presidencial se desparram\u00f3, aunque cuando poco despu\u00e9s en el abanderamiento de la delegaci\u00f3n mexicana que participar\u00e1 en los Juegos Ol\u00edmpicos de Tokio, ofreci\u00f3 ese rostro triunfador que no le pertenece porque es de los deportistas que ir\u00e1n a partirse el alma para obtener el mayor n\u00famero de preseas.<\/span><\/p>\n<p><span style=\"font-weight: 400;\">Pero, la ma\u00f1anera de inicio de semana, no fue la de Su Alteza Seren\u00edsima y de nada le sirvi\u00f3 presumir la captura de C\u00e1rdenas Palomino y mucho menos esto de acusar a Felipe Calder\u00f3n de haber encendido el infierno de la violencia cuando declar\u00f3 la guerra al crimen organizado, guerra que en esta 4T \u00e9l presume en la tesis de abrazos, no balazos. En fin.<\/span><\/p>\n<p><span style=\"font-weight: 400;\">Lea usted c\u00f3mo la bilis presidencial comenz\u00f3 a agitarse para luego desparramarse con preguntas inc\u00f3modas o, en par\u00e1frasis de mi amiga y colega Karina Aguilar, llama Pregunta sin ofensa.<\/span><\/p>\n<p><span style=\"font-weight: 400;\">Felipe Fierro, quien se identific\u00f3 representante de los medios&nbsp;<\/span><a href=\"http:\/\/atiempo.com.mx\/\"><i><span style=\"font-weight: 400;\">Atiempo.com.mx<\/span><\/i><\/a><i><span style=\"font-weight: 400;\">&nbsp;y Puente Libre<\/span><\/i><span style=\"font-weight: 400;\">,&nbsp;<\/span><span style=\"font-weight: 400;\">record\u00f3 al licenciado Andr\u00e9s Manuel que l<\/span><span style=\"font-weight: 400;\">a alianza PAN-PRI-PRD anunci\u00f3 ir\u00e1 a la OEA a presentar expedientes de personas que fueron lesionadas, secuestradas, amenazadas, inclusive algunos homicidios con motivo de las pasadas elecciones.<\/span><\/p>\n<p><span style=\"font-weight: 400;\">&#8211;La pregunta es \u2013plante\u00f3 Fierro&#8211; si realmente hay un control del Estado mexicano sobre el narco que se percibe que est\u00e1 creciendo en el pa\u00eds.<\/span><\/p>\n<p><span style=\"font-weight: 400;\">Y la segunda: \u00bfqu\u00e9 efectos va a tener esto en las relaciones de M\u00e9xico con los organismos internacionales?<\/span><\/p>\n<p><span style=\"font-weight: 400;\">Y si esto realmente pone, o sea, la participaci\u00f3n del narco, pone en riesgo la democracia.<\/span><\/p>\n<p><b>&#8211;Pues yo veo que es propaganda -ahora se le llama publicidad- porque no hay elementos (\u2026) Cuando hablan de que domina el narco en el pa\u00eds y de que hay ingobernabilidad, pues a lo mejor estaban refiri\u00e9ndose o pensando en lo que suced\u00eda anteriormente, en donde la delincuencia organizada y la delincuencia de cuello blanco eran lo mismo, en donde no hab\u00eda ninguna frontera. Y se les olvida a nuestros adversarios, a los conservadores, a estos que van a ir a la OEA, que est\u00e1 preso en Estados Unidos el que estaba de secretario de Seguridad P\u00fablica en el gobierno de Calder\u00f3n, Garc\u00eda Luna\u2014pretendi\u00f3 evadir y justificar el licenciado Andr\u00e9s Manuel.<\/b><\/p>\n<p><span style=\"font-weight: 400;\">Pero, Felipe Fierro le record\u00f3 que \u00e9stos son hechos de este sexenio.<\/span><\/p>\n<p><b>&#8211;\u00bfMande?\u2014pretendi\u00f3 SAS no haber escuchado<\/b><span style=\"font-weight: 400;\">.<\/span><\/p>\n<p><b>&#8212;<\/b><span style=\"font-weight: 400;\">Estos hechos de denuncia son de este sexenio\u2014insisti\u00f3 Fierro.<\/span><\/p>\n<p><b>&#8211;S\u00ed, porque nosotros heredamos eso\u2014justific\u00f3 Su Alteza Seren\u00edsima (SAS) y m\u00e1s adelante volvi\u00f3 a la victimizaci\u00f3n:<\/b><\/p>\n<p><b>\u201cY ahora resulta que quieren culparnos a nosotros. Podemos ser responsables, pero no culpables; y, adem\u00e1s, estamos asumiendo esa responsabilidad trabajando para garantizar la paz y la tranquilidad, y repito, con otro m\u00e9todo\u201d.<\/b><\/p>\n<p><b>Pero, la segunda parte de esta amarga ma\u00f1anera, el licenciado Andr\u00e9s Manuel la tuvo con<\/b><span style=\"font-weight: 400;\">&nbsp;<\/span><b>Jorge Ramos, colaborador de&nbsp;<\/b><b><i>Univisi\u00f3n y Reforma<\/i><\/b><b>.<\/b><span style=\"font-weight: 400;\">&nbsp;<\/span><\/p>\n<p><span style=\"font-weight: 400;\">\u201cYo estuve aqu\u00ed en la ma\u00f1anera de enero del 2020 para preguntarle sobre la terrible ola de violencia aqu\u00ed en el pa\u00eds y usted me dijo lo siguiente, y estoy citando: \u2018Este a\u00f1o va a haber resultados\u2019.<\/span><\/p>\n<p><span style=\"font-weight: 400;\">\u201cBueno, despu\u00e9s de m\u00e1s de un a\u00f1o, despu\u00e9s, hay resultados, pero muy negativos, se\u00f1or presidente. Su gobierno est\u00e1 en camino a convertirse en el m\u00e1s violento en la historia moderna de M\u00e9xico, m\u00e1s de 86 mil muertos hasta el momento desde que usted tom\u00f3 posesi\u00f3n, seg\u00fan estas cifras oficiales. Si sigue as\u00ed, va a haber m\u00e1s muertos que con Pe\u00f1a Nieto y que con Calder\u00f3n.<\/span><\/p>\n<p><span style=\"font-weight: 400;\">\u201cLos feminicidios, usted lo sabe, lo dijo la semana pasada, siguen en aumento respecto al a\u00f1o anterior.<\/span><\/p>\n<p><span style=\"font-weight: 400;\">\u201cY fuera de la burbuja de Palacio Nacional, el pa\u00eds no est\u00e1 en paz y tranquilidad, se\u00f1or presidente. Le est\u00e1n matando casi 100 mexicanos por d\u00eda, en Aguililla, en Zacatecas, en Reynosa.<\/span><\/p>\n<p><span style=\"font-weight: 400;\">\u201cUsted no cumpli\u00f3 con su promesa de no militarizar a la Guardia Nacional.<\/span><\/p>\n<p><span style=\"font-weight: 400;\">\u201cY ya lleva casi la mitad de su gobierno y sigue todav\u00eda culpando a otros expresidentes por lo que usted no ha podido hacer, as\u00ed que me pregunta es si usted cree que su estrategia de abrazos y no balazos ha sido un verdadero fracaso. Est\u00e1n los muertos, est\u00e1n todos ah\u00ed. Y si va a pedir ayuda, porque hasta el momento no se ha podido\u201d, le plante\u00f3 Jorge Ramos.<\/span><\/p>\n<p><b>\u00bfLa respuesta del licenciado presidente?<\/b><\/p>\n<p><b>&#8211;Pues yo no coincido contigo&#8211;, respondi\u00f3 y se fue por el rumbo de la mentira y las verdades a medias, de la justificaci\u00f3n y la recurrente acusaci\u00f3n al pasado, a sus antecesores. Aludi\u00f3, elemental, a Genaro Garc\u00eda Luna y presumi\u00f3 la aprehensi\u00f3n de C\u00e1rdenas Palomino.<\/b><\/p>\n<p><b>\u201cMira, hemos avanzado, ahora s\u00ed que yo tengo otros datos. Y no es una burbuja, porque no me gusta el autoenga\u00f1o, eso corresponde a los demagogos y a los hip\u00f3critas. Nosotros tenemos dificultad para reducir como quisi\u00e9ramos el delito de homicidio, pero, que esto es importante, hemos logrado contener el crecimiento que se tra\u00eda en homicidios, incluso hay una disminuci\u00f3n desde que llegamos, si quieres marginal, del tres por ciento\u201d, justific\u00f3 Su Alteza Seren\u00edsima cuando su bilis se agitaba. Sin duda.<\/b><\/p>\n<p><span style=\"font-weight: 400;\">&#8211;Lo entiendo, pero no hay resultados, lo que pasa es que usted presenta como un \u00e9xito, como un logro, no lo es\u2014le replic\u00f3 Ramos m\u00e1s adelante en esta interesante e inc\u00f3moda, para el licenciado presidente, esgrima verbal-<\/span><\/p>\n<p><span style=\"font-weight: 400;\">Adem\u00e1s, Ramos le dio \u201cun dato m\u00e1s f\u00e1cil: en diciembre del 2018, su primer mes como presidente, tuvo dos mil 892 homicidios dolosos, el primer mes; y en mayo del 2021, que acaba de pasar, tuvo dos mil 963. No hay cambio\u201d.<\/span><\/p>\n<p><b>&#8211;S\u00ed hay cambio. Yo te voy a dar otro dato\u2014<\/b><span style=\"font-weight: 400;\">se defendi\u00f3 Andr\u00e9s Manuel, pero&#8230;<\/span><\/p>\n<p><b>&#8212;<\/b><span style=\"font-weight: 400;\">No, pero es que ese es el problema, usted lo est\u00e1 presentando como algo positivo y no es algo positivo.<\/span><\/p>\n<p><b>&#8211;Te voy a dar el dato de 18\u2026 Es que no coincidimos por eso, Jorge.<\/b><\/p>\n<p><b>&#8212;<\/b><span style=\"font-weight: 400;\">Es que hay matanzas, hay muertos.<\/span><\/p>\n<p><b>&#8211;S\u00ed, pero no igual, no igual.<\/b><\/p>\n<p><b>&#8212;<\/b><span style=\"font-weight: 400;\">Tres mil al mes.<\/span><\/p>\n<p><b>&#8211;Ya no hay masacres en el pa\u00eds.<\/b><\/p>\n<p><b>&#8212;<\/b><span style=\"font-weight: 400;\">\u00bfY lo de Zacatecas, lo de Aguililla y lo de Reynosa?<\/span><\/p>\n<p><b>&#8211;Esos son enfrentamientos entre bandas, pero no es el Estado, que antes era el principal violador de los derechos humanos.<\/b><\/p>\n<p><span style=\"font-weight: 400;\">&#8211;(\u2026) Son s\u00f3lo las cifras de su propio gobierno, yo saqu\u00e9 las cifras de su propio gobierno.<\/span><\/p>\n<p><b>&#8211;Yo creo que te dieron mal las cifras, yo tengo otros datos.<\/b><\/p>\n<p><b>&#8212;<\/b><span style=\"font-weight: 400;\">Por eso, pero es que no puede haber otros datos porque salieron de la p\u00e1gina de su gobierno, del Secretariado Ejecutivo del Sistema Nacional de Seguridad P\u00fablica.<\/span><\/p>\n<p><span style=\"font-weight: 400;\">(\u2026)&nbsp;<\/span><\/p>\n<p><b>&#8212;<\/b><span style=\"font-weight: 400;\">\u00bfY cu\u00e1ntos candidatos le mataron, se\u00f1or presidente?<\/span><\/p>\n<p><b>&#8211;S\u00ed, lamentablemente.<\/b><\/p>\n<p><b>&#8212;<\/b><span style=\"font-weight: 400;\">Eso es una tragedia.<\/span><\/p>\n<p><span style=\"font-weight: 400;\">(\u2026)<\/span><\/p>\n<p><b>&#8211;S\u00ed, pero me gustar\u00eda que conocieras las cifras, por ejemplo, de los que perdieron la vida durante la campa\u00f1a. En la mayor\u00eda de los casos -y te voy a pasar la informaci\u00f3n- se detuvo a los responsables, no quedaron impunes esos cr\u00edmenes\u2014<\/b><span style=\"font-weight: 400;\">replic\u00f3 el licenciado con su muletilla de los otros datos. \u00bfCu\u00e1les?<\/span><\/p>\n<p><span style=\"font-weight: 400;\">Pero bueno, ni qu\u00e9 decir de la justificaci\u00f3n respecto del p\u00e9simo manejo de la pandemia. Al final, Su Alteza Seren\u00edsima resumi\u00f3 su postura con una frase irreverente: \u201cTengo la conciencia tranquila\u201d. \u00bfY c\u00f3mo est\u00e1 su bilis, licenciado presidente? Digo.<\/span><\/p>\n<p><a href=\"mailto:sanchezlimon@gmail.com\"><span style=\"font-weight: 400;\">sanchezlimon@gmail.com<\/span><\/a><\/p>\n<p><a href=\"http:\/\/www.entresemana.mx\/\"><span style=\"font-weight: 400;\">www.entresemana.mx<\/span><\/a><\/p>\n<p><b>@msanchezlimon1<\/b><\/p>\n<p><b>&nbsp;<\/b><\/p>\n<p>&nbsp;<\/p>\n","protected":false},"excerpt":{"rendered":"<p>*Ni qu\u00e9 decir de la justificaci\u00f3n respecto del p\u00e9simo manejo de la pandemia. Al final, Su Alteza Seren\u00edsima resumi\u00f3 su postura con una frase irreverente: \u201cTengo la conciencia tranquila\u201d. \u00bfY c\u00f3mo est\u00e1 su bilis, licenciado presidente?<\/p>\n","protected":false},"author":3,"featured_media":15805,"comment_status":"open","ping_status":"open","sticky":false,"template":"","format":"standard","meta":{"_monsterinsights_skip_tracking":false,"footnotes":""},"categories":[692,36,105,83],"tags":[],"class_list":["post-37847","post","type-post","status-publish","format-standard","has-post-thumbnail","category-692","category-columnistas","category-entresemana","category-moises-sanchez-limon"],"_links":{"self":[{"href":"https:\/\/redsemlac.com\/semmexico\/wp-json\/wp\/v2\/posts\/37847","targetHints":{"allow":["GET"]}}],"collection":[{"href":"https:\/\/redsemlac.com\/semmexico\/wp-json\/wp\/v2\/posts"}],"about":[{"href":"https:\/\/redsemlac.com\/semmexico\/wp-json\/wp\/v2\/types\/post"}],"author":[{"embeddable":true,"href":"https:\/\/redsemlac.com\/semmexico\/wp-json\/wp\/v2\/users\/3"}],"replies":[{"embeddable":true,"href":"https:\/\/redsemlac.com\/semmexico\/wp-json\/wp\/v2\/comments?post=37847"}],"version-history":[{"count":0,"href":"https:\/\/redsemlac.com\/semmexico\/wp-json\/wp\/v2\/posts\/37847\/revisions"}],"wp:featuredmedia":[{"embeddable":true,"href":"https:\/\/redsemlac.com\/semmexico\/wp-json\/wp\/v2\/media\/15805"}],"wp:attachment":[{"href":"https:\/\/redsemlac.com\/semmexico\/wp-json\/wp\/v2\/media?parent=37847"}],"wp:term":[{"taxonomy":"category","embeddable":true,"href":"https:\/\/redsemlac.com\/semmexico\/wp-json\/wp\/v2\/categories?post=37847"},{"taxonomy":"post_tag","embeddable":true,"href":"https:\/\/redsemlac.com\/semmexico\/wp-json\/wp\/v2\/tags?post=37847"}],"curies":[{"name":"wp","href":"https:\/\/api.w.org\/{rel}","templated":true}]}}