{"id":37843,"date":"2021-07-06T08:32:26","date_gmt":"2021-07-06T14:32:26","guid":{"rendered":"https:\/\/redsemlac.com\/semmexico\/?p=37843"},"modified":"2023-07-21T17:03:33","modified_gmt":"2023-07-21T22:03:33","slug":"las-mujeres-viven-5-6-anos-mas-que-los-hombres-en-una-vejez-precaria-ibd-del-senado","status":"publish","type":"post","link":"https:\/\/redsemlac.com\/semmexico\/las-mujeres-viven-5-6-anos-mas-que-los-hombres-en-una-vejez-precaria-ibd-del-senado\/","title":{"rendered":"Las mujeres viven 5.6 a\u00f1os m\u00e1s que los hombres en una vejez precaria: IBD del Senado"},"content":{"rendered":"<p><span style=\"font-weight: 400;\">*Urge ratificaci\u00f3n de la Convenci\u00f3n Interamericana sobre la Protecci\u00f3n de los Derechos Humanos de las Personas Mayores<\/span><\/p>\n<p><!--more--><\/p>\n<p><span style=\"font-weight: 400;\">Ellas reciben los bajos ingresos en su vida y por la edad son&nbsp; malas sus condiciones de salud&nbsp;<\/span><\/p>\n<p><span style=\"font-weight: 400;\">Elda Montiel&nbsp;<\/span><\/p>\n<p><span style=\"font-weight: 400;\">SemM\u00e9xico, Cd. de M\u00e9xico, 6 de julio 2021.- De seis millones de personas mayores de 60 a\u00f1os en el pa\u00eds, que es la poblaci\u00f3n econ\u00f3micamente activa, s\u00f3lo el 35 por ciento son mujeres, ya que el 66 por ciento se dedican mayoritariamente a las labores del hogar, se\u00f1ala la investigaci\u00f3n del Instituto Belisario Dom\u00ednguez (IBD) del Senado de la Rep\u00fablica.&nbsp;<\/span><\/p>\n<p><span style=\"font-weight: 400;\">M\u00e9xico se encuentra en un proceso de envejecimiento de la poblaci\u00f3n pues aument\u00f3 el incremento de la esperanza de vida a 75.2 a\u00f1os en 2020 y se prev\u00e9 aumente a 79.6 a\u00f1os a mediados de siglo, con diferencias significativas entre hombres y mujeres.&nbsp;<\/span><\/p>\n<p><span style=\"font-weight: 400;\">En la actualidad la esperanza de vida de las mujeres, definida como el n\u00famero de a\u00f1os que en promedio se espera viva una persona, se ubica en alrededor de 78.5 a\u00f1os y la de los hombres en 72.7.&nbsp;<\/span><\/p>\n<p><span style=\"font-weight: 400;\">Seg\u00fan las estimaciones oficiales del Consejo Nacional de Poblaci\u00f3n (CONAPO) se espera que a mediados de 2050 la vida promedio se incremente a 82.6 para las mujeres y a 76.7 a\u00f1os en el caso de los hombres.<\/span><\/p>\n<p><span style=\"font-weight: 400;\">El hecho de que las mujeres vivan en promedio actualmente 5.6 a\u00f1os m\u00e1s que la poblaci\u00f3n masculina no significa que sea en condiciones adecuadas y de respeto a sus derechos humanos, en la mayor\u00eda de los casos deben enfrentar solas, como viudas, y muchas veces teniendo familiares a su cargo, a una vejez precaria.&nbsp;<\/span><\/p>\n<p><span style=\"font-weight: 400;\">A ello contribuyen los bajos ingresos que reciben y las malas condiciones de salud propias de la edad, se\u00f1ala el estudio de la investigadora Irma K\u00e1nter Coronel titulada \u201cLas personas mayores a trav\u00e9s de los datos censales de 2020\u201d.&nbsp;<\/span><\/p>\n<p><span style=\"font-weight: 400;\">Con datos del Censo Nacional de Poblaci\u00f3n y Vivienda 2020 levantado por el Instituto Nacional de Estad\u00edstica y Geograf\u00eda (INEGI) y de las estimaciones sobre pobreza en adultos mayores realizadas por el Consejo Nacional de Evaluaci\u00f3n de la Pol\u00edtica de Desarrollo Social (CONEVAL) correspondientes al a\u00f1o 2018.<\/span><\/p>\n<p><span style=\"font-weight: 400;\">Se\u00f1ala el estudio, que, de hecho, hay una fuerte inequidad de g\u00e9nero durante las edades activas, que luego repercute en un menor ingreso en las edades avanzadas. Sobre todo, en los sistemas de pensiones de capitalizaci\u00f3n las mujeres reciben menores retribuciones por haber aportado menos, debido tanto a que han participado menos, y con interrupciones, en la actividad econ\u00f3mica, como por el hecho de percibir menores remuneraciones que los hombres.<\/span><\/p>\n<p><span style=\"font-weight: 400;\">Las personas mayores se enfrentan tambi\u00e9n a los prejuicios del envejecimiento, al maltrato y violencia en la vejez, as\u00ed como a la discriminaci\u00f3n por edad, y si bien se desconoce la prevalencia de estos hechos, su importancia social y moral es indiscutible.&nbsp;<\/span><\/p>\n<p><span style=\"font-weight: 400;\">Por tal motivo, este problema requiere de respuestas multifac\u00e9tica que se centre en la protecci\u00f3n de los derechos de las personas mayores.<\/span><\/p>\n<p><span style=\"font-weight: 400;\">En cuanto a la Poblaci\u00f3n No Econ\u00f3micamente Activa (PNEA) se estima en 9 millones de personas, lo que significa el 59.5% del conjunto de la poblaci\u00f3n total de 60 y m\u00e1s a\u00f1os.&nbsp;<\/span><\/p>\n<p><span style=\"font-weight: 400;\">En su clasificaci\u00f3n por sexo, las mujeres quienes suman cerca de 6 millones (66. por ciento) y los hombres 3 millones (34%), es decir, por cada hombre que no participaba en el mercado laboral hay dos mujeres en la misma situaci\u00f3n. Esta elevada proporci\u00f3n de mujeres no econ\u00f3micamente activas responde, en gran medida, al sesgo generalizado que subestima el trabajo femenino, en especial el trabajo informal o aquel que se realiza en el hogar.<\/span><\/p>\n<p><span style=\"font-weight: 400;\">De acuerdo a la actividad en que se ocupan las mujeres no econ\u00f3micamente activas el 18.8 son jubiladas contra el 58.4 de los hombres; el 65.2 por ciento se dedica a las labores del hogar contra 5.5 por ciento de los hombres; 7.1 tiene limitaci\u00f3n f\u00edsica o mental que le impide trabajar contra 15.2 por ciento; 8.9 por ciento se dedican a otra actividad no econ\u00f3mica contra 20.9 por ciento de los hombres.&nbsp;&nbsp;<\/span><\/p>\n<p><b>De los 15.1 millones de personas mayores 8.1 millones son mujeres<\/b><\/p>\n<p><span style=\"font-weight: 400;\">La distribuci\u00f3n de la poblaci\u00f3n de 60 a\u00f1os o m\u00e1s por sexo muestra que las mujeres suman 8.1 millones de las personas mayores y representa 54 por ciento del total de personas de este segmento de la poblaci\u00f3n y 13% respecto al conjunto de la poblaci\u00f3n total femenina del pa\u00eds.&nbsp;<\/span><\/p>\n<p><span style=\"font-weight: 400;\">Por su parte, los hombres mayores ascienden a 7.0 millones y representan 46 por ciento de las personas mayores y 11.3% de la poblaci\u00f3n total masculina de M\u00e9xico.<\/span><\/p>\n<p><span style=\"font-weight: 400;\">En materia de salud son 4.8 millones de las personas mayores, un 60.3 por ciento, que tiene alguna limitaci\u00f3n, pero puede ver usando lentes; o\u00edr usando aparato auditivo; caminar, subir o bajar; recordar o concentrarse; ba\u00f1arse, vestirse o comer, y hablar o comunicarse.<\/span><\/p>\n<p><span style=\"font-weight: 400;\">Son 3.1 millones de mayores de 60 a\u00f1os, un 39.9 por ciento que enfrenta alguna discapacidad que les dificulta mucho o no pueden realizar alguna actividad cotidiana por s\u00ed mismas. Casi 230 mil, un 2.9 por ciento tiene alg\u00fan problema o condici\u00f3n mental. Los datos por sexo muestran que entre los adultos mayores con discapacidades hay mayor prevalencia de mujeres, un 54 por ciento, que, de hombres, un 46 por ciento.&nbsp;<\/span><\/p>\n<p><b>3 millones de personas mayores sin acceso a la salud&nbsp;<\/b><\/p>\n<p><span style=\"font-weight: 400;\">En cuanto al acceso a servicios de salud, la informaci\u00f3n censal muestra que 80 de cada 100 personas mayores est\u00e1n afiliadas a una instituci\u00f3n de servicios de salud.<\/span><\/p>\n<p><span style=\"font-weight: 400;\">Por otro lado, cerca de 20 por ciento es decir unos 3 millones de personas mayores no cuentan con protecci\u00f3n social en salud, sin que existan grandes diferencias entre mujeres (50.3 por ciento) y hombres (49.7 por ciento).&nbsp;<\/span><\/p>\n<p><b>COVID 19 tercera causa de muerte en personas mayores&nbsp;<\/b><\/p>\n<p><span style=\"font-weight: 400;\">Durante los ocho primeros meses de 2020 (enero a agosto), el COVID 19 fue la tercera causa de muerte para el conjunto de la poblaci\u00f3n de 65 a\u00f1os o m\u00e1s (48mil 442), por debajo de las enfermedades del coraz\u00f3n que ocuparon el primer lugar y de la diabetes mellitus en el segundo sitio.<\/span><\/p>\n<p><b>Poblaciones ind\u00edgenas y afromexicanas&nbsp;<\/b><\/p>\n<p><span style=\"font-weight: 400;\">Del 1.2 millones de personas de 60 a\u00f1os y m\u00e1s hablan alguna lengua ind\u00edgena, quienes en conjunto representan 8.2 por ciento del total de personas mayores y en su mayor\u00eda residen en 8 entidades del pa\u00eds: Oaxaca, Veracruz, Yucat\u00e1n, Puebla, Chiapas, Estado de M\u00e9xico, Hidalgo y Guerrero.<\/span><\/p>\n<p><span style=\"font-weight: 400;\">De estas, la distribuci\u00f3n por sexo muestra que hay una mayor proporci\u00f3n de mujeres de 60 a\u00f1os y m\u00e1s hablantes de lengua ind\u00edgena (51.5 por ciento) que de hombres (48.5 por ciento).<\/span><\/p>\n<p><span style=\"font-weight: 400;\">En M\u00e9xico 2.6 millones (49.6% hombres y 50.4% mujeres) de personas se autoreconocen como afromexicanas o afrodescendientes y, de ellos, 321 mil 501 (2.2%) son personas de 60 a\u00f1os o m\u00e1s, donde las mujeres conforman 52% y los hombres 48%.<\/span><\/p>\n<p><span style=\"font-weight: 400;\">El envejecimiento de la poblaci\u00f3n se produce a ritmos y tiempos distintos entre las entidades federativas del pa\u00eds.&nbsp;<\/span><\/p>\n<p><span style=\"font-weight: 400;\">Se estima en 15.1 millones la poblaci\u00f3n total de adultos mayores quienes se concentran en el Estado de M\u00e9xico con 1.9 millones, la Ciudad de M\u00e9xico con 1.5 millones, Veracruz con 1.2 millones, Jalisco con cerca de un mill\u00f3n; Puebla con 745 mil 419, Guanajuato con 681 mil 374 y Nuevo Le\u00f3n con 654 mil 050.&nbsp;<\/span><\/p>\n<p><span style=\"font-weight: 400;\">Los estados menos envejecidos son Baja California Sur, Chiapas y Quintana Roo, los cuales registran proporciones menores a 10% de su poblaci\u00f3n de 60 o m\u00e1s a\u00f1os,&nbsp;<\/span><\/p>\n<p><span style=\"font-weight: 400;\">La informaci\u00f3n disponible muestra el predominio de las mujeres en la composici\u00f3n de la poblaci\u00f3n mayor, y a medida que el envejecimiento se intensifica, tambi\u00e9n se observa un aumento de los grupos de mayor edad en el conjunto de la poblaci\u00f3n de 60 a\u00f1os y m\u00e1s, lo que tiene implicaciones importantes para las pol\u00edticas p\u00fablicas en materia de salud, cuidados y protecci\u00f3n social.&nbsp;<\/span><\/p>\n<p><span style=\"font-weight: 400;\">Y es precisamente en el \u00e1mbito relacionado con la infraestructura en salud y el de cuidados de las personas mayores en el que se incrementar\u00e1 la presi\u00f3n por el envejecimiento de la poblaci\u00f3n debido a que las personas mayores se caracterizan por estados de salud complejos que requieren de cuidados m\u00e1s intensos y de m\u00e1s larga duraci\u00f3n.&nbsp;<\/span><\/p>\n<p><span style=\"font-weight: 400;\">M\u00e9xico requiere prepararse para una nueva y cambiante realidad demogr\u00e1fica que implica m\u00faltiples desaf\u00edos, exige nuevas acciones y un cambio de actitud, de pol\u00edticas y pr\u00e1cticas para mejorar la calidad de vida de las personas mayores.&nbsp;<\/span><\/p>\n<p><span style=\"font-weight: 400;\">Uno de los grandes pendientes que tiene nuestro pa\u00eds con los adultos mayores es la ratificaci\u00f3n de la Convenci\u00f3n Interamericana sobre la Protecci\u00f3n de los Derechos Humanos de las Personas Mayores, aprobada el 15 de junio de 2015 por la Asamblea por los Estados Miembros de la Organizaci\u00f3n de los Estados Americanos (OEA).<\/span><\/p>\n","protected":false},"excerpt":{"rendered":"<p>*Urge ratificaci\u00f3n de la Convenci\u00f3n Interamericana sobre la Protecci\u00f3n de los Derechos Humanos de las Personas Mayores<\/p>\n","protected":false},"author":3,"featured_media":37844,"comment_status":"open","ping_status":"open","sticky":false,"template":"","format":"standard","meta":{"_monsterinsights_skip_tracking":false,"footnotes":""},"categories":[692,50,49],"tags":[],"class_list":["post-37843","post","type-post","status-publish","format-standard","has-post-thumbnail","category-692","category-congreso","category-desde"],"_links":{"self":[{"href":"https:\/\/redsemlac.com\/semmexico\/wp-json\/wp\/v2\/posts\/37843","targetHints":{"allow":["GET"]}}],"collection":[{"href":"https:\/\/redsemlac.com\/semmexico\/wp-json\/wp\/v2\/posts"}],"about":[{"href":"https:\/\/redsemlac.com\/semmexico\/wp-json\/wp\/v2\/types\/post"}],"author":[{"embeddable":true,"href":"https:\/\/redsemlac.com\/semmexico\/wp-json\/wp\/v2\/users\/3"}],"replies":[{"embeddable":true,"href":"https:\/\/redsemlac.com\/semmexico\/wp-json\/wp\/v2\/comments?post=37843"}],"version-history":[{"count":0,"href":"https:\/\/redsemlac.com\/semmexico\/wp-json\/wp\/v2\/posts\/37843\/revisions"}],"wp:featuredmedia":[{"embeddable":true,"href":"https:\/\/redsemlac.com\/semmexico\/wp-json\/wp\/v2\/media\/37844"}],"wp:attachment":[{"href":"https:\/\/redsemlac.com\/semmexico\/wp-json\/wp\/v2\/media?parent=37843"}],"wp:term":[{"taxonomy":"category","embeddable":true,"href":"https:\/\/redsemlac.com\/semmexico\/wp-json\/wp\/v2\/categories?post=37843"},{"taxonomy":"post_tag","embeddable":true,"href":"https:\/\/redsemlac.com\/semmexico\/wp-json\/wp\/v2\/tags?post=37843"}],"curies":[{"name":"wp","href":"https:\/\/api.w.org\/{rel}","templated":true}]}}