{"id":37841,"date":"2021-07-06T08:14:59","date_gmt":"2021-07-06T14:14:59","guid":{"rendered":"https:\/\/redsemlac.com\/semmexico\/?p=37841"},"modified":"2023-07-21T17:03:33","modified_gmt":"2023-07-21T22:03:33","slug":"incentivar-a-la-pequena-y-mediana-empresa-para-reactivar-la-economia-ricardo-monreal","status":"publish","type":"post","link":"https:\/\/redsemlac.com\/semmexico\/incentivar-a-la-pequena-y-mediana-empresa-para-reactivar-la-economia-ricardo-monreal\/","title":{"rendered":"Incentivar a la peque\u00f1a y mediana empresa para reactivar la econom\u00eda, Ricardo Monreal"},"content":{"rendered":"<p>*Mujeres mayor\u00eda de empresarias peque\u00f1as y dan empleo masivo<!--more--><br \/>\nElda Montiel<\/p>\n<p>SemM\u00e9xico, Cd. de M\u00e9xico, 6 de julio 2021.- La emergencia sanitaria plante\u00f3 retos importantes en materia de salud, econom\u00eda y finanzas p\u00fablicas para todos los pa\u00edses, por lo que las y los senadores de Morena legislar\u00e1n para apoyar a las peque\u00f1as y medianas empresas, expres\u00f3 el senador Ricardo Monreal.<\/p>\n<p>El jefe de la Junta de Coordinaci\u00f3n Pol\u00edtica abund\u00f3 que impulsar\u00e1n acciones que contribuyan a la reactivaci\u00f3n econ\u00f3mica, y que el paquete econ\u00f3mico 2022 tiene que ser un aut\u00e9ntico instrumento de justicia tributaria y distributiva para que se traduzca en mejores condiciones de salud, seguridad y bienestar.<\/p>\n<p>Ello impactar\u00e1 a miles de mujeres due\u00f1as de peque\u00f1as empresas que generan empleo a m\u00e1s de 3 millones de mexicanos y mexicanas, se\u00f1al\u00f3 el senador.<\/p>\n<p>El senador Monreal \u00c1vila record\u00f3 que la pandemia no s\u00f3lo ha provocado la p\u00e9rdida de vidas, sino tambi\u00e9n devastaci\u00f3n econ\u00f3mica, cierre de empresas e impago de cr\u00e9ditos al consumo y de hipotecas.<\/p>\n<p>Aunque reconoci\u00f3 que este panorama no es exclusivo de nuestro pa\u00eds, dijo que el Senado pugnar\u00e1 por poner en marcha mecanismos legales, convenidos con instituciones de cr\u00e9dito y agentes financieros, para atender esos reclamos.<\/p>\n<p>En relaci\u00f3n a los tres primeros a\u00f1os de gobierno de la actual administraci\u00f3n, el jefe pol\u00edtico del Senado y coordinador parlamentario de Morena destac\u00f3 que la econom\u00eda mexicana muestra una recuperaci\u00f3n m\u00e1s fuerte de la que se anticipaba.<\/p>\n<p>La vacunaci\u00f3n avanza, los contagios y fallecimientos derivados de la pandemia van a la baja, salvo estos \u00faltimos d\u00edas que ha rebrotado el virus.<\/p>\n<p>Insisti\u00f3 que para lograr los mayores niveles de inversi\u00f3n y generaci\u00f3n de m\u00e1s y mejores empleos, hay que motivar a la m\u00e1s importante de las inversiones que es la de las peque\u00f1as y medianas empresas.<\/p>\n<p>Tambi\u00e9n consider\u00f3 que se debe garantizar el suministro de energ\u00eda para el futuro, y se requieren medidas fiscales que no incrementen el costo de hacer negocios y que incentiven a la formalizaci\u00f3n, sobre todo para las micro, peque\u00f1as y medias empresas.<\/p>\n<p>Adem\u00e1s de invertir en infraestructura, en proyectos basados en las ventajas competitivas de M\u00e9xico.<\/p>\n","protected":false},"excerpt":{"rendered":"<p>*Mujeres mayor\u00eda de empresarias peque\u00f1as y dan empleo masivo<\/p>\n","protected":false},"author":3,"featured_media":27126,"comment_status":"open","ping_status":"open","sticky":false,"template":"","format":"standard","meta":{"_monsterinsights_skip_tracking":false,"footnotes":""},"categories":[692,50,49],"tags":[],"class_list":["post-37841","post","type-post","status-publish","format-standard","has-post-thumbnail","category-692","category-congreso","category-desde"],"_links":{"self":[{"href":"https:\/\/redsemlac.com\/semmexico\/wp-json\/wp\/v2\/posts\/37841","targetHints":{"allow":["GET"]}}],"collection":[{"href":"https:\/\/redsemlac.com\/semmexico\/wp-json\/wp\/v2\/posts"}],"about":[{"href":"https:\/\/redsemlac.com\/semmexico\/wp-json\/wp\/v2\/types\/post"}],"author":[{"embeddable":true,"href":"https:\/\/redsemlac.com\/semmexico\/wp-json\/wp\/v2\/users\/3"}],"replies":[{"embeddable":true,"href":"https:\/\/redsemlac.com\/semmexico\/wp-json\/wp\/v2\/comments?post=37841"}],"version-history":[{"count":0,"href":"https:\/\/redsemlac.com\/semmexico\/wp-json\/wp\/v2\/posts\/37841\/revisions"}],"wp:featuredmedia":[{"embeddable":true,"href":"https:\/\/redsemlac.com\/semmexico\/wp-json\/wp\/v2\/media\/27126"}],"wp:attachment":[{"href":"https:\/\/redsemlac.com\/semmexico\/wp-json\/wp\/v2\/media?parent=37841"}],"wp:term":[{"taxonomy":"category","embeddable":true,"href":"https:\/\/redsemlac.com\/semmexico\/wp-json\/wp\/v2\/categories?post=37841"},{"taxonomy":"post_tag","embeddable":true,"href":"https:\/\/redsemlac.com\/semmexico\/wp-json\/wp\/v2\/tags?post=37841"}],"curies":[{"name":"wp","href":"https:\/\/api.w.org\/{rel}","templated":true}]}}