{"id":37839,"date":"2021-07-06T08:09:44","date_gmt":"2021-07-06T14:09:44","guid":{"rendered":"https:\/\/redsemlac.com\/semmexico\/?p=37839"},"modified":"2023-07-21T17:03:33","modified_gmt":"2023-07-21T22:03:33","slug":"elecciones-intermedias-las-mas-copiosas-y-violentas-en-razon-de-genero-lorenzo-cordova","status":"publish","type":"post","link":"https:\/\/redsemlac.com\/semmexico\/elecciones-intermedias-las-mas-copiosas-y-violentas-en-razon-de-genero-lorenzo-cordova\/","title":{"rendered":"Elecciones intermedias las m\u00e1s copiosas\u00a0y violentas en raz\u00f3n de g\u00e9nero: Lorenzo C\u00f3rdova"},"content":{"rendered":"<p><span style=\"font-weight: 400;\">*M\u00e9xico es un pa\u00eds que no cabe bajo una sola voz, bajo un solo emblema<\/span><\/p>\n<p><!--more--><\/p>\n<p><span style=\"font-weight: 400;\">Ning\u00fan partido tuvo por s\u00ed mismo la mayor\u00eda de la votaci\u00f3n emitida&nbsp;<\/span><\/p>\n<p><span style=\"font-weight: 400;\">Elda Montiel<\/span><\/p>\n<p><span style=\"font-weight: 400;\">SemM\u00e9xico, Cd. de M\u00e9xico, 6 de julio 2021.- Las elecciones del pasado 6 de junio fueron la elecci\u00f3n intermedia con m\u00e1s alta participaci\u00f3n en lo que va del siglo con 49.1 millones de votantes y las m\u00e1s violenta en raz\u00f3n de g\u00e9nero expres\u00f3 Lorenzo C\u00f3rdova Vianello, presidente del Instituto Nacional Electoral (INE).&nbsp;<\/span><\/p>\n<p><span style=\"font-weight: 400;\">Mientras Dania Ravel, consejera electoral destac\u00f3 que la observaci\u00f3n electoral en materia de violencia pol\u00edtica en raz\u00f3n de g\u00e9nero por ser la primera elecci\u00f3n en la que se cuenta con una legislaci\u00f3n en la materia es fundamental para identificar las \u00e1reas de oportunidad.<\/span><\/p>\n<p><span style=\"font-weight: 400;\">En el marco de la presentaci\u00f3n de las conclusiones preliminares de las organizaciones de la sociedad que contaron con el apoyo del Fondo de Apoyo a la Observaci\u00f3n Electoral 2021 (FAOE) administrado por el Centro de Asesor\u00eda y Promoci\u00f3n Electoral del Instituto Interamericano de Derechos Humanos (CAPEL-IIDH).<\/span><\/p>\n<blockquote class=\"wp-embedded-content\" data-secret=\"YSS8dpvLAu\"><p><a href=\"https:\/\/redsemlac.com\/semmexico\/disyuntiva-etica-florencio-salazar-adame-opinion\/\">Disyuntiva \u00e9tica<\/a><\/p><\/blockquote>\n<p><iframe loading=\"lazy\" class=\"wp-embedded-content\" sandbox=\"allow-scripts\" security=\"restricted\" style=\"position: absolute; visibility: hidden;\" title=\"\u00abDisyuntiva \u00e9tica\u00bb \u2014 SemM\u00e9xico\" src=\"https:\/\/redsemlac.com\/semmexico\/disyuntiva-etica-florencio-salazar-adame-opinion\/embed\/#?secret=UHAhS4uSVH#?secret=YSS8dpvLAu\" data-secret=\"YSS8dpvLAu\" width=\"600\" height=\"338\" frameborder=\"0\" marginwidth=\"0\" marginheight=\"0\" scrolling=\"no\"><\/iframe><\/p>\n<p><span style=\"font-weight: 400;\">El Consejero Presidente, Lorenzo C\u00f3rdova Vianello, reconoci\u00f3 que, a pesar del contexto sanitario, as\u00ed como la inseguridad y violencia generalizada que enfrenta el pa\u00eds y las constantes amenazas en contra del Instituto, el pasado 6 de junio se logr\u00f3 la participaci\u00f3n m\u00e1s alta en una elecci\u00f3n intermedia en lo que va del siglo.<\/span><\/p>\n<p><span style=\"font-weight: 400;\">\u201cCon una participaci\u00f3n electoral del 52.6 por ciento, las elecciones del 6 de junio demostraron que la mayor\u00eda de la ciudadan\u00eda asumi\u00f3 un compromiso activo para vivir y recrear su democracia\u201d, destac\u00f3.<\/span><\/p>\n<p><span style=\"font-weight: 400;\">Reconoci\u00f3 que los retos que se presentaron desde el arranque del proceso electoral y que a\u00fan no culmina fueron superados con apego al marco legal y con absoluta imparcialidad.<\/span><\/p>\n<p><span style=\"font-weight: 400;\">Tambi\u00e9n destac\u00f3 que ninguna fuerza pol\u00edtica puede dar por asegurado ni el triunfo propio, ni el rechazo de los contrarios en las urnas.&nbsp; \u201c<\/span><span style=\"font-weight: 400;\">M\u00e9xico es un pa\u00eds que no cabe bajo una sola voz, bajo un solo emblema, ning\u00fan partido tuvo por s\u00ed mismo la mayor\u00eda de la votaci\u00f3n emitida\u201d.&nbsp;<\/span><\/p>\n<p><span style=\"font-weight: 400;\">El Consejero Presidente se\u00f1al\u00f3 que esta es una raz\u00f3n por la cual el fondo de observaci\u00f3n ha funcionado de manera ininterrumpida desde 1994, ya que sus reflexiones contribuyen a elevar el contexto de exigencia tanto de las autoridades electorales como de quienes buscan el respaldo de los votantes en las urnas.<\/span><\/p>\n<p><span style=\"font-weight: 400;\">Por su parte el consejero Ciro Murayama explic\u00f3 que los derechos pol\u00edticos no s\u00f3lo se limitan al tema electoral, por lo que estim\u00f3 necesario avanzar en el fortalecimiento de instituciones coadyuvantes, a la par que llam\u00f3 a la reflexi\u00f3n sobre la pertinencia de la autonom\u00eda del propio INE, as\u00ed como de la llamada austeridad republicana en el ejercicio de derechos.<\/span><\/p>\n<blockquote class=\"wp-embedded-content\" data-secret=\"3oonFgC2Cu\"><p><a href=\"https:\/\/redsemlac.com\/semmexico\/las-imagenes-de-los-feminicidios-drina-ergueta-opinion-texturavioleta\/\">Las im\u00e1genes de los feminicidios<\/a><\/p><\/blockquote>\n<p><iframe loading=\"lazy\" class=\"wp-embedded-content\" sandbox=\"allow-scripts\" security=\"restricted\" style=\"position: absolute; visibility: hidden;\" title=\"\u00abLas im\u00e1genes de los feminicidios\u00bb \u2014 SemM\u00e9xico\" src=\"https:\/\/redsemlac.com\/semmexico\/las-imagenes-de-los-feminicidios-drina-ergueta-opinion-texturavioleta\/embed\/#?secret=BkY5UKw7cI#?secret=3oonFgC2Cu\" data-secret=\"3oonFgC2Cu\" width=\"600\" height=\"338\" frameborder=\"0\" marginwidth=\"0\" marginheight=\"0\" scrolling=\"no\"><\/iframe><\/p>\n<p>&nbsp;<\/p>\n<p><span style=\"font-weight: 400;\">La Consejera Claudia Zavala expuso sus inquietudes sobre los diversos temas que se abordaron como es el caso de las acciones afirmativas en especial por la simulaci\u00f3n que se present\u00f3, as\u00ed como en el tema de la participaci\u00f3n de las personas que residen fuera del pa\u00eds en las candidaturas. Confi\u00f3 en que estas observaciones puedan implementarse de mejor manera.<\/span><\/p>\n<p><span style=\"font-weight: 400;\">Durante tres d\u00edas cada una de las organizaciones presentar\u00e1 a las y los consejeros electorales sus conclusiones sobre diversos temas iniciando con Experiencias de participaci\u00f3n pol\u00edtica y electoral de mujeres, pueblos ind\u00edgenas, ciudadanos en el exterior y ciudadanos privados de libertad.<\/span><\/p>\n<p><span style=\"font-weight: 400;\">En el primer d\u00eda presentaron sus conclusiones preliminares las organizaciones: Borde Pol\u00edtico A.C., Desarrollo Autogestionario, A.C., Desarrollo, Educaci\u00f3n y Cultura Autogestionarios, Equipo Pueblo A.C., Documenta, an\u00e1lisis y acci\u00f3n para la justicia social, A.C., Fundaci\u00f3n Z\u00edcaro, A.C., Eco-ciudadan\u00eda del Futuro, ECOCIF A.C., Gente Diversa de Baja California, A.C., Iniciativa Ciudadana para la Promoci\u00f3n de la Cultura del Di\u00e1logo A.C. y Ollin, J\u00f3venes en Movimiento, A.C.<\/span><\/p>\n<p><span style=\"font-weight: 400;\">En el segundo d\u00eda se conocer\u00e1n los resultados sobre las experiencias&nbsp;de la participaci\u00f3n pol\u00edtica y electoral de ciudadanos con discapacidad y j\u00f3venes, y seguimiento de procesos de selecci\u00f3n de candidatos y campa\u00f1as electorales.<\/span><\/p>\n<p><span style=\"font-weight: 400;\">En el tercer d\u00eda se ver\u00e1n los enfoques transversales y experiencias regionales con lo que concluir\u00e1 la presentaci\u00f3n preliminar de los resultados que se obtuvieron. Cada una de estas organizaciones cont\u00f3 con el apoyo econ\u00f3mico y asesoramiento t\u00e9cnico de parte del Fondo de Apoyo a la Observaci\u00f3n Electoral 2021.<\/span><\/p>\n<blockquote class=\"wp-embedded-content\" data-secret=\"DVbPyq0Pnt\"><p><a href=\"https:\/\/redsemlac.com\/semmexico\/hechos-de-violencia-en-casillas-300-casillas-no-fueron-instaladas\/\">Hechos de violencia durante jornada electoral, 300 casillas no fueron instaladas<\/a><\/p><\/blockquote>\n<p><iframe loading=\"lazy\" class=\"wp-embedded-content\" sandbox=\"allow-scripts\" security=\"restricted\" style=\"position: absolute; visibility: hidden;\" title=\"\u00abHechos de violencia durante jornada electoral, 300 casillas no fueron instaladas\u00bb \u2014 SemM\u00e9xico\" src=\"https:\/\/redsemlac.com\/semmexico\/hechos-de-violencia-en-casillas-300-casillas-no-fueron-instaladas\/embed\/#?secret=8luoeyWWzl#?secret=DVbPyq0Pnt\" data-secret=\"DVbPyq0Pnt\" width=\"600\" height=\"338\" frameborder=\"0\" marginwidth=\"0\" marginheight=\"0\" scrolling=\"no\"><\/iframe><\/p>\n<p>https:\/\/redsemlac.com\/semmexico\/hechos-de-violencia-en-casillas-300-casillas-no-fueron-instaladas\/&nbsp;<\/p>\n<p>&nbsp;<\/p>\n","protected":false},"excerpt":{"rendered":"<p>*M\u00e9xico es un pa\u00eds que no cabe bajo una sola voz, bajo un solo emblema<\/p>\n","protected":false},"author":3,"featured_media":24524,"comment_status":"open","ping_status":"open","sticky":false,"template":"","format":"standard","meta":{"_monsterinsights_skip_tracking":false,"footnotes":""},"categories":[692,141],"tags":[],"class_list":["post-37839","post","type-post","status-publish","format-standard","has-post-thumbnail","category-692","category-elecciones-2020-2021"],"_links":{"self":[{"href":"https:\/\/redsemlac.com\/semmexico\/wp-json\/wp\/v2\/posts\/37839","targetHints":{"allow":["GET"]}}],"collection":[{"href":"https:\/\/redsemlac.com\/semmexico\/wp-json\/wp\/v2\/posts"}],"about":[{"href":"https:\/\/redsemlac.com\/semmexico\/wp-json\/wp\/v2\/types\/post"}],"author":[{"embeddable":true,"href":"https:\/\/redsemlac.com\/semmexico\/wp-json\/wp\/v2\/users\/3"}],"replies":[{"embeddable":true,"href":"https:\/\/redsemlac.com\/semmexico\/wp-json\/wp\/v2\/comments?post=37839"}],"version-history":[{"count":0,"href":"https:\/\/redsemlac.com\/semmexico\/wp-json\/wp\/v2\/posts\/37839\/revisions"}],"wp:featuredmedia":[{"embeddable":true,"href":"https:\/\/redsemlac.com\/semmexico\/wp-json\/wp\/v2\/media\/24524"}],"wp:attachment":[{"href":"https:\/\/redsemlac.com\/semmexico\/wp-json\/wp\/v2\/media?parent=37839"}],"wp:term":[{"taxonomy":"category","embeddable":true,"href":"https:\/\/redsemlac.com\/semmexico\/wp-json\/wp\/v2\/categories?post=37839"},{"taxonomy":"post_tag","embeddable":true,"href":"https:\/\/redsemlac.com\/semmexico\/wp-json\/wp\/v2\/tags?post=37839"}],"curies":[{"name":"wp","href":"https:\/\/api.w.org\/{rel}","templated":true}]}}