{"id":37834,"date":"2021-07-06T08:04:23","date_gmt":"2021-07-06T14:04:23","guid":{"rendered":"https:\/\/redsemlac.com\/semmexico\/?p=37834"},"modified":"2023-07-21T17:03:33","modified_gmt":"2023-07-21T22:03:33","slug":"disyuntiva-etica-florencio-salazar-adame-opinion","status":"publish","type":"post","link":"https:\/\/redsemlac.com\/semmexico\/disyuntiva-etica-florencio-salazar-adame-opinion\/","title":{"rendered":"Disyuntiva \u00e9tica"},"content":{"rendered":"<p>*<span style=\"font-weight: 400;\">La pol\u00edtica cuando se disocia de la \u00e9tica se convierte en acci\u00f3n represiva. Aunque se desde\u00f1a la pol\u00edtica y \u00e9sta sufra la mirada despectiva de los j\u00f3venes.<\/span><\/p>\n<p>&nbsp;<\/p>\n<p><!--more--><\/p>\n<figure id=\"attachment_37836\" aria-describedby=\"caption-attachment-37836\" style=\"width: 640px\" class=\"wp-caption aligncenter\"><a href=\"https:\/\/redsemlac.com\/semmexico\/wp-content\/uploads\/2021\/07\/jnt-oficina-palacio-entrevista-florencio-salazar.jpg\"><img loading=\"lazy\" decoding=\"async\" class=\"size-large wp-image-37836\" src=\"https:\/\/redsemlac.com\/semmexico\/wp-content\/uploads\/2021\/07\/jnt-oficina-palacio-entrevista-florencio-salazar-1024x669.jpg\" alt=\"\" width=\"640\" height=\"418\"><\/a><figcaption id=\"caption-attachment-37836\" class=\"wp-caption-text\">&nbsp;Foto: Jessica Torres Barrera<\/figcaption><\/figure>\n<p>&nbsp;<\/p>\n<p><span style=\"font-weight: 400;\">Florencio Salazar Adame<\/span><\/p>\n<p><span style=\"font-weight: 400;\">Estoy flotante de curiosidad\/<\/span><\/p>\n<p><span style=\"font-weight: 400;\">\u00e1vido de saber o de sufrirme. Mario Bendetti.<\/span><\/p>\n<p><span style=\"font-weight: 400;\">SemM\u00e9xico\/ El Sur de Acapulco. Cd de M\u00e9xico, 6 de julio de 2021.- Seg\u00fan Walter Benjamin \u201c el derecho considera que la violencia en manos de personas individuales constituye un peligro para el orden legal\u201d, Es esta m\u00e1xima radica uno de los fines esenciales del Estado: garantizar la vida civilizada imponiendo el arbitraje al conflicto social a trav\u00e9s de las normas y del uso de la fuerza leg\u00edtima, Al evitarse la anarqu\u00eda por la expresi\u00f3n de la impunidad, se anula el derecho del m\u00e1s fuerte. La aplicaci\u00f3n de la ley es un desaf\u00edo constante, porque implica la afectaci\u00f3n de intereses; y la defensa de los intereses ileg\u00edtimos suele ser la m\u00e1s agresiva.&nbsp;<\/span><\/p>\n<p><span style=\"font-weight: 400;\">La \u00e9tica plantea, entre otras cosas, dos posibilidades para el comportamiento de la persona. En la<\/span><i><span style=\"font-weight: 400;\"> Rep\u00fablica<\/span><\/i><span style=\"font-weight: 400;\"> de Plat\u00f3n se habla del <\/span><i><span style=\"font-weight: 400;\">Anillo de Giges<\/span><\/i><span style=\"font-weight: 400;\">. El anillo da el poder de hacer invisible a su poseedor, quien puede actuar con absoluta impunidad. Si se nos presentara la misma oportunidad que a Giges, sin temor a ser sorprendidos, \u201crobar\u00edamos y asesinar\u00edamos para conseguir nuestros propios intereses\u201d, porque \u201cla gente se comporta moralmente por necesidad, porque favorece sus intereses, no porque realmente quiera\u201d (Ben Dupr\u00e9)<\/span><\/p>\n<p><span style=\"font-weight: 400;\">La otra posibilidad es la observancia de la Regla de Oro. Esta se refiere a lo que todos ya sabemos: trata a los dem\u00e1s como quieres que te traten. En este caso, la impl\u00edcita norma moral conlleva el compromiso de quererme, ser respetado y objeto de un buen trato. Para lograrlo, debo obsequiar a los dem\u00e1s de la misma manera que deseo ser obsequiado. As\u00ed vivir\u00edamos en una sociedad de plena armon\u00eda. En esta condici\u00f3n no tendr\u00eda raz\u00f3n de ser el Estado, ya que al cuidarme yo, cuidar\u00eda a los dem\u00e1s y todo transcurrir\u00eda en paz.&nbsp;<\/span><\/p>\n<p><span style=\"font-weight: 400;\">Son polos opuesto del <\/span><i><span style=\"font-weight: 400;\">Anillo de Giges y la Regla de Oro.<\/span><\/i><span style=\"font-weight: 400;\"> Parad\u00f3jicamente el anillo reprime el abuso, justificando el consenso general para la existencia de un c\u00f3digo supremo. Es decir, nos portamos bien o sufriremos las consecuencias. La Regla de Oro, en cambio, es el apotegma \u00e9tico por excelencia, pero condicionada al comportamiento de que otras personas compartan el mismo sentido moral.<\/span><\/p>\n<p><span style=\"font-weight: 400;\">Consideremos, entonces, que en la conducta del individuo pueden ocurrir simult\u00e1neamente las dos posibilidades: la tentaci\u00f3n de incurrir en actos de abuso y violencias, que se evitan por el acto de ser p\u00fablicamente expuesto; y asumir una conducta moral, que estimula el desarrollo del humanismo. Esto plantea el problema de la sostenibilidad de la misma conducta.<\/span><\/p>\n<p><span style=\"font-weight: 400;\">El tema de la conducta es amplio y complejo. Cada generaci\u00f3n, a lo largo de las edades hist\u00f3ricas, asume c\u00e1nones \u00e9ticos que en los esencial pueden sostenerse con el tiempo, pero que se transforman de acuerdo a los cambios de costumbre y la evoluci\u00f3n o caracter\u00edsticas de la sociedad. Gilles Lipovetsky se\u00f1ala que el s\u00edmbolo de nuestro tiempo es el narcisismo, \u201cconvertido en uno de los temas centrales&nbsp; de la cultura americana\u201d; pero no solo americana, tambi\u00e9n europea, como puede advertirse en la narrativa de Michel Houellebecq, que rese\u00f1a una sociedad vac\u00eda: una sociedad l\u00edquida como advierte Bauman.<\/span><\/p>\n<p><span style=\"font-weight: 400;\">La pol\u00edtica cuando se disocia de la \u00e9tica se convierte en acci\u00f3n represiva. Aunque se desde\u00f1a la pol\u00edtica y \u00e9sta sufra la mirada despectiva de los j\u00f3venes, debe quedar claro que sin convicciones democr\u00e1ticas-sistema de creencias plurales- para mejorar las condiciones colectivas, no se puede esperar nada bueno de quienes aspiren a ser invisibles.&nbsp;<\/span><\/p>\n<p><span style=\"font-weight: 400;\">Aun con lo iluso que pueda parecer, hagamos el esfuerzo de aplicar la <\/span><i><span style=\"font-weight: 400;\">Regla de Oro<\/span><\/i><span style=\"font-weight: 400;\">. Siempre ser\u00e1 mejor la aspiraci\u00f3n de ser mejores.&nbsp;<\/span><\/p>\n","protected":false},"excerpt":{"rendered":"<p>*La pol\u00edtica cuando se disocia de la \u00e9tica se convierte en acci\u00f3n represiva. Aunque se desde\u00f1a la pol\u00edtica y \u00e9sta sufra la mirada despectiva de los j\u00f3venes. &nbsp;<\/p>\n","protected":false},"author":3,"featured_media":37835,"comment_status":"open","ping_status":"open","sticky":false,"template":"","format":"standard","meta":{"_monsterinsights_skip_tracking":false,"footnotes":""},"categories":[692,82,110,35],"tags":[],"class_list":["post-37834","post","type-post","status-publish","format-standard","has-post-thumbnail","category-692","category-la-opinion","category-la-opinion-columnas","category-opinion"],"_links":{"self":[{"href":"https:\/\/redsemlac.com\/semmexico\/wp-json\/wp\/v2\/posts\/37834","targetHints":{"allow":["GET"]}}],"collection":[{"href":"https:\/\/redsemlac.com\/semmexico\/wp-json\/wp\/v2\/posts"}],"about":[{"href":"https:\/\/redsemlac.com\/semmexico\/wp-json\/wp\/v2\/types\/post"}],"author":[{"embeddable":true,"href":"https:\/\/redsemlac.com\/semmexico\/wp-json\/wp\/v2\/users\/3"}],"replies":[{"embeddable":true,"href":"https:\/\/redsemlac.com\/semmexico\/wp-json\/wp\/v2\/comments?post=37834"}],"version-history":[{"count":0,"href":"https:\/\/redsemlac.com\/semmexico\/wp-json\/wp\/v2\/posts\/37834\/revisions"}],"wp:featuredmedia":[{"embeddable":true,"href":"https:\/\/redsemlac.com\/semmexico\/wp-json\/wp\/v2\/media\/37835"}],"wp:attachment":[{"href":"https:\/\/redsemlac.com\/semmexico\/wp-json\/wp\/v2\/media?parent=37834"}],"wp:term":[{"taxonomy":"category","embeddable":true,"href":"https:\/\/redsemlac.com\/semmexico\/wp-json\/wp\/v2\/categories?post=37834"},{"taxonomy":"post_tag","embeddable":true,"href":"https:\/\/redsemlac.com\/semmexico\/wp-json\/wp\/v2\/tags?post=37834"}],"curies":[{"name":"wp","href":"https:\/\/api.w.org\/{rel}","templated":true}]}}