{"id":37831,"date":"2021-07-06T06:56:12","date_gmt":"2021-07-06T12:56:12","guid":{"rendered":"https:\/\/redsemlac.com\/semmexico\/?p=37831"},"modified":"2023-07-21T17:03:34","modified_gmt":"2023-07-21T22:03:34","slug":"las-imagenes-de-los-feminicidios-drina-ergueta-opinion-texturavioleta","status":"publish","type":"post","link":"https:\/\/redsemlac.com\/semmexico\/las-imagenes-de-los-feminicidios-drina-ergueta-opinion-texturavioleta\/","title":{"rendered":"Las im\u00e1genes de los feminicidios"},"content":{"rendered":"<p><span style=\"font-weight: 400;\">*Se trata de asesinatos sobre los que los medios, a trav\u00e9s de las im\u00e1genes, debieran tener un tratamiento adecuado para contribuir a que disminuya su n\u00famero, para no normalizar la violencia, para no mostrar con poder al feminicida.<\/span><\/p>\n<p><!--more--><\/p>\n<p><b><br \/>\n<\/b><span style=\"font-weight: 400;\">Textura Violeta&nbsp;<\/span><\/p>\n<p><span style=\"font-weight: 400;\">Drina Ergueta<\/span><\/p>\n<h3><span style=\"font-weight: 400;\">&nbsp;<\/span><span style=\"font-weight: 400;\">SemM\u00e9xico. La Paz-Bolivia. 6 de julio,&nbsp; 2021.- Cada feminicidio que se conoce ha salido en los medios (al menos como estad\u00edstica) y como noticia \u00e9stos han sido acompa\u00f1ados de una imagen, sea en v\u00eddeo o fotograf\u00eda, y \u00e9sta tiende a ser violenta, victimizadora, a veces reivindicativa de justicia y en muy rara ocasi\u00f3n con la representaci\u00f3n del agresor.<\/span><\/h3>\n<p><span style=\"font-weight: 400;\">En lo que va del a\u00f1o son casi 60 los casos de mujeres que han perdido la vida en manos de hombres que, en el momento del asesinato, ten\u00edan alguna relaci\u00f3n con ellas o la tuvieron con anterioridad. Desde hace a\u00f1os se mantiene el mismo promedio de un feminicidio cada tres d\u00edas en Bolivia, cifra vergonzante ya que es una de las m\u00e1s altas de Latinoam\u00e9rica, y que muestra que poco se hizo al respecto.<\/span><\/p>\n<p><span style=\"font-weight: 400;\">En cada pa\u00eds y tambi\u00e9n desde organizaciones internacionales de periodistas se han elaborado manuales y recomendaciones respecto del tratamiento period\u00edstico de los casos de violencia machista y all\u00ed se incluyen los de las fotograf\u00edas, pero los medios y el periodismo boliviano por lo visto no los toman en cuenta.<\/span><\/p>\n<p><span style=\"font-weight: 400;\">La l\u00f3gica de esto es muy simple: intentar guardar la dignidad de la v\u00edctima y de su familia y personas que la quieren y poner en primer plano lo negativo del hecho, como un acto de razones y consecuencias sociales.<\/span><\/p>\n<p><span style=\"font-weight: 400;\">Por ello, se pide no mostrar detalles de la v\u00edctima, no mostrar su cuerpo en el lugar del hecho ni cuando lo trasladan, no mostrarlo nunca porque no aporta nada, s\u00f3lo causa dolor a su familia. Parecer\u00eda que, si pudieran, en los medios se difundir\u00eda la filmaci\u00f3n o las fotograf\u00edas del momento del feminicidio o de una violaci\u00f3n para tener m\u00e1s audiencia \u00bfY si fuera tu madre? \u00bfSi fuera tu hermana o tu hija? Como no tienen las im\u00e1genes hacen un trabajo de teatralizaci\u00f3n, se busca a un actor y a una actriz para que lo representen y entonces tomar las fotograf\u00edas para representar el abuso, la violencia, ese sufrimiento \u00bfQu\u00e9 inter\u00e9s period\u00edstico tiene eso?<\/span><\/p>\n<p><span style=\"font-weight: 400;\">Por suerte no son todas las im\u00e1genes as\u00ed, tambi\u00e9n est\u00e1n las reivindicativas de justicia, las que muestran momentos en que hay protestas, minutos de silencio, representaciones que buscan visibilizar la violencia como asunto urgente que atender. En algunos casos se publica la imagen de la v\u00edctima tal como era, una foto en que se la ve sonriendo, viva. En este caso, si la familia lo permite, es adecuado para mostrar que all\u00ed hab\u00eda una persona valiosa, que no es s\u00f3lo un n\u00famero en las estad\u00edsticas.<\/span><\/p>\n<p><span style=\"font-weight: 400;\">En todo caso, la mayor\u00eda de las im\u00e1genes el centro es la v\u00edctima, las mujeres y lo que las representa, como unos calzados, y lo que les ocurre; mientras que no el victimario, el hombre que queda generalmente invisibilizado, \u00e9l y lo que a \u00e9l le representa. Es curioso, porque la justicia boliviana suele exponer como animales de circo, para escarnio p\u00fablico, a los presuntos delincuentes, de robo, por ejemplo. Se les muestra ante c\u00e1maras y flashes a\u00fan sin tener sentencia por lo que quedan marcados de por vida; sin embargo, en el caso de los feminicidios no es muy habitual, salvo cuando se trata de personajes conocidos con lo que as\u00ed los medios ya se ocupan de buscar im\u00e1genes.<\/span><\/p>\n<p><span style=\"font-weight: 400;\">No se trata de exponer a los acusados de feminicidio, que tambi\u00e9n tienen familia y suele ser la misma que de la v\u00edctima, sino de que en las im\u00e1genes se muestren elementos que representen al agresor y a la agresi\u00f3n de manera negativa, negativa principalmente para \u00e9l, para cualquiera que quiera imitarlo y para la sociedad. Si se le muestra agrediendo y teniendo ese poder, tiene una imagen de poder, as\u00ed sea representado; otra cosa es si la imagen es la de hombres en la c\u00e1rcel, a donde debe ir un feminicida, o de un hombre siendo detenido; aunque lo ideal son im\u00e1genes as\u00e9pticas para evitar caer en sensacionalismos.<\/span><\/p>\n<p><span style=\"font-weight: 400;\">Se trata de asesinatos sobre los que los medios, a trav\u00e9s de las im\u00e1genes, debieran tener un tratamiento adecuado para contribuir a que disminuya su n\u00famero, para no normalizar la violencia, para no mostrar con poder al feminicida, para respetar a la v\u00edctima, para hacer un manejo serio y con un enfoque social y no sensacionalista, para no caer en la insensibilidad y la groser\u00eda.<\/span><\/p>\n<p><span style=\"font-weight: 400;\">&nbsp;<\/span><\/p>\n<p>&nbsp;<\/p>\n","protected":false},"excerpt":{"rendered":"<p>*Se trata de asesinatos sobre los que los medios, a trav\u00e9s de las im\u00e1genes, debieran tener un tratamiento adecuado para contribuir a que disminuya su n\u00famero, para no normalizar la violencia, para no mostrar con poder al feminicida.<\/p>\n","protected":false},"author":3,"featured_media":8467,"comment_status":"open","ping_status":"open","sticky":false,"template":"","format":"standard","meta":{"_monsterinsights_skip_tracking":false,"footnotes":""},"categories":[692,36,77,35,102],"tags":[],"class_list":["post-37831","post","type-post","status-publish","format-standard","has-post-thumbnail","category-692","category-columnistas","category-drina-ergueta","category-opinion","category-textura-violeta"],"_links":{"self":[{"href":"https:\/\/redsemlac.com\/semmexico\/wp-json\/wp\/v2\/posts\/37831","targetHints":{"allow":["GET"]}}],"collection":[{"href":"https:\/\/redsemlac.com\/semmexico\/wp-json\/wp\/v2\/posts"}],"about":[{"href":"https:\/\/redsemlac.com\/semmexico\/wp-json\/wp\/v2\/types\/post"}],"author":[{"embeddable":true,"href":"https:\/\/redsemlac.com\/semmexico\/wp-json\/wp\/v2\/users\/3"}],"replies":[{"embeddable":true,"href":"https:\/\/redsemlac.com\/semmexico\/wp-json\/wp\/v2\/comments?post=37831"}],"version-history":[{"count":0,"href":"https:\/\/redsemlac.com\/semmexico\/wp-json\/wp\/v2\/posts\/37831\/revisions"}],"wp:featuredmedia":[{"embeddable":true,"href":"https:\/\/redsemlac.com\/semmexico\/wp-json\/wp\/v2\/media\/8467"}],"wp:attachment":[{"href":"https:\/\/redsemlac.com\/semmexico\/wp-json\/wp\/v2\/media?parent=37831"}],"wp:term":[{"taxonomy":"category","embeddable":true,"href":"https:\/\/redsemlac.com\/semmexico\/wp-json\/wp\/v2\/categories?post=37831"},{"taxonomy":"post_tag","embeddable":true,"href":"https:\/\/redsemlac.com\/semmexico\/wp-json\/wp\/v2\/tags?post=37831"}],"curies":[{"name":"wp","href":"https:\/\/api.w.org\/{rel}","templated":true}]}}