{"id":37824,"date":"2021-07-05T17:37:15","date_gmt":"2021-07-05T23:37:15","guid":{"rendered":"https:\/\/redsemlac.com\/semmexico\/?p=37824"},"modified":"2023-07-21T17:03:34","modified_gmt":"2023-07-21T22:03:34","slug":"sentencian-a-5-anos-de-prision-a-sujeto-por-abuso-sexual-en-hidalgo","status":"publish","type":"post","link":"https:\/\/redsemlac.com\/semmexico\/sentencian-a-5-anos-de-prision-a-sujeto-por-abuso-sexual-en-hidalgo\/","title":{"rendered":"Sentencian a 5 a\u00f1os de prisi\u00f3n a sujeto por abuso sexual en Hidalgo"},"content":{"rendered":"<p>*Los hechos ocurrieron el pasado 2 de septiembre de 2019 en el municipio de Mixquiahuala, donde el sujeto agredi\u00f3 sexualmente a una menor de edad<\/p>\n<p><!--more--><\/p>\n<p>Ignacio Garc\u00eda<\/p>\n<p>SemM\u00e9xico, Pachuca, Hidalgo, 5 de julio, 2021.- La Procuradur\u00eda General de Justicia del Estado de Hidalgo (PGJEH) inform\u00f3 que un juez de control penal de Pachuca sentenci\u00f3 a cinco a\u00f1os de prisi\u00f3n a un sujeto identificado como Ernesto Manuel \u201cN\u201d por haber incurrido en el delito de abuso sexual de una menor de edad.<\/p>\n<p>De acuerdo con la PGJEH, los hechos ocurrieron el pasado 2 de septiembre de 2019 en el municipio de Mixquiahuala, donde el sujeto agredi\u00f3 sexualmente a una menor de edad, por lo cual los familiares de la v\u00edctima interpusieron la denuncia correspondiente ante las instancias competentes.<\/p>\n<p>Al respecto, la PGJEH abri\u00f3 la carpeta de investigaci\u00f3n correspondiente, por lo que detuvo al responsable en agosto del a\u00f1o pasado y tras recabar todas las pruebas por parte de la v\u00edctima, el juzgador refiri\u00f3 que el acusado s\u00ed incurri\u00f3 en agresi\u00f3n sexual contra la joven en el interior de su vivienda.<\/p>\n<p>Asimismo, las autoridades determinaron que el responsable deber\u00e1 pagar una reparaci\u00f3n del da\u00f1o a la v\u00edctima, aunque los familiares de la joven acusaron que se cometieron diferentes irregularidades y exig\u00edan la pena m\u00e1xima.<\/p>\n<p>Por otro lado, un juez de control vincul\u00f3 a proceso a una mujer identificada como Berenice \u201cN\u201d por el delito de violencia familiar agravada contra sus dos hijos, luego de la denuncia interpuesta ante el Ministerio P\u00fablico por parte del padre de los infantes.<\/p>\n<p>El padre de los menores de edad acus\u00f3 a la madre de haber cometido violencia f\u00edsica y psicol\u00f3gica contra sus hijos, por lo que actu\u00f3 en su contra para que fuera procesada penalmente ante las instancias competentes.<\/p>\n<p>&nbsp;<\/p>\n<p>&nbsp;<\/p>\n<p>&nbsp;<\/p>\n","protected":false},"excerpt":{"rendered":"<p>*Los hechos ocurrieron el pasado 2 de septiembre de 2019 en el municipio de Mixquiahuala, donde el sujeto agredi\u00f3 sexualmente a una menor de edad<\/p>\n","protected":false},"author":3,"featured_media":37825,"comment_status":"open","ping_status":"open","sticky":false,"template":"","format":"standard","meta":{"_monsterinsights_skip_tracking":false,"footnotes":""},"categories":[692,49,51],"tags":[],"class_list":["post-37824","post","type-post","status-publish","format-standard","has-post-thumbnail","category-692","category-desde","category-ejecutivo"],"_links":{"self":[{"href":"https:\/\/redsemlac.com\/semmexico\/wp-json\/wp\/v2\/posts\/37824","targetHints":{"allow":["GET"]}}],"collection":[{"href":"https:\/\/redsemlac.com\/semmexico\/wp-json\/wp\/v2\/posts"}],"about":[{"href":"https:\/\/redsemlac.com\/semmexico\/wp-json\/wp\/v2\/types\/post"}],"author":[{"embeddable":true,"href":"https:\/\/redsemlac.com\/semmexico\/wp-json\/wp\/v2\/users\/3"}],"replies":[{"embeddable":true,"href":"https:\/\/redsemlac.com\/semmexico\/wp-json\/wp\/v2\/comments?post=37824"}],"version-history":[{"count":0,"href":"https:\/\/redsemlac.com\/semmexico\/wp-json\/wp\/v2\/posts\/37824\/revisions"}],"wp:featuredmedia":[{"embeddable":true,"href":"https:\/\/redsemlac.com\/semmexico\/wp-json\/wp\/v2\/media\/37825"}],"wp:attachment":[{"href":"https:\/\/redsemlac.com\/semmexico\/wp-json\/wp\/v2\/media?parent=37824"}],"wp:term":[{"taxonomy":"category","embeddable":true,"href":"https:\/\/redsemlac.com\/semmexico\/wp-json\/wp\/v2\/categories?post=37824"},{"taxonomy":"post_tag","embeddable":true,"href":"https:\/\/redsemlac.com\/semmexico\/wp-json\/wp\/v2\/tags?post=37824"}],"curies":[{"name":"wp","href":"https:\/\/api.w.org\/{rel}","templated":true}]}}