{"id":37819,"date":"2021-07-05T17:31:56","date_gmt":"2021-07-05T23:31:56","guid":{"rendered":"https:\/\/redsemlac.com\/semmexico\/?p=37819"},"modified":"2023-07-21T17:03:34","modified_gmt":"2023-07-21T22:03:34","slug":"cuba-vih-el-estigma-que-persiste","status":"publish","type":"post","link":"https:\/\/redsemlac.com\/semmexico\/cuba-vih-el-estigma-que-persiste\/","title":{"rendered":"Cuba: VIH, el estigma que persiste"},"content":{"rendered":"<p>*Las principales expresiones de discriminaci\u00f3n en este \u00e1mbito, seg\u00fan detall\u00f3, son la negaci\u00f3n del servicio de salud o la exageraci\u00f3n en las medidas de prevenci\u00f3n y bioseguridad.<\/p>\n<p><!--more--><br \/>\nDe la redacci\u00f3n<\/p>\n<p>SeM\u00e9xico\/SEMlac. La Habana, julio, (SEMlac).- Pese a los avances en educaci\u00f3n sexual y los conocimientos sobre el VIH-sida, todav\u00eda muchas personas que viven con el virus en Cuba sufren prejuicios y discriminaci\u00f3n asentados en falsas creencias.<br \/>\nAl respecto debatieron, el pasado jueves, integrantes del grupo AcompaSex, quienes se\u00f1alaron que existe una distancia entre lo que se sabe y lo que se practica, y que es preciso borrar; pues no solo da\u00f1a a las personas cuando se convierten en frases o expresiones de rechazo, sino que tambi\u00e9n se repercute en las cifras de nuevos contagios cada a\u00f1o.<br \/>\nAcompaSex es un grupo psicoeducativo creado desde el Centro Nacional de Educaci\u00f3n Sexual (Cenesex) y moderado por profesionales de la salud, en el cual se intercambia sistem\u00e1ticamente sobre temas relacionados con la salud sexual.<br \/>\nGustavo Vald\u00e9s Pi, directivo de la Red cubana de hombres que tienen sexo con otros hombres (HSH), se\u00f1al\u00f3 que el personal de la salud y las familias se inscriben entre quienes, con mayor frecuencia, sostienen conductas discriminatorias hacia las personas que viven con VIH.<br \/>\nLo que sucede con los profesionales de la sanidad \u00abes el ejemplo perfecto de que hay una brecha entre el conocimiento y la puesta en pr\u00e1ctica de este conocimiento\u00bb, a\u00f1adi\u00f3. Se trata, en este caso, de personas capacitadas, instruidas, que tienen los conocimientos suficientes como para saber cu\u00e1les son las situaciones de riesgo y cu\u00e1les no, y sin embargo existen esas manifestaciones\u00bb, coment\u00f3.<br \/>\nVald\u00e9s Pi precis\u00f3 que esto no es privativo de Cuba. Si bien en alg\u00fan momento fueron m\u00e1s cuestionados por estas actitudes quienes laboran en el servicio de enfermer\u00eda, actualmente el personal de estomatolog\u00eda recibe las mayores cr\u00edticas.<br \/>\nLas principales expresiones de discriminaci\u00f3n en este \u00e1mbito, seg\u00fan detall\u00f3, son la negaci\u00f3n del servicio de salud o la exageraci\u00f3n en las medidas de prevenci\u00f3n y bioseguridad.<br \/>\nEn tanto, en el espacio familiar, muchas veces reaccionan de manera negativa al diagn\u00f3stico, porque lo asocian con pr\u00e1cticas homosexuales o conductas sexuales consideradas libertinas, apunt\u00f3 el directivo de la Red de HSH.<br \/>\nAdem\u00e1s, dijo que la sobreprotecci\u00f3n tambi\u00e9n es un modo de discriminaci\u00f3n, porque anula las capacidades de la persona para valerse por s\u00ed misma.<br \/>\nAnte las preguntas de los foristas sobre t\u00e9rminos peyorativos que est\u00e1n todav\u00eda en uso, como \u00absidoso\u00bb, acot\u00f3 que su permanencia en el tiempo es el reflejo del estigma que a\u00fan pesa alrededor de estas personas.<br \/>\nLos internautas igualmente dialogaron acerca del impacto sicol\u00f3gico, que est\u00e1 presente desde el primer momento, cuando la persona siente que puede haberse expuesto al VIH. El instante del diagn\u00f3stico positivo o asumir que tiene un padecimiento cr\u00f3nico dejan tambi\u00e9n marcas en la vida de esta gente.<br \/>\nLo que pasa con esta enfermedad es que carga con muchos prejuicios, opin\u00f3 Vald\u00e9s Pi. \u00abLas personas en muchos casos no son adherentes al tratamiento porque no quieren que la toma de la pastilla suceda en horarios donde otras las puedan ver, o tienen verg\u00fcenza de recoger el medicamento en su farmacia&#8230;\u00bb, agreg\u00f3.<br \/>\nEl usuario Sam HD refiri\u00f3 que, desde que el afectado conoce su diagn\u00f3stico, recuperar su vida sexual es un proceso complejo; mientras Cuza habl\u00f3 de las dificultades para encontrar pareja, pues \u00abla sociedad a\u00fan vive con muchos tab\u00faes con respecto al virus\u00bb.<br \/>\nPara Carla PS, la educaci\u00f3n psicosexual es la mejor herramienta preventiva con la que pueden contar las personas para evitar el contagio, una educaci\u00f3n integral y que tenga en cuenta las individualidades. Una educaci\u00f3n que conlleve el desarrollo de la inteligencia emocional y permita, mediante el autoconocimiento y la autorregulaci\u00f3n, interiorizar m\u00e1s adecuadamente los contenidos aprendidos y llevarlos a la pr\u00e1ctica.<br \/>\nEn su criterio, la educaci\u00f3n tambi\u00e9n es la respuesta a los prejuicios. \u00abLa sociedad ha evolucionado en su pensamiento, gracias a la promoci\u00f3n de la salud sexual y un mayor nivel de conocimientos en torno a la sexualidad, pero de seguro tambi\u00e9n existen personas que tienen un arsenal de prejuicios y tab\u00faes enquistados en la cabeza dif\u00edciles de deconstruir; de ah\u00ed que haya mucho por hacer\u00bb.<br \/>\nLos participantes acordaron continuar el pr\u00f3ximo jueves con el tema de los derechos de las personas con VIH, un asunto que surgi\u00f3 a partir del debate que existe en otros pa\u00edses en torno a la posibilidad de regular en una norma jur\u00eddica la obligaci\u00f3n de revelar la seropositividad antes de tener relaciones sexuales.<br \/>\nEn Cuba, de acuerdo con estad\u00edsticas del Centro de Prevenci\u00f3n de ITS\/VIH SIDA, las personas que viven con VIH son el 0,2 -0,3 por ciento de la poblaci\u00f3n entre 15 a 49 a\u00f1os de edad. M\u00e1s del 70 por ciento de las personas con esta condici\u00f3n son del sexo masculino, y se concentra fundamentalmente en edades medianas de la vida.<\/p>\n<p>(semlaccu@enet.cu)<\/p>\n","protected":false},"excerpt":{"rendered":"<p>*Las principales expresiones de discriminaci\u00f3n en este \u00e1mbito, seg\u00fan detall\u00f3, son la negaci\u00f3n del servicio de salud o la exageraci\u00f3n en las medidas de prevenci\u00f3n y bioseguridad.<\/p>\n","protected":false},"author":3,"featured_media":37820,"comment_status":"open","ping_status":"open","sticky":false,"template":"","format":"standard","meta":{"_monsterinsights_skip_tracking":false,"footnotes":""},"categories":[692,49,53],"tags":[],"class_list":["post-37819","post","type-post","status-publish","format-standard","has-post-thumbnail","category-692","category-desde","category-internacional"],"_links":{"self":[{"href":"https:\/\/redsemlac.com\/semmexico\/wp-json\/wp\/v2\/posts\/37819","targetHints":{"allow":["GET"]}}],"collection":[{"href":"https:\/\/redsemlac.com\/semmexico\/wp-json\/wp\/v2\/posts"}],"about":[{"href":"https:\/\/redsemlac.com\/semmexico\/wp-json\/wp\/v2\/types\/post"}],"author":[{"embeddable":true,"href":"https:\/\/redsemlac.com\/semmexico\/wp-json\/wp\/v2\/users\/3"}],"replies":[{"embeddable":true,"href":"https:\/\/redsemlac.com\/semmexico\/wp-json\/wp\/v2\/comments?post=37819"}],"version-history":[{"count":0,"href":"https:\/\/redsemlac.com\/semmexico\/wp-json\/wp\/v2\/posts\/37819\/revisions"}],"wp:featuredmedia":[{"embeddable":true,"href":"https:\/\/redsemlac.com\/semmexico\/wp-json\/wp\/v2\/media\/37820"}],"wp:attachment":[{"href":"https:\/\/redsemlac.com\/semmexico\/wp-json\/wp\/v2\/media?parent=37819"}],"wp:term":[{"taxonomy":"category","embeddable":true,"href":"https:\/\/redsemlac.com\/semmexico\/wp-json\/wp\/v2\/categories?post=37819"},{"taxonomy":"post_tag","embeddable":true,"href":"https:\/\/redsemlac.com\/semmexico\/wp-json\/wp\/v2\/tags?post=37819"}],"curies":[{"name":"wp","href":"https:\/\/api.w.org\/{rel}","templated":true}]}}