{"id":37816,"date":"2021-07-05T17:27:42","date_gmt":"2021-07-05T23:27:42","guid":{"rendered":"https:\/\/redsemlac.com\/semmexico\/?p=37816"},"modified":"2023-07-21T17:03:34","modified_gmt":"2023-07-21T22:03:34","slug":"cuba-violencia-contra-las-mujeres-bajo-la-lupa-de-la-investigacion-joven","status":"publish","type":"post","link":"https:\/\/redsemlac.com\/semmexico\/cuba-violencia-contra-las-mujeres-bajo-la-lupa-de-la-investigacion-joven\/","title":{"rendered":"Cuba: Violencia contra las mujeres bajo la lupa de la investigaci\u00f3n joven"},"content":{"rendered":"<p>* El aislamiento de las v\u00edctimas, que las aleja de sus principales redes de apoyo, se ha visto acrecentado por la situaci\u00f3n de confinamiento sanitario impuesto por la pandemia de covid-19<\/p>\n<p><!--more--><br \/>\nPor Dixie Edith<br \/>\nSemM\u00e9xico\/Semlac. La Habana, julio 5 de 2021. &#8211; Aislamiento, acoso y manipulaci\u00f3n son algunas de las estrategias que se reiteran en los perfiles de hombres maltratadores en la capital cubana, seg\u00fan un reciente estudio de la Facultad de Psicolog\u00eda de la Universidad de La Habana.<\/p>\n<p>En particular el aislamiento de las v\u00edctimas, que las aleja de sus principales redes de apoyo, se ha visto acrecentado por la situaci\u00f3n de confinamiento sanitario impuesto por la pandemia de covid-19, explic\u00f3 la psic\u00f3loga Claudia Cancio-Bello, durante el Taller \u00abMiradas j\u00f3venes a la poblaci\u00f3n y el desarrollo\u00bb, convocado por el Centro de Estudios Demogr\u00e1ficos (Cedem), de la citada universidad.<\/p>\n<p>Celebrado los d\u00edas 28 y 29 de junio sobre plataformas de WhatsApp, el evento suma ya una d\u00e9cada de existencia y apuesta por dar a conocer y debatir resultados investigativos de j\u00f3venes estudiantes y cientistas sociales que tributan al estudio de las din\u00e1micas sociodemogr\u00e1ficas en el pa\u00eds.<\/p>\n<p>El estudio presentado por Cancio-Bello, en particular, caracteriz\u00f3 expresiones de violencia vividas por un grupo de mujeres habaneras que recibieron atenci\u00f3n psicol\u00f3gica, primero de forma presencial en la consulta del Centro de Orientaci\u00f3n y Atenci\u00f3n Psicol\u00f3gica (Coap), de la Facultad de Psicolog\u00eda, y m\u00e1s recientemente a trav\u00e9s de redes sociales o por v\u00eda telef\u00f3nica.<\/p>\n<p>Entre las estrategias \u00abobservadas desde los maltratadores para amenazar y coaccionar a las mujeres en situaci\u00f3n de violencia\u00bb, la especialista identific\u00f3 tambi\u00e9n el acoso y la persecuci\u00f3n.<br \/>\n\u00abSe aparece donde quiera que estoy, no quiere entender que ya no quiero m\u00e1s nada con \u00e9l. Yo estoy sola en este pa\u00eds, no tengo para d\u00f3nde ir, a veces voy a casa de una amiga y me paso algunos d\u00edas para alejarme un poco, pero hasta all\u00ed ha ido\u00bb, narra una de las mujeres citado por Cancio-Bello, con una maestr\u00eda en Psicolog\u00eda.<br \/>\nTambi\u00e9n han registrado amenazas de suicidio por parte del hombre, quien chantajea \u00abcon quitarse la vida si las mujeres no regresan a la relaci\u00f3n de pareja\u00bb, o la manipulaci\u00f3n a trav\u00e9s de hijas e hijas, lo mismo con quitarles la custodia, que con \u00abotorgarles el permiso para emigrar del pa\u00eds\u00bb, enumer\u00f3 la tambi\u00e9n profesora de la Facultad de Psicolog\u00eda.<\/p>\n<p>Cancio-Bello identific\u00f3 que muchas de estas mujeres son j\u00f3venes y sus casos presentan cruces con otros temas que tributan al estudio de las din\u00e1micas demogr\u00e1ficas \u00abcomo la emigraci\u00f3n, el municipio de residencia y la raza\u00bb. Y tambi\u00e9n con la mortalidad, al ser esta la consecuencia m\u00e1s grave de la violencia de genero.<br \/>\nPara la especialista, resulta vital profundizar esos estudios, pues \u00ablos costos de la violencia para la salud de las mujeres incluyen s\u00edntomas f\u00edsicos, psicol\u00f3gicos y psicosom\u00e1ticos, como baja autoestima, ansiedad y depresi\u00f3n\u00bb, detall\u00f3.<\/p>\n<p>Un elemento interesante de la indagaci\u00f3n es que las mujeres que han logrado salir del ciclo de la violencia con acompa\u00f1amiento psicol\u00f3gico son quienes contaban con mejor situaci\u00f3n econ\u00f3mica y m\u00e1s redes de apoyo, detall\u00f3 Cancio-Bello.<br \/>\nA juicio del director del Cedem, Antonio Aja, uno de los principales valores del taller es la participaci\u00f3n de j\u00f3venes de todo el pa\u00eds, \u00abcon miradas m\u00faltiples, como m\u00faltiples tienen que ser los objetos de estudio sobre la poblaci\u00f3n y con miradas interconexas que toquen los diferentes \u00e1mbitos de la realidad cubana actual\u00bb, detall\u00f3 en sus palabras de clausura.<\/p>\n<p>Cerca de 40 ponencias y m\u00e1s de un centenar de participantes abordaron, en tres subgrupos, asuntos vinculados con la mortalidad y la morbilidad, la fecundidad, el envejecimiento, los cuidados, las migraciones internas, la comunicaci\u00f3n sobre poblaci\u00f3n, las intersecciones m\u00faltiples de la pandemia y la violencia de g\u00e9nero, entre otros.<br \/>\nUna publicaci\u00f3n con todos los trabajos y el establecimiento de alianzas para continuar las investigaciones son dos de los resultados concretos que dar\u00e1n seguimiento a esta edici\u00f3n del taller, el cual, a juicio del director del Cedem, \u00abha ido madurando a partir del trabajo de cada vez m\u00e1s colegas j\u00f3venes que se suman a esta fuerza importante de investigadores dedicados a los temas de poblaci\u00f3n\u00bb.<\/p>\n<p>(dixiedith@gmail.com)<\/p>\n","protected":false},"excerpt":{"rendered":"<p>* El aislamiento de las v\u00edctimas, que las aleja de sus principales redes de apoyo, se ha visto acrecentado por la situaci\u00f3n de confinamiento sanitario impuesto por la pandemia de covid-19<\/p>\n","protected":false},"author":3,"featured_media":37737,"comment_status":"open","ping_status":"open","sticky":false,"template":"","format":"standard","meta":{"_monsterinsights_skip_tracking":false,"footnotes":""},"categories":[692,49,53],"tags":[],"class_list":["post-37816","post","type-post","status-publish","format-standard","has-post-thumbnail","category-692","category-desde","category-internacional"],"_links":{"self":[{"href":"https:\/\/redsemlac.com\/semmexico\/wp-json\/wp\/v2\/posts\/37816","targetHints":{"allow":["GET"]}}],"collection":[{"href":"https:\/\/redsemlac.com\/semmexico\/wp-json\/wp\/v2\/posts"}],"about":[{"href":"https:\/\/redsemlac.com\/semmexico\/wp-json\/wp\/v2\/types\/post"}],"author":[{"embeddable":true,"href":"https:\/\/redsemlac.com\/semmexico\/wp-json\/wp\/v2\/users\/3"}],"replies":[{"embeddable":true,"href":"https:\/\/redsemlac.com\/semmexico\/wp-json\/wp\/v2\/comments?post=37816"}],"version-history":[{"count":0,"href":"https:\/\/redsemlac.com\/semmexico\/wp-json\/wp\/v2\/posts\/37816\/revisions"}],"wp:featuredmedia":[{"embeddable":true,"href":"https:\/\/redsemlac.com\/semmexico\/wp-json\/wp\/v2\/media\/37737"}],"wp:attachment":[{"href":"https:\/\/redsemlac.com\/semmexico\/wp-json\/wp\/v2\/media?parent=37816"}],"wp:term":[{"taxonomy":"category","embeddable":true,"href":"https:\/\/redsemlac.com\/semmexico\/wp-json\/wp\/v2\/categories?post=37816"},{"taxonomy":"post_tag","embeddable":true,"href":"https:\/\/redsemlac.com\/semmexico\/wp-json\/wp\/v2\/tags?post=37816"}],"curies":[{"name":"wp","href":"https:\/\/api.w.org\/{rel}","templated":true}]}}