{"id":37803,"date":"2021-07-05T13:10:07","date_gmt":"2021-07-05T19:10:07","guid":{"rendered":"https:\/\/redsemlac.com\/semmexico\/?p=37803"},"modified":"2023-07-21T17:03:34","modified_gmt":"2023-07-21T22:03:34","slug":"son-65-mujeres-las-que-participaran-en-los-juegos-olimpicos-de-tokio-2020","status":"publish","type":"post","link":"https:\/\/redsemlac.com\/semmexico\/son-65-mujeres-las-que-participaran-en-los-juegos-olimpicos-de-tokio-2020\/","title":{"rendered":"Son 65 mujeres las que participaran en los Juegos Ol\u00edmpicos de Tokio 2020"},"content":{"rendered":"<p><span style=\"font-weight: 400;\">A su regreso nos vamos a volver a reunir y todos van a recibir una recompensa del Gobierno que represento, incluidos los entrenadores, los m\u00e9dicos, todo el personal que participa, y algo especial para los que nos traigan medallas\u201d, apunt\u00f3.<\/span><\/p>\n<p><!--more--><\/p>\n<p><span style=\"font-weight: 400;\">Por: Lizbeth \u00c1lvarez Mart\u00ednez.&nbsp;<\/span><\/p>\n<p><span style=\"font-weight: 400;\">Durante el abanderamiento de la Delegaci\u00f3n Mexicana para los Juegos Ol\u00edmpicos de Tokio 2020, el presidente Andr\u00e9s Manuel L\u00f3pez Obrador reconoci\u00f3 a los 162 deportistas, 65 mujeres y 96 hombres que representar\u00e1n a M\u00e9xico en 79 pruebas deportivas.&nbsp;<\/span><\/p>\n<p><span style=\"font-weight: 400;\">\u201cEs importante reconocer lo que ustedes ya han logrado, el ser seleccionados para representar a nuestro pa\u00eds en los juegos ol\u00edmpicos. Este logro es de ustedes, de sus familias, de sus entrenadores, de los m\u00e9dicos en el deporte, de los directivos de esta organizaci\u00f3n encargada de promover el deporte de alto rendimiento\u201d, expuso el Primer Mandatario.&nbsp;<\/span><\/p>\n<p><span style=\"font-weight: 400;\">Durante su discurso, El Ejecutivo Federal record\u00f3 la situaci\u00f3n tan dif\u00edcil por la que atraves\u00f3 el pa\u00eds por la pandemia del Covid-19.&nbsp;<\/span><\/p>\n<p><span style=\"font-weight: 400;\">\u201cEstoy seguro que ustedes van a crecerse ante la adversidad, van a salir adelante. Vamos a obtener buenos resultados. Van representando a un pueblo con mucha historia, cultura, un pueblo de mujeres y de hombres \u201cluchones\u201d, que siempre han salido adelante desde cualquier adversidad.&nbsp;<\/span><\/p>\n<p><span style=\"font-weight: 400;\">Es un pa\u00eds que ha enfrentado temblores, inundaciones, incendios, hambrunas, corrupci\u00f3n, malos gobiernos, mucha desigualdad, pobreza y nunca los mexicanos nos rendimos\u201d, expuso.&nbsp;<\/span><\/p>\n<p><span style=\"font-weight: 400;\">Reiter\u00f3 que los mexicanos son perseverantes y saben enfrentar todos los desaf\u00edos.<\/span><\/p>\n<p><span style=\"font-weight: 400;\">El presidente dijo que al regreso de los atletas de alto rendimiento les dar\u00e1 una recompensa, aunque no dio a conocer m\u00e1s detalles sobre el tema.&nbsp;<\/span><\/p>\n<p><span style=\"font-weight: 400;\">\u201cA su regreso nos vamos a volver a reunir y todos van a recibir una recompensa del Gobierno que represento, incluidos los entrenadores, los m\u00e9dicos, todo el personal que participa, y algo especial para los que nos traigan medallas\u201d, apunt\u00f3.<\/span><\/p>\n","protected":false},"excerpt":{"rendered":"<p>A su regreso nos vamos a volver a reunir y todos van a recibir una recompensa del Gobierno que represento, incluidos los entrenadores, los m\u00e9dicos, todo el personal que participa, y algo especial para los que nos traigan medallas\u201d, apunt\u00f3.<\/p>\n","protected":false},"author":3,"featured_media":37804,"comment_status":"open","ping_status":"open","sticky":false,"template":"","format":"standard","meta":{"_monsterinsights_skip_tracking":false,"footnotes":""},"categories":[692,49,51],"tags":[],"class_list":["post-37803","post","type-post","status-publish","format-standard","has-post-thumbnail","category-692","category-desde","category-ejecutivo"],"_links":{"self":[{"href":"https:\/\/redsemlac.com\/semmexico\/wp-json\/wp\/v2\/posts\/37803","targetHints":{"allow":["GET"]}}],"collection":[{"href":"https:\/\/redsemlac.com\/semmexico\/wp-json\/wp\/v2\/posts"}],"about":[{"href":"https:\/\/redsemlac.com\/semmexico\/wp-json\/wp\/v2\/types\/post"}],"author":[{"embeddable":true,"href":"https:\/\/redsemlac.com\/semmexico\/wp-json\/wp\/v2\/users\/3"}],"replies":[{"embeddable":true,"href":"https:\/\/redsemlac.com\/semmexico\/wp-json\/wp\/v2\/comments?post=37803"}],"version-history":[{"count":0,"href":"https:\/\/redsemlac.com\/semmexico\/wp-json\/wp\/v2\/posts\/37803\/revisions"}],"wp:featuredmedia":[{"embeddable":true,"href":"https:\/\/redsemlac.com\/semmexico\/wp-json\/wp\/v2\/media\/37804"}],"wp:attachment":[{"href":"https:\/\/redsemlac.com\/semmexico\/wp-json\/wp\/v2\/media?parent=37803"}],"wp:term":[{"taxonomy":"category","embeddable":true,"href":"https:\/\/redsemlac.com\/semmexico\/wp-json\/wp\/v2\/categories?post=37803"},{"taxonomy":"post_tag","embeddable":true,"href":"https:\/\/redsemlac.com\/semmexico\/wp-json\/wp\/v2\/tags?post=37803"}],"curies":[{"name":"wp","href":"https:\/\/api.w.org\/{rel}","templated":true}]}}