{"id":37789,"date":"2021-07-05T11:33:20","date_gmt":"2021-07-05T17:33:20","guid":{"rendered":"https:\/\/redsemlac.com\/semmexico\/?p=37789"},"modified":"2023-07-21T17:03:35","modified_gmt":"2023-07-21T22:03:35","slug":"falta-de-union-ha-limitado-el-avance-hacia-la-despenalizacion-del-aborto-en-chiapas","status":"publish","type":"post","link":"https:\/\/redsemlac.com\/semmexico\/falta-de-union-ha-limitado-el-avance-hacia-la-despenalizacion-del-aborto-en-chiapas\/","title":{"rendered":"Falta de uni\u00f3n ha limitado el avance hacia la despenalizaci\u00f3n del aborto\u00a0 en Chiapas"},"content":{"rendered":"<p><span style=\"font-weight: 400;\">*La ILE&nbsp; uno de los derechos sexuales y reproductivos que encabeza&nbsp; la lucha de las colectivas en el mundo<\/span><\/p>\n<p><!--more--><\/p>\n<p><span style=\"font-weight: 400;\">Yessica Morales<\/span><\/p>\n<p><span style=\"font-weight: 400;\">SemM\u00e9xico\/Chiapas Paralelo, Tuxtla Guti\u00e9rrez, Chiapas, 5 de julio.- Alma Alejandra Soberano Serrano, profesora e investigadora, realiz\u00f3 el trabajo \u201c<\/span><a href=\"https:\/\/liminar.cesmeca.mx\/index.php\/r1\/article\/view\/851\/1324\"><span style=\"font-weight: 400;\">Interrupci\u00f3n Legal del embarazo y el activismo del siglo XXI en Chiapas<\/span><\/a><span style=\"font-weight: 400;\">\u201d, donde aborda la visi\u00f3n y el trabajo realizado por tres organizaciones de mujeres de la sociedad civil que gestionan acciones en pro de esta interrupci\u00f3n legal en Chiapas.<\/span><\/p>\n<p><span style=\"font-weight: 400;\">Para la realizaci\u00f3n de su investigaci\u00f3n hizo entrevistas en profundidad, entre los resultados m\u00e1s sobresalientes resalta la&nbsp;importancia del activismo en l\u00ednea y la necesidad de gestionar ante el poder legislativo reformas legales inminentes.<\/span><\/p>\n<p><span style=\"font-weight: 400;\">Soberano Serrano explic\u00f3 que, las organizaciones fueron ubicadas a trav\u00e9s de Facebook, tom\u00f3 en cuenta la forma como difunden sus acciones, como la referencia de otras organizaciones que las se\u00f1alaron como las personas id\u00f3neas en cuanto a conocimiento del tema.<\/span><\/p>\n<p><span style=\"font-weight: 400;\">En cuanto a la selecci\u00f3n se realiz\u00f3 con base en su actividad principal, alcance y militancia en el activismo femenino reconocido en el estado.<\/span><\/p>\n<p><span style=\"font-weight: 400;\">La investigadora llev\u00f3 a cabo una conversaci\u00f3n con Dulce V., integrante del Observatorio Feminista, manifest\u00f3 que sus motivaciones para el activismo se relacionan con la&nbsp;toma de conciencia ante las dificultades f\u00edsicas, morales, materiales y econ\u00f3micas que enfrentan las mujeres j\u00f3venes al verse ante un embarazo no planeado.<\/span><\/p>\n<p><a href=\"https:\/\/redsemlac.com\/semmexico\/wp-content\/uploads\/2021\/07\/rgp9ort9g.jpg\"><img loading=\"lazy\" decoding=\"async\" class=\"size-full wp-image-37791 aligncenter\" src=\"https:\/\/redsemlac.com\/semmexico\/wp-content\/uploads\/2021\/07\/rgp9ort9g.jpg\" alt=\"\" width=\"300\" height=\"200\"><\/a><\/p>\n<p><span style=\"font-weight: 400;\">Se\u00f1al\u00f3 que, para cada mujer es doloroso ver truncados sus sue\u00f1os y expectativas a futuro, como cargar con el estigma social y el castigo que imponen porque \u201ct\u00fa te lo buscaste\u201d.<\/span><\/p>\n<p><span style=\"font-weight: 400;\">Dulce V, dijo que su activismo se desarrolla en talleres para estudiantes desde primaria hasta universidad, pero tambi\u00e9n a padres y madres de familia, quienes consideran que \u201ctienen que estar m\u00e1s informados\u201d.<\/span><\/p>\n<p><span style=\"font-weight: 400;\">En esos talleres,&nbsp;la palabra \u201caborto\u201d genera una negativa, es decir, el tema del embarazo adolescente es preocupante, permite el tema de derechos sexuales, de esa manera abordan el tema del aborto, sin embargo, entre los j\u00f3venes esta la idea de no hacerlo, verlo mal y estigmatizarlo.<\/span><\/p>\n<p><span style=\"font-weight: 400;\">Aunque el Observatorio no tiene como objetivo la promoci\u00f3n de la interrupci\u00f3n legal del &nbsp;embarazo est\u00e1n a favor de la legalizaci\u00f3n, asimismo difunde a trav\u00e9s de su p\u00e1gina en Facebook contenidos relacionados con los feminicidios ocurridos en Chiapas, con el \u00e1nimo de evidenciar su existencia y la omisi\u00f3n de atenci\u00f3n por parte de las autoridades.<\/span><\/p>\n<p><span style=\"font-weight: 400;\">Se pronuncian con relaci\u00f3n al aborto en fechas conmemorativas, junto a otras organizaciones hacen una alianza y leen pronunciamientos, es decir, existe un pacto de sororidad.<\/span><\/p>\n<p><span style=\"font-weight: 400;\">La integrante del Observatorio argument\u00f3 el cuidado que tienen en transmitir informaci\u00f3n de manera profesional, evitando la censura, pero considerando el respeto y la dignidad de las mujeres v\u00edctimas del feminicidio y de cualquier otro tipo de violencia.<\/span><\/p>\n<p><b>Testimonios<\/b><\/p>\n<p><span style=\"font-weight: 400;\">Zedxi V., pertenece a una organizaci\u00f3n con presencia nacional: Equidad de G\u00e9nero, Ciudadan\u00eda, Trabajo y Familia, A.C., difunden en M\u00e9xico los derechos sexuales y reproductivos, y lleva a cabo acciones orientadas al derecho a decidir de las mujeres.<\/span><\/p>\n<p><span style=\"font-weight: 400;\">La organizaci\u00f3n trabaja en una base social organizada a partir de redes con diferentes lideresas en el pa\u00eds, quienes, tras una capacitaci\u00f3n tanto en los derechos como en la forma de implementar acciones sociales a trav\u00e9s de la promoci\u00f3n y el voluntariado, impulsan en sus estados acciones sobre todo de car\u00e1cter pol\u00edtico.<\/span><\/p>\n<p><span style=\"font-weight: 400;\">Zedxi V.&nbsp; consider\u00f3 que&nbsp;en Chiapas no ha habido posibilidad de hacer cambios legislativos,&nbsp;y las acciones que han emprendido desde su organizaci\u00f3n se han limitado a vigilar el cumplimiento.<\/span><\/p>\n<p><span style=\"font-weight: 400;\">Sus reflexiones con relaci\u00f3n a la posibilidad de lograr la interrupci\u00f3n legal del embarazo en Chiapas no son positivas, pues desde el 2011 se involucr\u00f3 en las acciones que cada gobierno ha promovido para cumplir con ese objetivo en cada legislatura, sin embargo, no han obtenido resultados.<\/span><\/p>\n<p><span style=\"font-weight: 400;\">Critic\u00f3 el sistema del tratamiento integral como medida correctiva hacia las mujeres que se han realizado un aborto clandestino en Chiapas confrontando: el anuncio de la \u201cdespenalizaci\u00f3n\u201d hecho por el gobernador de Chiapas en 2009, con la publicaci\u00f3n de la Ley de Paternidad Responsable y la protecci\u00f3n del embri\u00f3n desde el momento de la fecundaci\u00f3n.<\/span><\/p>\n<p><b>Mi \u00datero Feliz<\/b><\/p>\n<p><span style=\"font-weight: 400;\">Patricia S., forma parte de la campa\u00f1a estatal por el aborto legal, seguro y gratuito en Chiapas que naci\u00f3 en 2018, su principal proyecto y del que es fundadora.<\/span><\/p>\n<p><span style=\"font-weight: 400;\">La plataforma digital est\u00e1 presente en todas las redes sociales \u2014Facebook, Twitter, Instagram, Gmail\u2014, tiene como objetivo&nbsp;brindar informaci\u00f3n segura, confiable y de forma amigable y entendible a las mujeres de todas las edades sobre salud sexual y reproductiva,&nbsp;derecho a decidir, menstruaci\u00f3n consciente, y los derechos sexuales y reproductivos.<\/span><\/p>\n<p><span style=\"font-weight: 400;\">Patricia S. inici\u00f3 en el activismo tras sentir que \u201ctodo estaba mal\u201d, descubri\u00f3 una convocatoria de trabajo de Fondo Mar\u00eda para ser el enlace de esta organizaci\u00f3n en Chiapas.<\/span><\/p>\n<p><span style=\"font-weight: 400;\">A partir de ah\u00ed pudo comprender que el malestar que sent\u00eda era resultado de una sociedad heteropatriarcal que domina sobre las mujeres y era compartida por m\u00e1s mujeres.<\/span><\/p>\n<p><span style=\"font-weight: 400;\">Inici\u00f3 la realizaci\u00f3n de una serie de talleres y campa\u00f1as hacia mujeres, j\u00f3venes y ni\u00f1os, para lo cual dise\u00f1\u00f3 un peluche al que llama Mi \u00datero Feliz.<\/span><\/p>\n<p><span style=\"font-weight: 400;\">Acerca de su posicionamiento ante la visi\u00f3n en Chiapas del aborto como un delito, afirm\u00f3 que&nbsp;se necesita considerar el derecho a la libre elecci\u00f3n de las mujeres como fundamento para permitir la interrupci\u00f3n legal del embarazo.<\/span><\/p>\n<p><span style=\"font-weight: 400;\">La activista reconoci\u00f3 que \u201cla falla\u201d que han tenido las organizaciones civiles en Chiapas tiene que ver con la&nbsp;falta de uni\u00f3n para el logro de los objetivos comunes.<\/span><\/p>\n<p><span style=\"font-weight: 400;\">Por otro lado, seg\u00fan el Consejo Nacional de Poblaci\u00f3n (CONAPO, 2011), entre los estados del pa\u00eds Chiapas se ubica en una situaci\u00f3n desfavorable en salud reproductiva, entre 2000 y 2010 ocupo los \u00faltimos lugares en el uso de anticonceptivos en zonas rurales y de alta presencia ind\u00edgena.<\/span><\/p>\n<p><span style=\"font-weight: 400;\">El Instituto Nacional de Estad\u00edstica y Geograf\u00eda (INEGI) constat\u00f3 que, el porcentaje de natalidad y fecundidad de mujeres menores de 20 a\u00f1os en Chiapas, entre 2010 y 2015, era superior a la media nacional y se encontraba entre los tres m\u00e1s altos en el pa\u00eds.<\/span><\/p>\n<p><a href=\"https:\/\/redsemlac.com\/semmexico\/wp-content\/uploads\/2021\/07\/observatorio-conytra-VF.jpg\"><img loading=\"lazy\" decoding=\"async\" class=\"size-full wp-image-37792 aligncenter\" src=\"https:\/\/redsemlac.com\/semmexico\/wp-content\/uploads\/2021\/07\/observatorio-conytra-VF.jpg\" alt=\"\" width=\"300\" height=\"225\"><\/a><\/p>\n<p><span style=\"font-weight: 400;\">Observatorio Feminista contra la Violencia a las Mujeres de Chiapas<\/span><\/p>\n<p><span style=\"font-weight: 400;\">#AbortoLegalYa Foto: Yessica Morales <\/span><span style=\"font-weight: 400;\">#AbortoLegalYa&nbsp; Foto: Roberto Ortiz<\/span><\/p>\n<p><span style=\"font-weight: 400;\">\u201cDespenalizar el aborto es evitar que las mujeres sean llevadas a la c\u00e1rcel por practicarse un legrado o usar pastillas\u201d, sostienen feministas. Cortes\u00eda: Sonia Mart\u00ednez<\/span><\/p>\n","protected":false},"excerpt":{"rendered":"<p>*La ILE&nbsp; uno de los derechos sexuales y reproductivos que encabeza&nbsp; la lucha de las colectivas en el mundo<\/p>\n","protected":false},"author":3,"featured_media":37793,"comment_status":"open","ping_status":"open","sticky":false,"template":"","format":"standard","meta":{"_monsterinsights_skip_tracking":false,"footnotes":""},"categories":[692,49,54],"tags":[],"class_list":["post-37789","post","type-post","status-publish","format-standard","has-post-thumbnail","category-692","category-desde","category-mujeres"],"_links":{"self":[{"href":"https:\/\/redsemlac.com\/semmexico\/wp-json\/wp\/v2\/posts\/37789","targetHints":{"allow":["GET"]}}],"collection":[{"href":"https:\/\/redsemlac.com\/semmexico\/wp-json\/wp\/v2\/posts"}],"about":[{"href":"https:\/\/redsemlac.com\/semmexico\/wp-json\/wp\/v2\/types\/post"}],"author":[{"embeddable":true,"href":"https:\/\/redsemlac.com\/semmexico\/wp-json\/wp\/v2\/users\/3"}],"replies":[{"embeddable":true,"href":"https:\/\/redsemlac.com\/semmexico\/wp-json\/wp\/v2\/comments?post=37789"}],"version-history":[{"count":0,"href":"https:\/\/redsemlac.com\/semmexico\/wp-json\/wp\/v2\/posts\/37789\/revisions"}],"wp:featuredmedia":[{"embeddable":true,"href":"https:\/\/redsemlac.com\/semmexico\/wp-json\/wp\/v2\/media\/37793"}],"wp:attachment":[{"href":"https:\/\/redsemlac.com\/semmexico\/wp-json\/wp\/v2\/media?parent=37789"}],"wp:term":[{"taxonomy":"category","embeddable":true,"href":"https:\/\/redsemlac.com\/semmexico\/wp-json\/wp\/v2\/categories?post=37789"},{"taxonomy":"post_tag","embeddable":true,"href":"https:\/\/redsemlac.com\/semmexico\/wp-json\/wp\/v2\/tags?post=37789"}],"curies":[{"name":"wp","href":"https:\/\/api.w.org\/{rel}","templated":true}]}}