{"id":37762,"date":"2021-07-04T17:12:31","date_gmt":"2021-07-04T23:12:31","guid":{"rendered":"https:\/\/redsemlac.com\/semmexico\/?p=37762"},"modified":"2023-07-21T17:03:35","modified_gmt":"2023-07-21T22:03:35","slug":"la-guardia-nacional-es-una-simple-extension-de-las-fuerzas-armadas-causa-en-comun","status":"publish","type":"post","link":"https:\/\/redsemlac.com\/semmexico\/la-guardia-nacional-es-una-simple-extension-de-las-fuerzas-armadas-causa-en-comun\/","title":{"rendered":"La Guardia Nacional es una simple extensi\u00f3n de las fuerzas armadas: Causa en Com\u00fan"},"content":{"rendered":"<p><span style=\"font-weight: 400;\">*Imposible resolver crisis de inseguridad con un discurso presidencial condescendiente hacia el crimen organizado: Causa en Com\u00fan<\/span><\/p>\n<p><!--more--><\/p>\n<p><span style=\"font-weight: 400;\">El despliegue militar afecta a miles de mujeres&nbsp;<\/span><\/p>\n<p><span style=\"font-weight: 400;\">Elda Montiel&nbsp;<\/span><\/p>\n<p><span style=\"font-weight: 400;\">SemM\u00e9xico, Cd. de M\u00e9xico, 4 de julio de 2021.-&nbsp;A dos a\u00f1os de su puesta en operaci\u00f3n la Guardia Nacional es una simple extensi\u00f3n de las Fuerzas Armadas que asume las 46 atribuciones de seguridad p\u00fablica a nivel constitucional, se\u00f1ala Ciudadanos por una Causa Com\u00fan.<\/span><\/p>\n<p><span style=\"font-weight: 400;\">Precisa en un comunicado que el gobierno federal promueve un marco deliberadamente ambiguo discrecional y sin controles al construir una corporaci\u00f3n militar y no civil, y se desnaturaliza a las Fuerzas Armadas otorg\u00e1ndole una responsabilidad policial.&nbsp;<\/span><\/p>\n<p><span style=\"font-weight: 400;\">\u201cEl pa\u00eds no requiere despliegues militares, sino polic\u00edas con atribuciones y capacidades de investigaci\u00f3n, de vinculaci\u00f3n ciudadana y apoyados en una aut\u00e9ntica pol\u00edtica de prevenci\u00f3n.\u201d La situaci\u00f3n y las decisiones gubernamentales afectan a las mujeres especialmente.<\/span><\/p>\n<p><span style=\"font-weight: 400;\">Advierte que se valora a las fuerzas armadas, pero independientemente del uniforme que utilicen, no podr\u00e1n resolver la crisis de inseguridad que padecemos. No es su vocaci\u00f3n ni est\u00e1n ah\u00ed sus fortalezas, pero imposible es la tarea cuando lo que prevalece es un discurso condescendiente hacia el crimen organizado.<\/span><\/p>\n<p><span style=\"font-weight: 400;\">Causa en Com\u00fan califica como un enga\u00f1o pol\u00edtico del presidente de la Rep\u00fablica anunciar que la Guardia Civil se incorporar\u00e1 a las Fuerzas Armadas, con lo que se realiza un fraude a la Constituci\u00f3n.&nbsp;<\/span><\/p>\n<p><span style=\"font-weight: 400;\">Recuerda que la creaci\u00f3n de la Guardia Nacional surge de un contexto de estigmatizaci\u00f3n injusta y sin sustento de los cuerpos policiales, incluida la Polic\u00eda Federal a la que se acus\u00f3 de inepta y corrupta.&nbsp;<\/span><\/p>\n<p><span style=\"font-weight: 400;\">Las polic\u00edas locales se encuentran en un abandono institucional con graves recortes presupuestales.<\/span><\/p>\n<p><span style=\"font-weight: 400;\">La Guardia Nacional viola la ley por incumplir disposiciones esenciales, ya que menos del 10 por ciento de su personal operativo cuenta con la certificaci\u00f3n correspondiente.&nbsp;<\/span><\/p>\n<p><span style=\"font-weight: 400;\">Adem\u00e1s, es notoria la desinformaci\u00f3n y opacidad en la que se conduce pues fuentes oficiales han brindado informaci\u00f3n contraria e incompleta respecto a sus procesos de creaci\u00f3n, integraci\u00f3n operaci\u00f3n y despliegue.&nbsp;<\/span><\/p>\n<p>&nbsp;<\/p>\n<p>&nbsp;<\/p>\n","protected":false},"excerpt":{"rendered":"<p>*Imposible resolver crisis de inseguridad con un discurso presidencial condescendiente hacia el crimen organizado: Causa en Com\u00fan<\/p>\n","protected":false},"author":3,"featured_media":37763,"comment_status":"open","ping_status":"open","sticky":false,"template":"","format":"standard","meta":{"_monsterinsights_skip_tracking":false,"footnotes":""},"categories":[692,49,52,47],"tags":[],"class_list":["post-37762","post","type-post","status-publish","format-standard","has-post-thumbnail","category-692","category-desde","category-hombres","category-no-mas-impunidad"],"_links":{"self":[{"href":"https:\/\/redsemlac.com\/semmexico\/wp-json\/wp\/v2\/posts\/37762","targetHints":{"allow":["GET"]}}],"collection":[{"href":"https:\/\/redsemlac.com\/semmexico\/wp-json\/wp\/v2\/posts"}],"about":[{"href":"https:\/\/redsemlac.com\/semmexico\/wp-json\/wp\/v2\/types\/post"}],"author":[{"embeddable":true,"href":"https:\/\/redsemlac.com\/semmexico\/wp-json\/wp\/v2\/users\/3"}],"replies":[{"embeddable":true,"href":"https:\/\/redsemlac.com\/semmexico\/wp-json\/wp\/v2\/comments?post=37762"}],"version-history":[{"count":0,"href":"https:\/\/redsemlac.com\/semmexico\/wp-json\/wp\/v2\/posts\/37762\/revisions"}],"wp:featuredmedia":[{"embeddable":true,"href":"https:\/\/redsemlac.com\/semmexico\/wp-json\/wp\/v2\/media\/37763"}],"wp:attachment":[{"href":"https:\/\/redsemlac.com\/semmexico\/wp-json\/wp\/v2\/media?parent=37762"}],"wp:term":[{"taxonomy":"category","embeddable":true,"href":"https:\/\/redsemlac.com\/semmexico\/wp-json\/wp\/v2\/categories?post=37762"},{"taxonomy":"post_tag","embeddable":true,"href":"https:\/\/redsemlac.com\/semmexico\/wp-json\/wp\/v2\/tags?post=37762"}],"curies":[{"name":"wp","href":"https:\/\/api.w.org\/{rel}","templated":true}]}}