{"id":37758,"date":"2021-07-04T12:34:52","date_gmt":"2021-07-04T18:34:52","guid":{"rendered":"https:\/\/redsemlac.com\/semmexico\/?p=37758"},"modified":"2023-07-21T17:03:35","modified_gmt":"2023-07-21T22:03:35","slug":"los-cuidados-parte-central-para-reconstruir-la-realidad-post-covid-foro-igualdad-generacion-en-paris","status":"publish","type":"post","link":"https:\/\/redsemlac.com\/semmexico\/los-cuidados-parte-central-para-reconstruir-la-realidad-post-covid-foro-igualdad-generacion-en-paris\/","title":{"rendered":"Los cuidados parte central para reconstruir la realidad post Covid: Foro Generaci\u00f3n Igualdad en Paris"},"content":{"rendered":"<p><span style=\"font-weight: 400;\">*Canad\u00e1 invierte 100 millones de d\u00f3lares a la Alianza Global por los Cuidados<\/span><\/p>\n<p><!--more--><\/p>\n<p><span style=\"font-weight: 400;\">Elda Montiel&nbsp;<\/span><\/p>\n<p><span style=\"font-weight: 400;\">SemM\u00e9xico, Cd. de M\u00e9xico, 4 de julio 2021.- Con una inversi\u00f3n de 100 millones de d\u00f3lares Canad\u00e1 se suma al llamado del gobierno de M\u00e9xico y ONU Mujeres para impulsar la Alianza Global por los Cuidados que busca reducir las horas que las mujeres dedican al cuidado y trabajo dom\u00e9stico.<\/span><\/p>\n<p><span style=\"font-weight: 400;\">En el \u00faltimo d\u00eda del Foro Igualdad Generaci\u00f3n en Paris, han confirmado inter\u00e9s en ser parte de esta iniciativa global: nueve pa\u00edses, 10 organizaciones filantr\u00f3picas y del sector privado, 15 organizaciones de la sociedad civil y seis organismos internacionales.<\/span><\/p>\n<p><span style=\"font-weight: 400;\">En el panel de alto nivel \u201cWEE Care: Construyendo una econom\u00eda con igualdad de g\u00e9nero\u201d, el gobierno de M\u00e9xico y ONU Mujeres lanzaron la Alianza Global de los Cuidados e hicieron un llamado a pa\u00edses y actores estrat\u00e9gicos de todo el mundo a formar parte de ella.&nbsp;<\/span><\/p>\n<p><span style=\"font-weight: 400;\">Karina Gould, Ministra de Desarrollo Internacional del Gobierno de Canad\u00e1, habl\u00f3 sobre la importancia que tiene para su gobierno adherirse a esta iniciativa, se dijo convencida de que los cuidados son una pol\u00edtica social importante y transformadora que se puede convertir en un motor econ\u00f3mico.&nbsp;<\/span><\/p>\n<p><span style=\"font-weight: 400;\">\u00abEl mundo nos est\u00e1 mirando y para reconstruir la realidad post COVID-19 m\u00e1s sostenible, m\u00e1s igualitaria y m\u00e1s resiliente, los cuidados deben ser una parte central.\u201d&nbsp;<\/span><\/p>\n<p><span style=\"font-weight: 400;\">Nadine Gasman Zilberman, presidenta del instituto Nacional de las Mujeres en M\u00e9xico, dijo \u201ctenemos que hacer visible lo que ha sido invisible por a\u00f1os, tenemos que hacer que el trabajo dom\u00e9stico y de cuidados sea visible para poder redistribuirlo mejor y remunerarlo por lo que vale\u201d. A trav\u00e9s de esta Alianza Global por los Cuidados vamos a cambiar la vida de las mujeres y las ni\u00f1as para que puedan cumplir sus proyectos de vida\u201d.&nbsp;<\/span><\/p>\n<p><span style=\"font-weight: 400;\">\u00c5sa Regn\u00e9r, Directora Ejecutiva Adjunta de ONU Mujeres dijo que se trata verdadera infraestructura de cuidados y que \u00e9sta sirva para alcanzar la igualdad de g\u00e9nero. Expres\u00f3 su confianza que en los pr\u00f3ximos cinco a\u00f1os se logren los cambios transformadores que se esperan.&nbsp;<\/span><\/p>\n<p><span style=\"font-weight: 400;\">Elizabeth Tang, Secretaria-General de la Federaci\u00f3n Internacional de trabajadores dom\u00e9sticos (IDWF \u2013 por su denominaci\u00f3n en ingl\u00e9s) a nombre de las mujeres dedicadas al trabajo dom\u00e9stico afirm\u00f3: \u201cPara nosotras los cambios en las normas de g\u00e9nero son esenciales para alcanzar la justicia econ\u00f3mica, porque nosotras proveemos cuidados dentro de los hogares. Desafortunadamente, la informalidad en el sector es alta por lo que a\u00fan hay mucho por hacer.\u201d&nbsp;<\/span><\/p>\n<p><span style=\"font-weight: 400;\">Mientras que en un video el mensaje de la actriz Anne Hathaway, embajadora de Buena Voluntad de ONU Mujeres y vocera de la Alianza Global por los Cuidados, expres\u00f3 que hay que cambiar la forma en que el mundo ve el trabajo de cuidados es un paso vital para cambiar las oportunidades que tienen las mujeres de prosperar.&nbsp;<\/span><\/p>\n<p><span style=\"font-weight: 400;\">Estados Unidos expres\u00f3 la necesidad de incentivar la inversi\u00f3n de los gobiernos en sistemas que provean infraestructura de cuidados que es crucial para la participaci\u00f3n de las mujeres en la econom\u00eda.<\/span><\/p>\n<p><span style=\"font-weight: 400;\">La Alianza Global por los Cuidados propone 8 acciones clave: 1. Acciones para desarrollar y aumentar los servicios de cuidados; 2. Pol\u00edticas p\u00fablicas de conciliaci\u00f3n de la vida personal, familiar y laboral; 3. Inversi\u00f3n en infraestructuras de atenci\u00f3n social y f\u00edsica; 4. Financiaci\u00f3n gradual y progresiva de un sistema de cuidados; 5. Derechos de las personas proveedoras y receptoras de cuidados; 6. Generaci\u00f3n de datos y evidencias; 7. Banco de buenas pr\u00e1cticas; 8. Campa\u00f1as de sensibilizaci\u00f3n.<\/span><\/p>\n<p><span style=\"font-weight: 400;\">Tambi\u00e9n participaron Gargee Ghosh, Presidente de Pol\u00edticas Globales e Incidencia de la Fundaci\u00f3n Bill y Melinda Gates; Jennifer Klein, Co-Presidenta del Consejo Asesor de G\u00e9nero de la Casa Blanca; Trist\u00e1n Champion, autor y blogger; y Guy Raider, Director General de la Organizaci\u00f3n Internacional del Trabajo (OIT).&nbsp;<\/span><\/p>\n<p>&nbsp;<\/p>\n","protected":false},"excerpt":{"rendered":"<p>*Canad\u00e1 invierte 100 millones de d\u00f3lares a la Alianza Global por los Cuidados<\/p>\n","protected":false},"author":3,"featured_media":37759,"comment_status":"open","ping_status":"open","sticky":false,"template":"","format":"standard","meta":{"_monsterinsights_skip_tracking":false,"footnotes":""},"categories":[692,49,53],"tags":[],"class_list":["post-37758","post","type-post","status-publish","format-standard","has-post-thumbnail","category-692","category-desde","category-internacional"],"_links":{"self":[{"href":"https:\/\/redsemlac.com\/semmexico\/wp-json\/wp\/v2\/posts\/37758","targetHints":{"allow":["GET"]}}],"collection":[{"href":"https:\/\/redsemlac.com\/semmexico\/wp-json\/wp\/v2\/posts"}],"about":[{"href":"https:\/\/redsemlac.com\/semmexico\/wp-json\/wp\/v2\/types\/post"}],"author":[{"embeddable":true,"href":"https:\/\/redsemlac.com\/semmexico\/wp-json\/wp\/v2\/users\/3"}],"replies":[{"embeddable":true,"href":"https:\/\/redsemlac.com\/semmexico\/wp-json\/wp\/v2\/comments?post=37758"}],"version-history":[{"count":0,"href":"https:\/\/redsemlac.com\/semmexico\/wp-json\/wp\/v2\/posts\/37758\/revisions"}],"wp:featuredmedia":[{"embeddable":true,"href":"https:\/\/redsemlac.com\/semmexico\/wp-json\/wp\/v2\/media\/37759"}],"wp:attachment":[{"href":"https:\/\/redsemlac.com\/semmexico\/wp-json\/wp\/v2\/media?parent=37758"}],"wp:term":[{"taxonomy":"category","embeddable":true,"href":"https:\/\/redsemlac.com\/semmexico\/wp-json\/wp\/v2\/categories?post=37758"},{"taxonomy":"post_tag","embeddable":true,"href":"https:\/\/redsemlac.com\/semmexico\/wp-json\/wp\/v2\/tags?post=37758"}],"curies":[{"name":"wp","href":"https:\/\/api.w.org\/{rel}","templated":true}]}}