{"id":37751,"date":"2021-07-04T12:07:46","date_gmt":"2021-07-04T18:07:46","guid":{"rendered":"https:\/\/redsemlac.com\/semmexico\/?p=37751"},"modified":"2023-07-21T17:03:36","modified_gmt":"2023-07-21T22:03:36","slug":"convocan-a-escritoras-de-al-y-espana-al-premio-bellas-artes-de-cuento-hispanoamericano-nellie-campobello-2021","status":"publish","type":"post","link":"https:\/\/redsemlac.com\/semmexico\/convocan-a-escritoras-de-al-y-espana-al-premio-bellas-artes-de-cuento-hispanoamericano-nellie-campobello-2021\/","title":{"rendered":"Convocan a escritoras de AL y Espa\u00f1a al Premio Bellas Artes de Cuento Hispanoamericano Nellie Campobello 2021"},"content":{"rendered":"<p>&nbsp;<\/p>\n<p><span style=\"font-weight: 400;\">El registro de trabajos permanecer\u00e1 abierto hasta el 20 de agosto&nbsp;<\/span><\/p>\n<p><!--more--><\/p>\n<p><span style=\"font-weight: 400;\">Redacci\u00f3n&nbsp;<\/span><\/p>\n<p>&nbsp;<\/p>\n<p><span style=\"font-weight: 400;\">SemM\u00e9xico, Cd. de M\u00e9xico, 4 de julio, 2021.- Escritoras originarias de Am\u00e9rica Latina y Espa\u00f1a pueden concursar para obtener el Premio Bellas Artes de Cuento Hispanoamericano&nbsp;<\/span><i><span style=\"font-weight: 400;\">Nellie Campobello<\/span><\/i><span style=\"font-weight: 400;\">&nbsp;2021 con un libro de relatos escrito en espa\u00f1ol y publicado en cualquier pa\u00eds de la regi\u00f3n durante 2020, a\u00f1o que deber\u00e1 aparecer en la p\u00e1gina legal o en el colof\u00f3n del volumen.&nbsp;<\/span><\/p>\n<p><span style=\"font-weight: 400;\">&nbsp;<\/span><\/p>\n<p><span style=\"font-weight: 400;\">El certamen, convocado por la Secretar\u00eda de Cultura&nbsp;<\/span><span style=\"font-weight: 400;\">del Gobierno de M\u00e9xico&nbsp;<\/span><span style=\"font-weight: 400;\">y el Instituto Nacional de Bellas Artes y Literatura (INBAL), a trav\u00e9s de la Coordinaci\u00f3n Nacional de Literatura, en conjunto con el Gobierno del estado de Durango, por medio del Instituto de Cultura del Estado de Durango (ICED), se lleva cabo por segunda ocasi\u00f3n en el marco de la campa\u00f1a \u201cContigo en la distancia\u201d.&nbsp;<\/span><\/p>\n<p><span style=\"font-weight: 400;\">&nbsp;<\/span><\/p>\n<p><span style=\"font-weight: 400;\">\u201cRecordamos a la gran ensayista, cuentista y poetisa Nellie Campobello con este premio que, por segundo a\u00f1o, se enfoca en reconocer la labor literaria de mujeres, creadoras que con sus obras inspiran, construyen oportunidades y muestran otras realidades. Esperamos que participen escritoras de toda Hispanoam\u00e9rica\u201d, coment\u00f3 la secretaria de Cultura del Gobierno de M\u00e9xico, Alejandra Frausto Guerrero.&nbsp;<\/span><\/p>\n<p><span style=\"font-weight: 400;\">&nbsp;<\/span><\/p>\n<p><span style=\"font-weight: 400;\">Las autoras deben registrarse en la plataforma digital de los Premios Bellas Artes de Literatura (<\/span><a href=\"http:\/\/www.literatura.inba.gob.mx\/pbal\/\"><span style=\"font-weight: 400;\">www.literatura.inba.gob.mx\/pbal\/<\/span><\/a><span style=\"font-weight: 400;\">). El plazo para recibir las obras vencer\u00e1 el viernes 20 de agosto a las 13:00 horas (tiempo de la Ciudad de M\u00e9xico).&nbsp;<\/span><\/p>\n<p><span style=\"font-weight: 400;\">&nbsp;<\/span><\/p>\n<p><span style=\"font-weight: 400;\">El jurado ser\u00e1 designado por las instituciones convocantes y estar\u00e1 integrado por tres especialistas en literatura de reconocida trayectoria y prestigio. El fallo ser\u00e1 definitivo e inapelable y se efectuar\u00e1 en octubre del presente a\u00f1o.&nbsp;<\/span><\/p>\n<p><span style=\"font-weight: 400;\">&nbsp;<\/span><\/p>\n<p><span style=\"font-weight: 400;\">El INBAL y el ICED dar\u00e1n a conocer la decisi\u00f3n del jurado a la autora ganadora. Ni el jurado ni otra instituci\u00f3n ni organismo estar\u00e1n facultados para notificar el resultado del fallo. La escritora galardonada recibir\u00e1 un diploma y la cantidad de 200 mil pesos mexicanos. El premio es \u00fanico e indivisible.&nbsp;<\/span><\/p>\n<p><span style=\"font-weight: 400;\">&nbsp;<\/span><\/p>\n<p><span style=\"font-weight: 400;\">Para m\u00e1s informaci\u00f3n, consultar las bases de la convocatoria en la plataforma&nbsp;<\/span><a href=\"https:\/\/contigoenladistancia.cultura.gob.mx\/detalle\/premio-bellas-artes-de-cuento-hispanoamericano-nellie-campobello-\"><span style=\"font-weight: 400;\">https:\/\/contigoenladistancia.cultura.gob.mx\/detalle\/premio-bellas-artes-de-cuento-hispanoamericano-nellie-campobello-<\/span><\/a><span style=\"font-weight: 400;\">&nbsp;<\/span><\/p>\n<p><span style=\"font-weight: 400;\">, y en los sitios web:&nbsp;<\/span><a href=\"https:\/\/bit.ly\/2Te211n\"><span style=\"font-weight: 400;\">https:\/\/bit.ly\/2Te211n<\/span><\/a><span style=\"font-weight: 400;\">,&nbsp;<\/span><a href=\"http:\/\/www.literatura.inba.gob.mx\/\"><span style=\"font-weight: 400;\">www.literatura.inba.gob.mx<\/span><\/a><span style=\"font-weight: 400;\">&nbsp;y&nbsp;<\/span><a href=\"http:\/\/www.iced.durango.gob.mx\/\"><span style=\"font-weight: 400;\">www.iced.durango.gob.mx<\/span><\/a><span style=\"font-weight: 400;\">.&nbsp;<\/span><span style=\"font-weight: 400;\">En caso de tener dudas se puede enviar un correo electr\u00f3nico a&nbsp;<\/span><a href=\"mailto:cnl.subdireccion@inba.gob.mx\"><span style=\"font-weight: 400;\">cnl.subdireccion@inba.gob.mx<\/span><\/a><span style=\"font-weight: 400;\">.&nbsp;<\/span><\/p>\n<p><span style=\"font-weight: 400;\">&nbsp;<\/span><\/p>\n<p><span style=\"font-weight: 400;\">Impulso a escritoras de la regi\u00f3n&nbsp;<\/span><\/p>\n<p><span style=\"font-weight: 400;\">&nbsp;<\/span><\/p>\n<p><span style=\"font-weight: 400;\">El Premio Bellas Artes de Cuento Hispanoamericano&nbsp;<\/span><i><span style=\"font-weight: 400;\">Nellie Campobello<\/span><\/i><span style=\"font-weight: 400;\">&nbsp;fue creado en 2018 como un esfuerzo entre la Secretar\u00eda de Cultura, el INBAL y el Gobierno estatal de Durango, por medio del ICED y del Congreso local. Ese a\u00f1o el ganador fue Antonio Ortu\u00f1o por&nbsp;<\/span><i><span style=\"font-weight: 400;\">La vaga ambici\u00f3n<\/span><\/i><span style=\"font-weight: 400;\">, y en 2019, Miguel \u00c1ngel Manrique por&nbsp;<\/span><i><span style=\"font-weight: 400;\">Las preocupaciones<\/span><\/i><span style=\"font-weight: 400;\">.&nbsp;<\/span><\/p>\n<p><span style=\"font-weight: 400;\">&nbsp;<\/span><\/p>\n<p><span style=\"font-weight: 400;\">A partir de la edici\u00f3n de 2020, se decidi\u00f3 convocar solo a mujeres que cultivan el g\u00e9nero del cuento, ya que el organismo de cultura duranguense reconoci\u00f3 la importancia de la obra cuent\u00edstica escrita por mujeres en idioma espa\u00f1ol, lo que contribuye a impulsar una mayor producci\u00f3n literaria femenina. Ese a\u00f1o el premio fue para Itzel Guevara del \u00c1ngel por&nbsp;<\/span><i><span style=\"font-weight: 400;\">Domingo de Summertime<\/span><\/i><span style=\"font-weight: 400;\">.&nbsp;<\/span><\/p>\n<p><span style=\"font-weight: 400;\">&nbsp;<\/span><\/p>\n<p><span style=\"font-weight: 400;\">Redes sociales&nbsp;<\/span><\/p>\n<p><span style=\"font-weight: 400;\">&nbsp;<\/span><\/p>\n<p><span style=\"font-weight: 400;\">Se pueden seguir las redes sociales del INBAL en Instagram (@INBAMX), Facebook (\/INBAmx) y Twitter (@bellasartesinba). Sigue las redes sociales de la Secretar\u00eda de Cultura en Twitter (@cultura_mx), Facebook (\/SecretariaCulturaMX) e Instagram (@culturamx).&nbsp;<\/span><\/p>\n<p>&nbsp;<\/p>\n<p><span style=\"font-weight: 400;\">&#8230;<\/span><span style=\"font-weight: 400;\"><br \/>\n<\/span><span style=\"font-weight: 400;\"><\/p>\n<p><\/span><\/p>\n","protected":false},"excerpt":{"rendered":"<p>&nbsp; El registro de trabajos permanecer\u00e1 abierto hasta el 20 de agosto&nbsp;<\/p>\n","protected":false},"author":3,"featured_media":37752,"comment_status":"open","ping_status":"open","sticky":false,"template":"","format":"standard","meta":{"_monsterinsights_skip_tracking":false,"footnotes":""},"categories":[692,45,46],"tags":[],"class_list":["post-37751","post","type-post","status-publish","format-standard","has-post-thumbnail","category-692","category-cultura","category-cultura-cultura"],"_links":{"self":[{"href":"https:\/\/redsemlac.com\/semmexico\/wp-json\/wp\/v2\/posts\/37751","targetHints":{"allow":["GET"]}}],"collection":[{"href":"https:\/\/redsemlac.com\/semmexico\/wp-json\/wp\/v2\/posts"}],"about":[{"href":"https:\/\/redsemlac.com\/semmexico\/wp-json\/wp\/v2\/types\/post"}],"author":[{"embeddable":true,"href":"https:\/\/redsemlac.com\/semmexico\/wp-json\/wp\/v2\/users\/3"}],"replies":[{"embeddable":true,"href":"https:\/\/redsemlac.com\/semmexico\/wp-json\/wp\/v2\/comments?post=37751"}],"version-history":[{"count":0,"href":"https:\/\/redsemlac.com\/semmexico\/wp-json\/wp\/v2\/posts\/37751\/revisions"}],"wp:featuredmedia":[{"embeddable":true,"href":"https:\/\/redsemlac.com\/semmexico\/wp-json\/wp\/v2\/media\/37752"}],"wp:attachment":[{"href":"https:\/\/redsemlac.com\/semmexico\/wp-json\/wp\/v2\/media?parent=37751"}],"wp:term":[{"taxonomy":"category","embeddable":true,"href":"https:\/\/redsemlac.com\/semmexico\/wp-json\/wp\/v2\/categories?post=37751"},{"taxonomy":"post_tag","embeddable":true,"href":"https:\/\/redsemlac.com\/semmexico\/wp-json\/wp\/v2\/tags?post=37751"}],"curies":[{"name":"wp","href":"https:\/\/api.w.org\/{rel}","templated":true}]}}