{"id":37739,"date":"2021-07-03T17:38:02","date_gmt":"2021-07-03T23:38:02","guid":{"rendered":"https:\/\/redsemlac.com\/semmexico\/?p=37739"},"modified":"2023-07-21T17:03:36","modified_gmt":"2023-07-21T22:03:36","slug":"mariana-lima-puerta-hacia-la-justicia-con-perspectiva-de-genero-ocnf","status":"publish","type":"post","link":"https:\/\/redsemlac.com\/semmexico\/mariana-lima-puerta-hacia-la-justicia-con-perspectiva-de-genero-ocnf\/","title":{"rendered":"\u00a0Mariana Lima, puerta hacia la justicia con perspectiva de g\u00e9nero: OCNF\u00a0"},"content":{"rendered":"<p><span style=\"font-weight: 400;\">*Hace 11 a\u00f1os, la vida de Mariana Lima Buend\u00eda fue coartada de manera cruel y cobarde.<\/span><!--more--><\/p>\n<p><span style=\"font-weight: 400;\">Redacci\u00f3n<\/span><\/p>\n<p><span style=\"font-weight: 400;\">SemM\u00e9xico, Cd. de M\u00e9xico, 3 de julio, 2021.- El 29 de junio de 2010, Julio C\u00e9sar \u201cNN\u201d, en ese entonces esposo de la joven, avis\u00f3 a los padres de Mariana que su hija \u201cse hab\u00eda suicidado\u201d. Desde ese momento la familia no lo crey\u00f3, primero porque se ten\u00eda conocimiento de los antecedentes de violencia y celos que el agresor ejerc\u00eda sobre Mariana y porque una noche antes de ser asesinada, Mariana hab\u00eda pedido a su familia volver a la casa materna porque hab\u00eda decidido terminar con su relaci\u00f3n.<\/span><\/p>\n<p><span style=\"font-weight: 400;\">Mariana, naci\u00f3 el 28 de marzo de 1981 en el Estado de M\u00e9xico. Desde peque\u00f1a fue llamada \u201cMarianita\u201d. \u201cNunca faltaba una sonrisa en su rostro, solo cuando se tomaba fotograf\u00edas para la escuela. Ten\u00eda muchas amistades, le gustaba leer, hacer manualidades y ayudar a la gente humilde, por eso decidi\u00f3 estudiar derecho en la Universidad Nacional Aut\u00f3noma de M\u00e9xico (UNAM)\u201d, recuerda su madre Irinea Buend\u00eda.<\/span><\/p>\n<p><span style=\"font-weight: 400;\">Sin conocerlo, Mariana Lima Buend\u00eda se convirti\u00f3 en un emblema de lucha y exigencia de justicia; es hoy tambi\u00e9n un \u00edcono de la necesaria investigaci\u00f3n con perspectiva de g\u00e9nero y sobre todo la incansable lucha que las familias han tenido que emprender para alzar la voz, visibilizar la problem\u00e1tica y unir las voces para poner fin al asesinato de al menos 11 mujeres al d\u00eda.<\/span><\/p>\n<p><span style=\"font-weight: 400;\">Despu\u00e9s de 5 a\u00f1os de lucha, en marzo de 2015, la Suprema Corte de Justicia de la Naci\u00f3n (SCJN) emiti\u00f3 la sentencia Mariana Lima en la cual estableci\u00f3 que toda muerte violenta de mujeres debe ser investigada como feminicidio y las investigaciones realizadas con perspectiva de g\u00e9nero.<\/span><\/p>\n<p><span style=\"font-weight: 400;\">El 15 de junio de 2016 se ejercit\u00f3 acci\u00f3n penal contra su agresor, por su comisi\u00f3n del delito de Homicidio Calificado con complementaci\u00f3n t\u00edpica y punibilidad aut\u00f3noma. La Orden de Aprehensi\u00f3n se dict\u00f3 el 20 de junio de 2016 y la detenci\u00f3n se realiz\u00f3 el 23 de junio de 2016.<\/span><\/p>\n<p><span style=\"font-weight: 400;\">El 29 de junio de 2016 se dict\u00f3 auto de formal prisi\u00f3n contra Julio C\u00e9sar \u201cNN\u201d por el delito de Homicidio Calificado. A 4,018 d\u00edas de habernos arrebatado a Mariana, actualmente estamos a la espera de la sentencia, la cual esperamos y exigimos sea condenatoria.&nbsp;<\/span><\/p>\n<p><span style=\"font-weight: 400;\">A pesar de haber logrado la sentencia de la SCJN en la que resolvi\u00f3 a favor de una debida diligencia y perspectiva de g\u00e9nero, este proceso ha sido largo y tortuoso sobre todo para la familia. Se ha cambiado a jueces en un sin n\u00famero de ocasiones, diversas audiencias han sido suspendidas y a ello se suman las agresiones f\u00edsicas y verbales contra la familia y sus acompa\u00f1antes. Cuando la justicia que es tard\u00eda no es justicia, por lo que esperamos que la sentencia contra el agresor de Mariana sea uno de los resultados tangibles que permitan afirmar que a pesar de 11 a\u00f1os transcurridos, las autoridades estatales y federales garanticen el derecho al acceso a la justicia para Mariana, su familia y para las decenas de mujeres v\u00edctimas de violencia feminicida.<\/span><\/p>\n<p><span style=\"font-weight: 400;\">Una vez m\u00e1s traemos a la memoria a Mariana y recordamos que: aqu\u00ed estaremos hasta lograr \u00a1Justicia, Justicia y Justicia para Mariana y para todas!<\/span><span style=\"font-weight: 400;\">&#8212;&nbsp;<\/span><\/p>\n<p><b>Para mayor informaci\u00f3n:<\/b><span style=\"font-weight: 400;\"> Atziri \u00c1vila Observatorio Ciudadano Nacional del Feminicidio (OCNF). Cel. \/Whatsapp: 9512536082 <\/span><a href=\"mailto:ocnf@observatoriofeminicidiomexico.org.mx\"><span style=\"font-weight: 400;\">ocnf@observatoriofeminicidiomexico.org<\/span><\/a><span style=\"font-weight: 400;\"> TW: @OCNF FB: OCNFeminicidioM\u00e9xico Instagram: OCNFeminicidioM\u00e9xico <\/span><a href=\"http:\/\/www.observatoriofeminicidiomexico.org\/\"><span style=\"font-weight: 400;\">www.observatoriofeminicidiomexico.org<\/span><\/a><\/p>\n<p>&nbsp;<\/p>\n","protected":false},"excerpt":{"rendered":"<p>*Hace 11 a\u00f1os, la vida de Mariana Lima Buend\u00eda fue coartada de manera cruel y cobarde.<\/p>\n","protected":false},"author":3,"featured_media":37740,"comment_status":"open","ping_status":"open","sticky":false,"template":"","format":"standard","meta":{"_monsterinsights_skip_tracking":false,"footnotes":""},"categories":[692,47],"tags":[507],"class_list":["post-37739","post","type-post","status-publish","format-standard","has-post-thumbnail","category-692","category-no-mas-impunidad","tag-mariana-lima-buendia"],"_links":{"self":[{"href":"https:\/\/redsemlac.com\/semmexico\/wp-json\/wp\/v2\/posts\/37739","targetHints":{"allow":["GET"]}}],"collection":[{"href":"https:\/\/redsemlac.com\/semmexico\/wp-json\/wp\/v2\/posts"}],"about":[{"href":"https:\/\/redsemlac.com\/semmexico\/wp-json\/wp\/v2\/types\/post"}],"author":[{"embeddable":true,"href":"https:\/\/redsemlac.com\/semmexico\/wp-json\/wp\/v2\/users\/3"}],"replies":[{"embeddable":true,"href":"https:\/\/redsemlac.com\/semmexico\/wp-json\/wp\/v2\/comments?post=37739"}],"version-history":[{"count":0,"href":"https:\/\/redsemlac.com\/semmexico\/wp-json\/wp\/v2\/posts\/37739\/revisions"}],"wp:featuredmedia":[{"embeddable":true,"href":"https:\/\/redsemlac.com\/semmexico\/wp-json\/wp\/v2\/media\/37740"}],"wp:attachment":[{"href":"https:\/\/redsemlac.com\/semmexico\/wp-json\/wp\/v2\/media?parent=37739"}],"wp:term":[{"taxonomy":"category","embeddable":true,"href":"https:\/\/redsemlac.com\/semmexico\/wp-json\/wp\/v2\/categories?post=37739"},{"taxonomy":"post_tag","embeddable":true,"href":"https:\/\/redsemlac.com\/semmexico\/wp-json\/wp\/v2\/tags?post=37739"}],"curies":[{"name":"wp","href":"https:\/\/api.w.org\/{rel}","templated":true}]}}