{"id":37667,"date":"2021-07-01T10:54:27","date_gmt":"2021-07-01T16:54:27","guid":{"rendered":"https:\/\/redsemlac.com\/semmexico\/?p=37667"},"modified":"2023-07-21T17:03:38","modified_gmt":"2023-07-21T22:03:38","slug":"declara-gobernacion-alerta-de-violencia-de-genero-contra-las-mujeres-en-seis-municipios-de-baja-california-tras-14-meses-desde-que-se-solicito","status":"publish","type":"post","link":"https:\/\/redsemlac.com\/semmexico\/declara-gobernacion-alerta-de-violencia-de-genero-contra-las-mujeres-en-seis-municipios-de-baja-california-tras-14-meses-desde-que-se-solicito\/","title":{"rendered":"Declara Gobernaci\u00f3n Alerta de Violencia de G\u00e9nero contra las Mujeres en seis municipios de Baja California tras 14 meses desde que se solicit\u00f3"},"content":{"rendered":"\n<p class=\"wp-block-paragraph\">Tijuana en el primer lugar nacional, por ello la eliminaci\u00f3n de todas las formas de violencia contra las mujeres tendr\u00eda que resolver lo estructural<\/p>\n\n\n\n<p class=\"wp-block-paragraph\">Ahora&nbsp;&nbsp;suman 22 alertas en 19 entidades&nbsp;&nbsp;del pa\u00eds,&nbsp;&nbsp;informa Fabiola Alan\u00eds S\u00e1mano<\/p>\n\n\n\n<p class=\"wp-block-paragraph\">Sara Lovera<\/p>\n\n\n\n<p class=\"wp-block-paragraph\">La Secretar\u00eda de Gobernaci\u00f3n, a trav\u00e9s de la Comisi\u00f3n Nacional para Prevenir y Erradicar la Violencia contra las Mujeres (Conavim), declar\u00f3 la Alerta de Violencia de G\u00e9nero contra las Mujeres (AVGM) en seis municipios de Baja California, por la prevalencia de altos \u00edndices de violencia feminicida, un a\u00f1o 4 meses despu\u00e9s de que fue solicitada por La Comisi\u00f3n Estatal de los Derechos Humanos de Baja California (CEDHBC).<\/p>\n\n\n\n<p class=\"wp-block-paragraph\">El subsecretario de Derechos Humanos, Poblaci\u00f3n y Migraci\u00f3n, Alejandro Encinas Rodr\u00edguez, y la titular de dicha comisi\u00f3n, Fabiola Alan\u00eds S\u00e1mano, encabezaron la declaratoria para&nbsp;&nbsp;los municipios Ensenada, Mexicali, Playas de Rosarito, San Quint\u00edn, Tecate y Tijuana. 2 fronterizos, dos agr\u00edcolas y vitivin\u00edcolas y uno de alto turismo.<\/p>\n\n\n\n<p class=\"wp-block-paragraph\">Durante la declaratoria, seg\u00fan informaci\u00f3n boletinada, el subsecretario Alejandro Encinas Rodr\u00edguez enfatiz\u00f3 que el compromiso del Gobierno de M\u00e9xico es implementar una pol\u00edtica de Estado con perspectiva de g\u00e9nero y de derechos humanos que garantice a las mujeres una vida libre de violencia.<\/p>\n\n\n\n<p class=\"wp-block-paragraph\">Seg\u00fan el Observatorio del Feminicidio, hasta ahora, despu\u00e9s de 2011 en que se hizo la primera declaratoria, las AVGM no han mitigado ni la violencia feminicida, ni los feminicidios, asesinatos de mujeres, que s\u00f3lo en mayo cobraron 243 v\u00edctimas.<\/p>\n\n\n\n<p class=\"wp-block-paragraph\">Cabe se\u00f1alar que hace 6 a\u00f1os en Baja California fueron las organizaciones sociales quienes decidieron que no se hiciera, ante los avances de atenci\u00f3n a las violencias, eso cambi\u00f3 al llegar al gobierno el partido oficial, Morena. Los casos se dispararon y la violencia estructural tambi\u00e9n.&nbsp;<\/p>\n\n\n\n<p class=\"wp-block-paragraph\">El 25 de febrero de 2020 la CEDHBC solicit\u00f3 la declaratoria de Alerta de Violencia de G\u00e9nero (AVG) para la entidad.<\/p>\n\n\n\n<p class=\"wp-block-paragraph\">El ombudsperson, Miguel Mora, inform\u00f3 que en el oficio dirigido al Sistema Nacional para Prevenir, Atender, Sancionar y Erradicar la Violencia contra las Mujeres, se solicita que se conforme un grupo de trabajo para realizar una investigaci\u00f3n sobre el contexto de violencia feminicida y otros tipos de violencia contra las mujeres, tal y como lo disponen la Ley General de Acceso de las Mujeres a una Vida Libre de Violencia y su Reglamento.<\/p>\n\n\n\n<p class=\"wp-block-paragraph\">El presidente de la CEDHBC la solicit\u00f3&nbsp;&nbsp;con base en un an\u00e1lisis de las estad\u00edsticas relativas al contexto de violencia feminicida y considerando&nbsp;&nbsp;un incremento notorio y sustancial en el n\u00famero de feminicidios, desapariciones forzadas, y todo tipo de violencia contra la mujer.<\/p>\n\n\n\n<p class=\"wp-block-paragraph\">Seg\u00fan datos del Secretariado Ejecutivo del Sistema Nacional de Seguridad P\u00fablica, en 2015 se registraron, en Baja California, 114 homicidios dolosos en contra de mujeres, en 2016: 141, en 2017: 212, y en 2018: 288 muertes violentas de mujeres y ni\u00f1as. El aumento de las muertes violentas se presenta anualmente de manera constante, como en el delito de feminicidio, incluso el incremento del 2017 a 2018 fue de manera exponencial. En 2015 se tipificaron 2 feminicidios; en 2016, 3; en 2017, 2 feminicidios; en 2018, 27 feminicidios; en el a\u00f1o 2019, 23 feminicidios y en el primer trimestre de 2020 se documentaron&nbsp;&nbsp;19 feminicidios.<\/p>\n\n\n\n<p class=\"wp-block-paragraph\">S\u00f3lo&nbsp;&nbsp;Tijuana est\u00e1 los diez municipios, a nivel nacional, con mayor n\u00famero de muertes violentas de mujeres; mientras que Baja California tuvo el primer lugar en tasa de homicidios de mujeres en 2018, ese a\u00f1o se cometieron 250 homicidios contra mujeres. Actualmente, Tijuana es el quinto lugar nacional entre los municipios con m\u00e1s feminicidios.<\/p>\n\n\n\n<p class=\"wp-block-paragraph\">A pesar de la tardanza en la declaratoria el subsecretario afirm\u00f3 convencido que \u201cEste es, sin lugar a dudas, uno de los principios rectores de las pol\u00edticas p\u00fablicas del gobierno federal, el respeto a la dignidad de las personas, a sus derechos humanos, a vivir en condiciones de libertad y de igualdad, considerando que la violencia contra las mujeres en nuestro pa\u00eds es un problema lamentablemente estructural y sistem\u00e1tico\u201d, afirm\u00f3.<\/p>\n\n\n\n<p class=\"wp-block-paragraph\">Explic\u00f3 que este fen\u00f3meno se presenta en el tejido social, en las instituciones p\u00fablicas y privadas, as\u00ed como en todos los \u00e1mbitos de la sociedad. Precis\u00f3 que es un fen\u00f3meno sist\u00e9mico, porque se origina en las relaciones de poder desiguales entre mujeres y hombres, y el factor de riesgo que enfrentan ellas, por el simple hecho de ser mujeres, les genera una vulnerabilidad permanente.<\/p>\n\n\n\n<p class=\"wp-block-paragraph\">Alejandro Encinas Rodr\u00edguez sostuvo que para la Secretar\u00eda de Gobernaci\u00f3n y para el Gobierno de M\u00e9xico, la erradicaci\u00f3n de la violencia contra las mujeres forma parte de una estrategia prioritaria y permanente. Hizo un llamado a todos los involucrados a concurrir en este instrumento para hacerlo eficaz y enfrentar uno de los problemas m\u00e1s lacerantes de nuestra sociedad.<\/p>\n\n\n\n<p class=\"wp-block-paragraph\">No obstante, el ombudsperson Miguel Mora en su solicitud afirm\u00f3&nbsp;&nbsp;que la declaratoria de Alerta por s\u00ed sola no implica la disminuci\u00f3n de cr\u00edmenes cometidos en contra de las mujeres. Con base a experiencias de otras entidades, desde las declaratorias no se han observado bajas en los \u00edndices de feminicidios, por lo que es importante atender la causa estructural que los origina, para lo cual es fundamental un trabajo coordinado entre sociedad y gobierno, trabajando principalmente sobre la educaci\u00f3n y sobre la cultura en general, para restablecer el tejido social&nbsp;<\/p>\n\n\n\n<p class=\"wp-block-paragraph\">Durante su participaci\u00f3n, la comisionada Fabiola Alan\u00eds S\u00e1mano resalt\u00f3 que la resoluci\u00f3n que hoy se presenta contiene las medidas que deber\u00e1n ser implementadas de manera coordinada y con la suma de los esfuerzos de los tres \u00f3rdenes de gobierno y los tres poderes del estado de Baja California.<\/p>\n\n\n\n<p class=\"wp-block-paragraph\">\u201cA 14 a\u00f1os de la publicaci\u00f3n de la Ley General de Acceso de las Mujeres a una Vida Libre de Violencia se deben redoblar esfuerzos m\u00e1s all\u00e1 del trabajo ordinario, para prevenir, atender, sancionar y erradicar la violencia contra las mujeres\u201d, dijo.<\/p>\n\n\n\n<p class=\"wp-block-paragraph\">La resoluci\u00f3n de la declaratoria incluye las siguientes medidas: 10 de prevenci\u00f3n, 11 de seguridad, 13 de justicia y cinco de reparaci\u00f3n del da\u00f1o, un total de 39, las cuales marcan la ruta para la erradicaci\u00f3n de la violencia feminicida en el estado.&nbsp;<\/p>\n\n\n\n<p class=\"wp-block-paragraph\">Actualmente son 21 AVGM en 18 entidades federativas, con la emitida en Baja California, suman 22.<\/p>\n\n\n\n<p class=\"wp-block-paragraph\">A la declaratoria asistieron el gobernador de Baja California, Jaime Bonilla Valdez; el presidente del Tribunal Superior de Justicia y del Consejo de la Judicatura de Baja California, Alejandro Isaac Fragozo L\u00f3pez; la presidenta de la Mesa Directiva del Congreso local, Eva Gricelda Rodr\u00edguez; el fiscal general del estado de Baja California, Juan Guillermo Ruiz Hern\u00e1ndez, y el presidente de la Comisi\u00f3n Estatal de los Derechos Humanos, Miguel \u00c1ngel Mora Marrufo.<\/p>\n\n\n\n<p class=\"wp-block-paragraph\">As\u00ed como los presidentes municipales de San Quint\u00edn, Jorge Alberto L\u00f3pez Peralta; de Playas de Rosarito, Hilda Araceli Brown Figueredo; de Tijuana, Karla Patricia Ruiz Macfarland; de Tecate, Olga Zulema Adams Pereyra; de Mexicali, Mar\u00eda Guadalupe Mora Qui\u00f1onez, y de Ensenada, Armando Ayala Robles.<\/p>\n\n\n\n<p class=\"wp-block-paragraph\">Finalmente, la CEDHBC salud\u00f3 la iniciativa del Poder Ejecutivo de manifestar atender la AVG en caso de su procedencia, mismo compromiso reafirmado, en d\u00edas recientes, durante la instalaci\u00f3n del Sistema Estatal para la Prevenci\u00f3n, Atenci\u00f3n, Sanci\u00f3n y Erradicaci\u00f3n de la Violencia contra las Mujeres del que es parte el Organismo P\u00fablico Aut\u00f3nomo.<\/p>\n\n\n\n<figure class=\"wp-block-image size-large\"><a href=\"https:\/\/redsemlac.com\/semmexico\/wp-content\/uploads\/2021\/07\/WhatsApp-Image-2021-07-01-at-12.27.14-PM.jpeg\"><img decoding=\"async\" src=\"https:\/\/redsemlac.com\/semmexico\/wp-content\/uploads\/2021\/07\/WhatsApp-Image-2021-07-01-at-12.27.14-PM-1024x1024.jpeg\" alt=\"\" class=\"wp-image-37682\"\/><\/a><\/figure>\n","protected":false},"excerpt":{"rendered":"<p>Tijuana en el primer lugar nacional, por ello la eliminaci\u00f3n de todas las formas de violencia contra las mujeres tendr\u00eda que resolver lo estructural Ahora&nbsp;&nbsp;suman 22 alertas en 19 entidades&nbsp;&nbsp;del pa\u00eds,&nbsp;&nbsp;informa Fabiola Alan\u00eds S\u00e1mano Sara Lovera La Secretar\u00eda de Gobernaci\u00f3n, a trav\u00e9s de la Comisi\u00f3n Nacional para Prevenir y Erradicar la Violencia contra las Mujeres [&hellip;]<\/p>\n","protected":false},"author":3,"featured_media":37668,"comment_status":"open","ping_status":"open","sticky":false,"template":"","format":"standard","meta":{"_monsterinsights_skip_tracking":false,"footnotes":""},"categories":[692,51],"tags":[],"class_list":["post-37667","post","type-post","status-publish","format-standard","has-post-thumbnail","category-692","category-ejecutivo"],"_links":{"self":[{"href":"https:\/\/redsemlac.com\/semmexico\/wp-json\/wp\/v2\/posts\/37667","targetHints":{"allow":["GET"]}}],"collection":[{"href":"https:\/\/redsemlac.com\/semmexico\/wp-json\/wp\/v2\/posts"}],"about":[{"href":"https:\/\/redsemlac.com\/semmexico\/wp-json\/wp\/v2\/types\/post"}],"author":[{"embeddable":true,"href":"https:\/\/redsemlac.com\/semmexico\/wp-json\/wp\/v2\/users\/3"}],"replies":[{"embeddable":true,"href":"https:\/\/redsemlac.com\/semmexico\/wp-json\/wp\/v2\/comments?post=37667"}],"version-history":[{"count":0,"href":"https:\/\/redsemlac.com\/semmexico\/wp-json\/wp\/v2\/posts\/37667\/revisions"}],"wp:featuredmedia":[{"embeddable":true,"href":"https:\/\/redsemlac.com\/semmexico\/wp-json\/wp\/v2\/media\/37668"}],"wp:attachment":[{"href":"https:\/\/redsemlac.com\/semmexico\/wp-json\/wp\/v2\/media?parent=37667"}],"wp:term":[{"taxonomy":"category","embeddable":true,"href":"https:\/\/redsemlac.com\/semmexico\/wp-json\/wp\/v2\/categories?post=37667"},{"taxonomy":"post_tag","embeddable":true,"href":"https:\/\/redsemlac.com\/semmexico\/wp-json\/wp\/v2\/tags?post=37667"}],"curies":[{"name":"wp","href":"https:\/\/api.w.org\/{rel}","templated":true}]}}