{"id":37663,"date":"2021-07-01T10:48:21","date_gmt":"2021-07-01T16:48:21","guid":{"rendered":"https:\/\/redsemlac.com\/semmexico\/?p=37663"},"modified":"2023-07-21T17:03:38","modified_gmt":"2023-07-21T22:03:38","slug":"un-botin-llamado-pri","status":"publish","type":"post","link":"https:\/\/redsemlac.com\/semmexico\/un-botin-llamado-pri\/","title":{"rendered":"Un bot\u00edn llamado PRI"},"content":{"rendered":"\n<p class=\"wp-block-paragraph\"><strong>Mois\u00e9s S\u00e1nchez Lim\u00f3n<\/strong><\/p>\n\n\n\n<p class=\"wp-block-paragraph\">SemM\u00e9xico, Cd. de M\u00e9xico, 1\u00ba. de julio, 2021.- \u00bfAlguien sabe qu\u00e9 ocurre en el Partido Revolucionario Institucional?<\/p>\n\n\n\n<p class=\"wp-block-paragraph\">\u00bfPor qu\u00e9 Ulises Ruiz y Nallely Guti\u00e9rrez Gij\u00f3n fueron acusados ante la Fiscal\u00eda General de la Rep\u00fablica por la presunta comisi\u00f3n de los delitos de asociaci\u00f3n delictuosa, secuestro, portaci\u00f3n de arma de fuego de uso exclusivo del Ej\u00e9rcito y despojo en perjuicio del PRI?<\/p>\n\n\n\n<p class=\"wp-block-paragraph\">\u00a1Caray! Qui\u00e9n se hubiera imaginado que el otrora poderoso PRI llegara a la secci\u00f3n policiaca porque sus divergencias superaron el \u00e1mbito de la discrepancia pol\u00edtica y mostraron al electorado que no se equivoc\u00f3 cuando en tres ocasiones le neg\u00f3 el voto y provoc\u00f3 que perdiera la Presidencia de la Rep\u00fablica.<\/p>\n\n\n\n<p class=\"wp-block-paragraph\">Recuerdo a Roberto Madrazo Pintado en aquellos d\u00edas de la campa\u00f1a electoral de Jos\u00e9 L\u00f3pez Portillo a la Presidencia de la Rep\u00fablica, a la cabeza de las denominadas Brigadas del Camino, en las que participaban j\u00f3venes que luego se encumbrar\u00edan en el poder p\u00fablico y olvidar\u00edan los tiempos de recorrer el pa\u00eds con la oferta de un M\u00e9xico democr\u00e1tico, pr\u00f3spero y en el combate a la pobreza, por citar algunos slogans.<\/p>\n\n\n\n<p class=\"wp-block-paragraph\">De esos d\u00edas la vigencia de, por ejemplo, Carlos Flores Rico, la hoy senadora Beatriz Paredes Rangel y la presidenta de la Mesa Directiva de la C\u00e1mara de Diputados, Dulce Mar\u00eda Sauri Riancho, respetadas y respetables pol\u00edticas que le han dado lustre al PRI. Incluso el retorno de Augusto G\u00f3mez Villanueva como diputado plurinominal electo a la LXV Legislatura Federal, en plenitud de los 91 a\u00f1os de edad.<\/p>\n\n\n\n<p class=\"wp-block-paragraph\">Y mire usted, aludo a Roberto Madrazo porque creci\u00f3 en la disciplina priista pero la ambici\u00f3n de poder deriv\u00f3 en la segunda derrota del PRI en la contienda por la Presidencia de la Rep\u00fablica, cuando secuestr\u00f3 al partido y logr\u00f3 la complicidad de un pu\u00f1ado de influyentes priistas para ungirse candidato presidencial.<\/p>\n\n\n\n<p class=\"wp-block-paragraph\">La derrota en las urnas, en 2006, envi\u00f3 al poderoso tricolor al tercer sitio como fuerza pol\u00edtica en el pa\u00eds.<\/p>\n\n\n\n<p class=\"wp-block-paragraph\">Luego, Enrique Pe\u00f1a Nieto, impulsado por una asociaci\u00f3n de intereses endilgados al grupo Atlacomulco, devolvi\u00f3 al Revolucionario Institucional ese vigor de la aplanadora pol\u00edtica, pero la corrupci\u00f3n y el juego de intereses personales, bordados con las dizque fuerzas de la izquierda derivaron en la derrota frente al Consorcio Morena que llev\u00f3, finalmente, a Andr\u00e9s Manuel L\u00f3pez Obrador a la Presidencia de la Rep\u00fablica.<\/p>\n\n\n\n<p class=\"wp-block-paragraph\">Y el PRI se desdibuj\u00f3 y las mismas fuerzas que echaron del escenario partidista a personajes experimentados como Manlio Fabio Beltrones, procedieron a esa mascarada que logr\u00f3 instalar en la presidencia del Comit\u00e9 Ejecutivo Nacional a Alejandro Moreno C\u00e1rdenas, quien pidi\u00f3 licencia al cargo de gobernador de Campeche y rindi\u00f3 protesta al frente del partidazo.<\/p>\n\n\n\n<p class=\"wp-block-paragraph\">\u00bfD\u00f3nde y qui\u00e9nes negociaron la derrota del PRI en los comicios del 2 de julio del a\u00f1o 2000? \u00bfPor qu\u00e9 la decisi\u00f3n de Ernesto Zedillo de dejar en la orfandad al tricolor con aquello de la sana distancia? \u00bfEra obligada la \u201ctransici\u00f3n\u201d para dejar en la Presidencia a un inexperto y locuaz pol\u00edtico emergente como Vicente Fox Quesada?<\/p>\n\n\n\n<p class=\"wp-block-paragraph\">En esa misma l\u00ednea vale preguntar por qu\u00e9 Roberto Madrazo sucumbi\u00f3 al sue\u00f1o de opio y logr\u00f3 respaldo del priismo encumbrado para secuestrar al partido y, con clara desventaja, ungirse candidato a la Presidencia.<\/p>\n\n\n\n<p class=\"wp-block-paragraph\">\u00bfPor qu\u00e9 el hijo de Carlos Alberto Madrazo Becerra lejos de honrar a la memoria de su padre quien busc\u00f3 la democratizaci\u00f3n del PRI, se sum\u00f3 a esa pl\u00e9yade pol\u00edtica que hizo del partido un bot\u00edn sexenal?<\/p>\n\n\n\n<p class=\"wp-block-paragraph\">Recordemos. Carlos Alberto Madrazo Becerra muri\u00f3 en un \u201caccidente\u201d de aviaci\u00f3n el 4 de julio de 1969 bajo sospecha de haber sido provocado por su activismo que contrariaba a las fuerzas pol\u00edticas que, entonces, comandaba el presidente Gustavo D\u00edaz Ordaz en calidad del \u201cprimer priista de la naci\u00f3n\u201d.<\/p>\n\n\n\n<p class=\"wp-block-paragraph\">\u00bfQui\u00e9n o qui\u00e9nes ordenaron instalar una bomba en la aeronave en que viajaba Alberto Madrazo con su esposa, entre los pasajeros del Boeing 727X-SEC de Mexicana de Aviaci\u00f3n que cubr\u00eda el vuelo 704 y, tras la explosi\u00f3n, se estrell\u00f3 en el cerro conocido como Tres Picos en la sierra del Frayle, pr\u00f3ximo a Monterrey, Nuevo Le\u00f3n?<\/p>\n\n\n\n<p class=\"wp-block-paragraph\">Las prisas, incluso de D\u00edaz Ordaz, por calificar a ese atentado como un accidente dejaron abierta la sospecha del atentado, es decir, de asesinar a Madrazo Becerra para quitarlo del escenario y evitar que lograra la candidatura del PRI a la Presidencia de la Rep\u00fablica.<\/p>\n\n\n\n<p class=\"wp-block-paragraph\">La lucha por el poder no var\u00eda, siempre tendr\u00e1 el mismo motivo: el poder por encima de lo que sea.<\/p>\n\n\n\n<p class=\"wp-block-paragraph\">As\u00ed, una pregunta contempor\u00e1nea m\u00e1s. \u00bfPor qu\u00e9 esa mascarada dizque democr\u00e1tica que llev\u00f3 a Alejandro Moreno C\u00e1rdenas a la dirigencia nacional del PRI?<\/p>\n\n\n\n<p class=\"wp-block-paragraph\">La alusi\u00f3n al caso Madrazo tiene valor frente a lo que acontece en el seno del tricolor, es decir, c\u00f3mo la disputa por el bot\u00edn llamado PRI puede llegar a los extremos del asesinato, el ajuste de cuentas y la rebeli\u00f3n que siempre tendr\u00e1 la sospecha de la manipulaci\u00f3n y el riego financiero, es decir, el reparto de dinero.<\/p>\n\n\n\n<p class=\"wp-block-paragraph\">Bien. La movilizaci\u00f3n de protesta contra la dirigencia nacional priista no es nueva, pero en el caso de Alito tiene un ingrediente fundamental: la derrota en la urnas el pasado 6 de junio que dej\u00f3 el tufo de un arreglo personal, aunque la alianza con el PRD y el PAN otorg\u00f3 al campechano la calidad de dem\u00f3crata, aunque en su gesti\u00f3n perdi\u00f3 hasta el gobierno de su estado, con un candidato impresentable que, f\u00edjese usted, es su sobrino.<\/p>\n\n\n\n<p class=\"wp-block-paragraph\">Adem\u00e1s, Alito ha dejado correr la versi\u00f3n de que buscar\u00e1 la candidatura del PRI a la Presidencia de la Rep\u00fablica en el a\u00f1o 2024 y que su postura anti L\u00f3pez Obrador obedece a la estrategia contestataria de la descalificaci\u00f3n sin propuesta.<\/p>\n\n\n\n<p class=\"wp-block-paragraph\">As\u00ed, Alito no se diferencia de Madrazo en el uso personal del poder en la dirigencia del PRI, el secuestro del partido con el uso, valga la expresi\u00f3n, de los pocos priistas con lustre, experiencia y credibilidad que le quedan y que, por tanto, no pod\u00edan callar frente a la movilizaci\u00f3n encabezada por Ulises Ruiz, ex gobernador de Oaxaca y enemigo pol\u00edtico de Jos\u00e9 Murat Casab, tambi\u00e9n ex gobernador de Oaxaca y, \u00a1vaya casualidad!, asesor de Alito Moreno C\u00e1rdenas, padre del actual gobernador oaxaque\u00f1o y de un diputado plurinominal electo, ambos priistas.<\/p>\n\n\n\n<p class=\"wp-block-paragraph\">El nombre de Jos\u00e9 Murat, actual presidente de la Fundaci\u00f3n Colosio, aparece en diferentes etapas de la historia contempor\u00e1nea de la pol\u00edtica en M\u00e9xico, desde aquella huida del entonces presidente Luis Echeverr\u00eda de la facultad de Medicina de la UNAM y del propio campus universitario, hasta el escenario de Lomas Taurinas donde fue asesinado Luis Donaldo Colosio.<\/p>\n\n\n\n<p class=\"wp-block-paragraph\">\u00bfLo que ocurre en el PRI es disputa personal de Ulises Ruiz y Jos\u00e9 Murat? Nada sorprende porque el PRI ha sido, desde su fundaci\u00f3n, el bot\u00edn pol\u00edtico de los gobernantes en turno, los l\u00edderes morales o mejor conocidos como \u201cprimeros priistas de M\u00e9xico\u201d, como se llam\u00f3 a los presidentes de la rep\u00fablica, hasta que Ernesto Zedillo se deslind\u00f3. Porque nunca fue priista. &nbsp;<\/p>\n\n\n\n<p class=\"wp-block-paragraph\">En fin, las im\u00e1genes del enfrentamiento entre priistas, unos que responden al jefe en turno y, otros, al que disputa esa dirigencia y demanda la dimisi\u00f3n del due\u00f1o del partido, quien junto con su equipazo se reparti\u00f3 candidaturas y garantiz\u00f3 diputaciones federales a familiares y amigotes.<\/p>\n\n\n\n<p class=\"wp-block-paragraph\">\u00bfQu\u00e9 futuro tiene el PRI como oposici\u00f3n para recuperar la Presidencia de M\u00e9xico en 2024? Como se observa, su futuro se imagina como sat\u00e9lite de Morena y, en su mejor caso, aliado para impulsar a quien sea el candidato presidencial del PAN. Lamentable papelazo, deplorable y vulgar disputa por ese bot\u00edn pol\u00edtico.<\/p>\n\n\n\n<p class=\"wp-block-paragraph\"><strong>Y, bueno, a la bancada del PRI en la C\u00e1mara de Diputados, no quedaba m\u00e1s que respaldar a su dirigente partidista, am\u00e9n de proponer lo que debieron haber propuesto desde hace rato. Leamos.<\/strong><\/p>\n\n\n\n<p class=\"wp-block-paragraph\">Por eso, mediante comunicado, manifestaron: \u201crechazamos de forma contundente y condenamos la violencia que se present\u00f3 en las inmediaciones de nuestro partido. Exigimos a las autoridades competentes que investiguen los hechos y se castigue a los responsables. Consideramos que la confrontaci\u00f3n en ning\u00fan contexto, es la v\u00eda para dirimir y resolver las diferencias.<\/p>\n\n\n\n<p class=\"wp-block-paragraph\">\u201cManifestamos nuestro absoluto respaldo a la dirigencia nacional del partido encabezada por Alejandro Moreno como presidente y Carolina Viggiano como Secretaria General, y confiamos en su disposici\u00f3n para la apertura de espacios de di\u00e1logo y discusi\u00f3n sobre el presente y futuro de nuestro instituto pol\u00edtico\u201d.<\/p>\n\n\n\n<p class=\"wp-block-paragraph\">Y se fueron al punto que suena a tard\u00eda convocatoria:<\/p>\n\n\n\n<p class=\"wp-block-paragraph\">\u201cHoy m\u00e1s que nunca requerimos de la inclusi\u00f3n y la unidad interna, pues esa es la \u00fanica v\u00eda para consolidar una oferta pol\u00edtica de oposici\u00f3n s\u00f3lida, que nos permita poner un freno a un gobierno que destruye instituciones, vulnera la democracia y el orden constitucional, al tiempo que est\u00e1 llevando al pa\u00eds a una profunda crisis econ\u00f3mica y social\u201d.<\/p>\n\n\n\n<p class=\"wp-block-paragraph\">\u00a1Caray! Alito \u2013por cierto diputado federal plurinominal electo&#8211; debi\u00f3 haber atendido esa postura de los diputados del PRI para salvar al PRI y demostrar que es dirigente nacional del PRI, antes de presentar una denuncia penal, ante la FGR, contra&nbsp;Nallely Guti\u00e9rrez Gij\u00f3n y Ulises Ruiz.<\/p>\n\n\n\n<p class=\"wp-block-paragraph\">\u00bfAlito, es presidente del PRI o un bravuc\u00f3n que atiende negociaciones con Morena, como lo acusan? Por supuesto, esta ri\u00f1a pol\u00edtica no es entre hermanas de la caridad pero, \u00bfel priismo se merece a estos sedicentes l\u00edderes? La sospecha de oscuros acuerdos y de la mascarada ha acompa\u00f1ado al PRI en toda su historia.<\/p>\n\n\n\n<p class=\"wp-block-paragraph\">Pero, hoy, tiene una implicaci\u00f3n mayor: la conversi\u00f3n del que fuera poderoso partido hegem\u00f3nico en un pati\u00f1o de sedicente oposici\u00f3n. Conste.<\/p>\n\n\n\n<p class=\"wp-block-paragraph\"><a href=\"mailto:sanchezzlimon@gmail.com\" target=\"_blank\" rel=\"noreferrer noopener\">sanchezzlimon@gmail.com<\/a><\/p>\n\n\n\n<p class=\"wp-block-paragraph\"><a href=\"http:\/\/www.entresemana.mx\/\" target=\"_blank\" rel=\"noreferrer noopener\">www.entresemana.mx<\/a><\/p>\n\n\n\n<p class=\"wp-block-paragraph\"><strong>@msanchezlimon @msanchzlimon1<\/strong><\/p>\n","protected":false},"excerpt":{"rendered":"<p>Mois\u00e9s S\u00e1nchez Lim\u00f3n SemM\u00e9xico, Cd. de M\u00e9xico, 1\u00ba. de julio, 2021.- \u00bfAlguien sabe qu\u00e9 ocurre en el Partido Revolucionario Institucional? \u00bfPor qu\u00e9 Ulises Ruiz y Nallely Guti\u00e9rrez Gij\u00f3n fueron acusados ante la Fiscal\u00eda General de la Rep\u00fablica por la presunta comisi\u00f3n de los delitos de asociaci\u00f3n delictuosa, secuestro, portaci\u00f3n de arma de fuego de uso [&hellip;]<\/p>\n","protected":false},"author":3,"featured_media":15805,"comment_status":"open","ping_status":"open","sticky":false,"template":"","format":"standard","meta":{"_monsterinsights_skip_tracking":false,"footnotes":""},"categories":[692,105,83,35],"tags":[],"class_list":["post-37663","post","type-post","status-publish","format-standard","has-post-thumbnail","category-692","category-entresemana","category-moises-sanchez-limon","category-opinion"],"_links":{"self":[{"href":"https:\/\/redsemlac.com\/semmexico\/wp-json\/wp\/v2\/posts\/37663","targetHints":{"allow":["GET"]}}],"collection":[{"href":"https:\/\/redsemlac.com\/semmexico\/wp-json\/wp\/v2\/posts"}],"about":[{"href":"https:\/\/redsemlac.com\/semmexico\/wp-json\/wp\/v2\/types\/post"}],"author":[{"embeddable":true,"href":"https:\/\/redsemlac.com\/semmexico\/wp-json\/wp\/v2\/users\/3"}],"replies":[{"embeddable":true,"href":"https:\/\/redsemlac.com\/semmexico\/wp-json\/wp\/v2\/comments?post=37663"}],"version-history":[{"count":0,"href":"https:\/\/redsemlac.com\/semmexico\/wp-json\/wp\/v2\/posts\/37663\/revisions"}],"wp:featuredmedia":[{"embeddable":true,"href":"https:\/\/redsemlac.com\/semmexico\/wp-json\/wp\/v2\/media\/15805"}],"wp:attachment":[{"href":"https:\/\/redsemlac.com\/semmexico\/wp-json\/wp\/v2\/media?parent=37663"}],"wp:term":[{"taxonomy":"category","embeddable":true,"href":"https:\/\/redsemlac.com\/semmexico\/wp-json\/wp\/v2\/categories?post=37663"},{"taxonomy":"post_tag","embeddable":true,"href":"https:\/\/redsemlac.com\/semmexico\/wp-json\/wp\/v2\/tags?post=37663"}],"curies":[{"name":"wp","href":"https:\/\/api.w.org\/{rel}","templated":true}]}}