{"id":37660,"date":"2021-07-01T10:46:27","date_gmt":"2021-07-01T16:46:27","guid":{"rendered":"https:\/\/redsemlac.com\/semmexico\/?p=37660"},"modified":"2023-07-21T17:03:38","modified_gmt":"2023-07-21T22:03:38","slug":"tener-el-25-por-ciento-del-poder-no-es-igualdad-phumzile-mlambo-ngcuka","status":"publish","type":"post","link":"https:\/\/redsemlac.com\/semmexico\/tener-el-25-por-ciento-del-poder-no-es-igualdad-phumzile-mlambo-ngcuka\/","title":{"rendered":"Tener el 25 por  ciento del poder no es igualdad: Phumzile Mlambo-Ngcuka"},"content":{"rendered":"\n<p class=\"wp-block-paragraph\">Anuncian inversiones de miles de millones de d\u00f3lares para invertir en la igualdad<\/p>\n\n\n\n<p class=\"wp-block-paragraph\">Un plan de acci\u00f3n de&nbsp;&nbsp;5 a\u00f1os&nbsp;&nbsp;dirigidos por seis Coaliciones para la Acci\u00f3n y un Pacto para las Mujeres, la Paz y la Seguridad y la Acci\u00f3n Humanitaria<\/p>\n\n\n\n<p class=\"wp-block-paragraph\">Elda Montiel<\/p>\n\n\n\n<p class=\"wp-block-paragraph\">SemM\u00e9xico, Cd. de M\u00e9xico, 30 de junio 2021.-&nbsp;La directora ejecutiva de ONU-Mujeres, Phumzile Mlambo-Ngcuka, denunci\u00f3 que \u201clas mujeres en todas las partes del mundo est\u00e1n siendo arrinconadas en una peque\u00f1a esquina\u201d.<\/p>\n\n\n\n<p class=\"wp-block-paragraph\">Expres\u00f3 que las mujeres representan una cuarta parte de los puestos de decisi\u00f3n,&nbsp;&nbsp;eso no es igualdad, espet\u00f3, y dijo la igualdad es la mitad, donde mujeres y hombres comparten realmente el poder y la responsabilidad.<\/p>\n\n\n\n<p class=\"wp-block-paragraph\">As\u00ed lo dijo al&nbsp;&nbsp;participar en el Foro Igualdad Generaci\u00f3n en Par\u00eds, Francia, trasmitida virtualmente, en la que hablaron las y los personajes m\u00e1s distinguidos en la lucha por la igualdad en el mundo, incluida la vice presidenta de los Estados Unidos y la canciller \u00c1ngela Merker&nbsp;<\/p>\n\n\n\n<p class=\"wp-block-paragraph\">El presidente de Francia Emmanuel Macrom se refiri\u00f3 que \u201cHay fuerzas reaccionarias, patriarcales, que intentan recuperar el poder de una forma que podr\u00edamos llamar una internacional del conservadurismo, y quieren cuestionar d\u00e9cadas de logros\u201d.<\/p>\n\n\n\n<p class=\"wp-block-paragraph\">Enfatiz\u00f3 que se van a escuchar las voces de quienes llevan a cabo la lucha por la igualdad y tambi\u00e9n se va a actuar de forma concreta. No nos rendiremos. Este foro debe ser el foro de los resultados concretos.&nbsp;<\/p>\n\n\n\n<p class=\"wp-block-paragraph\">El secretario general de la ONU, Antonio Guterres, hizo un llamado a conseguir recursos para equilibrar las relaciones de poder entre los g\u00e9neros, \u201cuna cuesti\u00f3n de poder en un mundo dominado por los hombres y con una cultura patriarcal\u201d.<\/p>\n\n\n\n<p class=\"wp-block-paragraph\">Mientras que la vicepresidenta de Estados Unidos, Kamala Harris aseguro que \u201cSi queremos reforzar la democracia, tenemos que luchar por la igualdad de g\u00e9nero. Porque la democracia es m\u00e1s fuerte cuando todos participan y m\u00e1s d\u00e9bil cuando la gente queda marginada\u201d. Tanto la participaci\u00f3n de Kamala Harris como la presidente de M\u00e9xico, Andr\u00e9s Manuel L\u00f3pez Obrador fue de manera remota.<\/p>\n\n\n\n<p class=\"wp-block-paragraph\">Hillary Clinton, exsecretaria de Estado norteamericana, reconoci\u00f3 que los avances que se est\u00e1n logrando en el Foro Generaci\u00f3n Igualdad son un gran avance, pero no son suficientes por lo que llamo a las mujeres a tomar m\u00e1s poder de decisi\u00f3n, porque los derechos sin poder no sirven de mucho.&nbsp;<\/p>\n\n\n\n<p class=\"wp-block-paragraph\">Hace 26 a\u00f1os Hillary Clinton lanz\u00f3 la frase \u201clos derechos de las mujeres son derechos humanos\u201d en la \u00faltima conferencia mundial de las mujeres en Pek\u00edn.&nbsp;&nbsp;<\/p>\n\n\n\n<p class=\"wp-block-paragraph\">Phumzile Mlambo-Ngcuka anunci\u00f3 que&nbsp;los Estados miembros, el sector privado y otros actores internacionales asumieron cerca de mil compromisos para cambiar la vida de las mujeres,&nbsp;entre otras cosas cambiando las pol\u00edticas e inform\u00f3 que los pa\u00edses del Sur Global, las organizaciones regionales,los j\u00f3venes y los grupos de la sociedad civil \u201cdieron un paso adelante\u201d recaudando 40 mil&nbsp;&nbsp;millones de d\u00f3lares<strong>,<\/strong>&nbsp;para empezar.<\/p>\n\n\n\n<p class=\"wp-block-paragraph\">Por su parte, la canciller \u00c1ngela Merkel declar\u00f3 que Alemania invertir\u00eda 140 millones de euros adicionales, mientras que la Fundaci\u00f3n Bill y Melinda Gates aportar\u00e1 2 mil 100 millones de d\u00f3lares para promover la igualdad de g\u00e9nero a nivel global, y de estos 1,400 millones se destinaran a programas de derechos reproductivos.&nbsp;<\/p>\n\n\n\n<p class=\"wp-block-paragraph\">El Banco Mundial se ha comprometido a financiar programas para la \u201cautonom\u00eda econ\u00f3mica de las mujeres\u201d en el \u00c1frica subsahariana por 10.000 millones m\u00e1s. Estados Unidos inform\u00f3 que dedicar\u00e1 12.000 millones de d\u00f3lares en los pr\u00f3ximos cinco a\u00f1os a promover el empresariado femenino. Francia, por su parte ha anunciado que, hasta 2022, se establecer\u00e1 como regla que al menos el 50% de su ayuda p\u00fablica al desarrollo vaya a proyectos cuyo objetivo principal sea la igualdad entre mujeres y hombres.<\/p>\n\n\n\n<p class=\"wp-block-paragraph\">El Foro Generaci\u00f3n Igualdad convocado por ONU Mujeres y auspiciado conjuntamente por los gobiernos de M\u00e9xico y Francia marca el inicio de una trayectoria de medidas que se llevar\u00e1n a cabo durante 5 a\u00f1os y que estar\u00e1n dirigidas por seis Coaliciones para la Acci\u00f3n y un Pacto para las Mujeres, la Paz y la Seguridad y la Acci\u00f3n Humanitaria.&nbsp;<\/p>\n\n\n\n<p class=\"wp-block-paragraph\">El Foro se puso en marcha en la ciudad de M\u00e9xico en marzo del 2021 y culmina en Par\u00eds del 30 de junio al 2 de julio de 2021.&nbsp;<\/p>\n","protected":false},"excerpt":{"rendered":"<p>Anuncian inversiones de miles de millones de d\u00f3lares para invertir en la igualdad Un plan de acci\u00f3n de&nbsp;&nbsp;5 a\u00f1os&nbsp;&nbsp;dirigidos por seis Coaliciones para la Acci\u00f3n y un Pacto para las Mujeres, la Paz y la Seguridad y la Acci\u00f3n Humanitaria Elda Montiel SemM\u00e9xico, Cd. de M\u00e9xico, 30 de junio 2021.-&nbsp;La directora ejecutiva de ONU-Mujeres, Phumzile [&hellip;]<\/p>\n","protected":false},"author":3,"featured_media":37661,"comment_status":"open","ping_status":"open","sticky":false,"template":"","format":"standard","meta":{"_monsterinsights_skip_tracking":false,"footnotes":""},"categories":[692,53],"tags":[],"class_list":["post-37660","post","type-post","status-publish","format-standard","has-post-thumbnail","category-692","category-internacional"],"_links":{"self":[{"href":"https:\/\/redsemlac.com\/semmexico\/wp-json\/wp\/v2\/posts\/37660","targetHints":{"allow":["GET"]}}],"collection":[{"href":"https:\/\/redsemlac.com\/semmexico\/wp-json\/wp\/v2\/posts"}],"about":[{"href":"https:\/\/redsemlac.com\/semmexico\/wp-json\/wp\/v2\/types\/post"}],"author":[{"embeddable":true,"href":"https:\/\/redsemlac.com\/semmexico\/wp-json\/wp\/v2\/users\/3"}],"replies":[{"embeddable":true,"href":"https:\/\/redsemlac.com\/semmexico\/wp-json\/wp\/v2\/comments?post=37660"}],"version-history":[{"count":0,"href":"https:\/\/redsemlac.com\/semmexico\/wp-json\/wp\/v2\/posts\/37660\/revisions"}],"wp:featuredmedia":[{"embeddable":true,"href":"https:\/\/redsemlac.com\/semmexico\/wp-json\/wp\/v2\/media\/37661"}],"wp:attachment":[{"href":"https:\/\/redsemlac.com\/semmexico\/wp-json\/wp\/v2\/media?parent=37660"}],"wp:term":[{"taxonomy":"category","embeddable":true,"href":"https:\/\/redsemlac.com\/semmexico\/wp-json\/wp\/v2\/categories?post=37660"},{"taxonomy":"post_tag","embeddable":true,"href":"https:\/\/redsemlac.com\/semmexico\/wp-json\/wp\/v2\/tags?post=37660"}],"curies":[{"name":"wp","href":"https:\/\/api.w.org\/{rel}","templated":true}]}}