{"id":37657,"date":"2021-07-01T10:43:05","date_gmt":"2021-07-01T16:43:05","guid":{"rendered":"https:\/\/redsemlac.com\/semmexico\/?p=37657"},"modified":"2023-07-21T17:03:38","modified_gmt":"2023-07-21T22:03:38","slug":"promover-la-lectura-estimular-a-cuentistas-y-poetas","status":"publish","type":"post","link":"https:\/\/redsemlac.com\/semmexico\/promover-la-lectura-estimular-a-cuentistas-y-poetas\/","title":{"rendered":"Promover la Lectura, Estimular a Cuentistas y Poetas"},"content":{"rendered":"\n<p class=\"wp-block-paragraph\"><strong>Jorge Herrera Valenzuela&nbsp;<\/strong><\/p>\n\n\n\n<p class=\"wp-block-paragraph\"><strong>POR IRRESPONSABLES, HAY CIENTOS DE CONTAGIADOS COVID 19<\/strong><\/p>\n\n\n\n<p class=\"wp-block-paragraph\">SemM\u00e9xico, Cd. de M\u00e9xico, 1\u00ba. de julio, 2021.- Una de las m\u00e1s nobles y emotivas tareas que no se ha perdido, a pesar de no contar con apoyos, oficial y privado, se realiza en la Ciudad de M\u00e9xico y tiene proyecci\u00f3n nacional en los rincones literarios, en talleres de lectura y de ense\u00f1anza para aspirantes a cuentistas, a escritores de diversa tem\u00e1tica, as\u00ed como a los amantes de la poes\u00eda. Crear el h\u00e1bito de la lectura, impulsarlo en los hogares como anta\u00f1o, implantarlo como obligatorio en las aulas, es soluci\u00f3n a m\u00faltiples problemas socio-culturales que padecemos desde hace a\u00f1os. Es tarea de padres de familia.<\/p>\n\n\n\n<p class=\"wp-block-paragraph\">A trav\u00e9s de las invitaciones de la escritora&nbsp;<strong>Esther V\u00e1zquez Ramos<\/strong>&nbsp;he conocido dos de los talleres literarios, cuyas actividades arrojan ya resultados positivos e inclusive los trabajos, narraciones de aspectos diversos de la vida cotidiana, la entrega de cuentos y la revelaci\u00f3n de nuevos poetas. La participaci\u00f3n de los adultos, mujeres y hombres, supera a la de los j\u00f3venes, por falta de m\u00e1s efectiva comunicaci\u00f3n y ese es uno de los prop\u00f3sitos de mi comentario relacionado con el libro \u201cprimog\u00e9nito\u201d de Tet\u00e9.<\/p>\n\n\n\n<p class=\"wp-block-paragraph\">Como una especie de pr\u00f3logo, para estar a tono con el tema, debo comentarles que al iniciarse el Siglo XXI cristaliz\u00f3 la idea de la extraodinaria reportera<strong>&nbsp;Noem\u00ed Atamoros Zeller&nbsp;<\/strong>para agrupar a sus amigas, colegas y conocidas, en la&nbsp;<strong>Asociaci\u00f3n de Escritores Tirant lo Blanc M\u00e9xico<\/strong>, estableciendo su sede y patrocinio en el<strong>Orfe\u00f3 Catal\u00e1 de M\u00e9xic<\/strong>. Y se dice r\u00e1pido, ya llevan m\u00e1s de 33 antolog\u00edas publicadas. Significativa aportaci\u00f3n a la literatura mexicana que ya trascendi\u00f3 nuestras fronteras. Lleg\u00f3 a Espa\u00f1a, como paso inicial. Do\u00f1a Noem\u00ed recibi\u00f3 reconocimientos premios por sus interesantes entrevistas y trascendentes reportajes en la \u00c9poca de&nbsp;&nbsp;Oro del diario Exc\u00e9lsior, d\u00e1ndole vida a las p\u00e1ginas de la Secci\u00f3n B.<\/p>\n\n\n\n<p class=\"wp-block-paragraph\">En el desarrollo de los trabajos participan todas las socias y tanto Noem\u00ed como Tet\u00e9&nbsp;&nbsp;han coordinado la compilaci\u00f3n de los trabajos, el dise\u00f1o del formato, la presentaci\u00f3n de la portada, producto de la creatividad de&nbsp;<strong>Alicia Moneny<\/strong>.&nbsp;&nbsp;En forma entusiasta celebran la presentaci\u00f3n de cada libro antol\u00f3gico.&nbsp;<\/p>\n\n\n\n<p class=\"wp-block-paragraph\">Antes del ataque pand\u00e9mico que sufrimos, Esther&nbsp;&nbsp;me invit\u00f3 a la presentaci\u00f3n de un libro (<strong>Deseos\u2026 dudas, recuerdos<\/strong>), una antolog\u00eda del&nbsp;<strong>Taller de Proyectos Literarios<\/strong>. El pr\u00f3logo en pocas l\u00edneas nos explica que \u201cEsta es una antolog\u00eda rica en voces, en los que se incluyen textos con formaciones diversas tonos variopintos y experiencias literarias disimiles. Algunos textos son totalmente autobiogr\u00e1ficos, otros lo son como textos sin intenci\u00f3n; y de los otros\u2026nunca lo sabremos\u201d.<\/p>\n\n\n\n<p class=\"wp-block-paragraph\">Esa edici\u00f3n tiene una novedad, pues solo participa un hombre al lado de diez mujeres y entre ellas est\u00e1 la maestra&nbsp;<strong>Charlotte Carranza Ju\u00e1rez<\/strong>, cuya vocaci\u00f3n, conocimientos y paciencia comparte con su grupo, donde la admiraci\u00f3n, reconocimiento y respeto son sus mejores recompensas. A este Taller mi estimada Tet\u00e9 se uni\u00f3 hace apenas tres a\u00f1os y dice estar muy feliz como con sus veteranas compa\u00f1eras del Orfe\u00f3 Catal\u00e1 de Mexic.<\/p>\n\n\n\n<p class=\"wp-block-paragraph\"><strong>EL PRIMOG\u00c9NITO DE TET\u00c9<\/strong><\/p>\n\n\n\n<p class=\"wp-block-paragraph\">Al paso de los d\u00edas, semanas, meses y hasta a\u00f1os, se lanza el \u201cal fin, termin\u00e9 y tener en las manos el libro, mi hijo, que revisamos una vez, otra, otra y otra, se equipara al momento que una mam\u00e1 trae a este mundo al beb\u00e9, al primero, al primog\u00e9nito\u201d. Sonrisas, abrazos, felicidad. La diferencia entre uno y otro nacimientos, es que el libro es obra de una sola persona, aun cuando tenga auxiliares, correctores, presentadores y publicistas, adem\u00e1s de los cr\u00edticos anticipados que nunca faltan. Para el libro, mam\u00e1 y pap\u00e1.&nbsp;<\/p>\n\n\n\n<p class=\"wp-block-paragraph\">\u201cEl lunes 15 de febrero pasado, escribi\u00f3 Esther V\u00e1zquez Ramos, la emoci\u00f3n y el festejo por este hijo, bienvenido, dentro de festejos y comentarios, recib\u00ed la llamada de mi maestro, amigo y periodista (su servidor) que como tal, me pregunt\u00f3 \u201c<strong>porqu\u00e9, para qu\u00e9 o para qui\u00e9n hab\u00eda escrito este libro<\/strong>\u201d.<\/p>\n\n\n\n<p class=\"wp-block-paragraph\">Habl\u00e1bamos del \u201cbautizado\u201d como \u201c<strong>Yo y la Cultura\u2026una aventura entre letras<\/strong>\u201d.&nbsp;<\/p>\n\n\n\n<p class=\"wp-block-paragraph\">\u201cBueno, pensando en voz alta, espero que este libro llene un hueco faltante entre nosotros&nbsp;<strong>Los Mediadores de Lectura<\/strong>.<\/p>\n\n\n\n<p class=\"wp-block-paragraph\">&#8211;Por favor Tet\u00e9,&nbsp;&nbsp;explica qu\u00e9 es un Mediador de Lectura.<\/p>\n\n\n\n<p class=\"wp-block-paragraph\">&#8211;Un Medidor de Lectura tiene que ser, en principio, un buen lector. Aqu\u00ed en este libro vierto mi experiencia como lectora. \u00bfPero, para qu\u00e9? Para sacar una l\u00e1mpara maravillosa y encantar al individuo, infantil o adulto, para que sea un lector activo.<\/p>\n\n\n\n<p class=\"wp-block-paragraph\">Mi exalumna de la Escuela de Periodismo Carlos Septi\u00e9n Garc\u00eda, asegura que \u201chay un sinf\u00edn de formas y de caminos\u201d para motivar a ser lector activo. Despu\u00e9s de leer un libro, se comenta con un interlocutor capacitado para ello. Ah\u00ed se inicia el h\u00e1bito, aunque no siempre el aspirante lo consigue.&nbsp;<\/p>\n\n\n\n<p class=\"wp-block-paragraph\">Cuenta nuestra escritora: \u201cTuve suerte y la vida me llev\u00f3 de la mano, pues desde ni\u00f1a hubo personas lectoras que comentaban&nbsp;&nbsp;textos, libros, art\u00edculos, en fin\u201d.<\/p>\n\n\n\n<p class=\"wp-block-paragraph\">&#8211;Dime, fue principio de tu formaci\u00f3n, de tu vocaci\u00f3n\u2026.<\/p>\n\n\n\n<p class=\"wp-block-paragraph\">&#8211;En qu\u00e9 me bas\u00e9. En dos libros de lectura de Mich\u00e9le Petit, \u201cUna infancia en el pa\u00eds de los libros\u201d y \u201cNuevos acercamientos a los j\u00f3venes y a la lectura\u201d, un autora que cautiv\u00f3 a Tet\u00e9.<\/p>\n\n\n\n<p class=\"wp-block-paragraph\"><strong>18 A\u00d1OS DE ARDUO TRABAJO<\/strong><\/p>\n\n\n\n<p class=\"wp-block-paragraph\">Esther V\u00e1zquez Ramos no oculta su felicidad por \u201chaber dado a luz\u201d a su primer hijo, despu\u00e9s de a\u00f1os como narradora de cuentos, redactora de art\u00edculos, de conferencista en diferentes centros culturales y desempe\u00f1arse como&nbsp;<strong>Mediadora<\/strong>&nbsp;o&nbsp;<strong>Animadora de Lectura<\/strong>.&nbsp;<\/p>\n\n\n\n<p class=\"wp-block-paragraph\">&#8211;Infiero que tu trabajo profesional de profesora y&nbsp;&nbsp;de coordinadora del grupo literario, hizo complicado el integrar el libro.&nbsp;<\/p>\n\n\n\n<p class=\"wp-block-paragraph\">&#8211;Me llev\u00f3 18 a\u00f1os conjuntar la informaci\u00f3n, la de mi trabajo como Animadora de Lectura. El libro lo comenc\u00e9 al parejo del Siglo XXI y no es que lo haya dejado de lado, pues conclu\u00ed en el 2018.<\/p>\n\n\n\n<p class=\"wp-block-paragraph\">&#8211;\u00bfQu\u00e9 retras\u00f3 la publicaci\u00f3n, qu\u00e9 imped\u00eda el \u201calumbramiento\u201d?<\/p>\n\n\n\n<p class=\"wp-block-paragraph\">&#8211;Para diciembre de 2018 de hecho conclu\u00ed la parte relativa a mi trabajo. Lleg\u00f3 el cambio de gobierno y termin\u00f3 el programa para el que estaba contratada. Hasta noviembre de 2019 fue la recontrataci\u00f3n, pero hizo acto de presencia \u201cel se\u00f1or COVID 19\u201d.<\/p>\n\n\n\n<p class=\"wp-block-paragraph\">\u201cEste tiempo de relax lo he aprovechado para darle forma a la siguiente etapa. Fui en busca de la licenciada&nbsp;<strong>Rita Noem\u00ed Gamboa Victoria<\/strong>, conocedora del tema y fue incisiva en cuestionarme: \u201cPara qu\u00e9 lo quieres (el libro)\u201d e inmediatamente me cuestion\u00f3: \u201cSimplemente para imprimirlo o para concurso\u201d. Le contest\u00e9 sin titubear: \u201cPara concurso\u201d. Nos pusimos a trabajar sin parar.&nbsp;&nbsp;<\/p>\n\n\n\n<p class=\"wp-block-paragraph\">El deseo de concursarlo, no fue posible. Su amiga&nbsp;<strong>Silvia Vel\u00e1zquez Miranda&nbsp;<\/strong>le pidi\u00f3 un art\u00edculo sobre el libro y Tet\u00e9 redact\u00f3 unas cuartillas tituladas \u201cEl Adolescente, el Libro y el Mediador\u201d, publicado en la Nueva Gaceta Bibliogr\u00e1fica, del Instituto de Investigaciones Bibliogr\u00e1ficas de la UNAM.<\/p>\n\n\n\n<p class=\"wp-block-paragraph\"><strong>&nbsp;<\/strong>Motivada, con la emoci\u00f3n del primer d\u00eda, Esther continu\u00f3 hablando:&nbsp;<\/p>\n\n\n\n<p class=\"wp-block-paragraph\"><strong>&#8211;Elizabeth Mu\u00f1oz S\u00e1nchez \u201c<\/strong>me apoy\u00f3 con la correcci\u00f3n de estilo\u201d. Para el pr\u00f3logo \u201cel destino me puso a&nbsp;<strong>Charlotte Carranza Ju\u00e1rez<\/strong>\u201d y \u201cmi linda amiga y fot\u00f3grafa&nbsp;<strong>Gabriela Aguilar&nbsp;<\/strong>me pidi\u00f3 hacer una sesi\u00f3n fotogr\u00e1fica y los resultados est\u00e1n en la portada.<\/p>\n\n\n\n<p class=\"wp-block-paragraph\">Despu\u00e9s de recibir el certificado en Derechos de Autor, \u201cfui a una sesi\u00f3n de Animadores de Lectura, donde&nbsp;<strong>Rafa Cessa<\/strong>&nbsp;conoci\u00f3 de mi libro y sugiri\u00f3 buscar a&nbsp;<strong>Ang\u00e9lica Icaza&nbsp;<\/strong>que tiene un taller y me inscrib\u00ed, le habl\u00e9 de mi libro y\u2026<\/p>\n\n\n\n<p class=\"wp-block-paragraph\">\u201c\u2026Ang\u00e9lica acept\u00f3 buscar \u201cun hospital para dar a luz y los \u201cdoctores\u201d resultaron especialistas. El 12 de febrero de 2021, al medio d\u00eda, que llega el beb\u00e9 (el libro impreso y encuadernado) como ca\u00eddo del cielo\u201d.<\/p>\n\n\n\n<p class=\"wp-block-paragraph\"><strong>jherrerav@live.com.mx<\/strong><\/p>\n\n\n\n<p class=\"wp-block-paragraph\">&#8212;<\/p>\n","protected":false},"excerpt":{"rendered":"<p>Jorge Herrera Valenzuela&nbsp; POR IRRESPONSABLES, HAY CIENTOS DE CONTAGIADOS COVID 19 SemM\u00e9xico, Cd. de M\u00e9xico, 1\u00ba. de julio, 2021.- Una de las m\u00e1s nobles y emotivas tareas que no se ha perdido, a pesar de no contar con apoyos, oficial y privado, se realiza en la Ciudad de M\u00e9xico y tiene proyecci\u00f3n nacional en los [&hellip;]<\/p>\n","protected":false},"author":3,"featured_media":37659,"comment_status":"open","ping_status":"open","sticky":false,"template":"","format":"standard","meta":{"_monsterinsights_skip_tracking":false,"footnotes":""},"categories":[692,94,35,107],"tags":[],"class_list":["post-37657","post","type-post","status-publish","format-standard","has-post-thumbnail","category-692","category-jorge-herrera-valenzuela","category-opinion","category-rafaga"],"_links":{"self":[{"href":"https:\/\/redsemlac.com\/semmexico\/wp-json\/wp\/v2\/posts\/37657","targetHints":{"allow":["GET"]}}],"collection":[{"href":"https:\/\/redsemlac.com\/semmexico\/wp-json\/wp\/v2\/posts"}],"about":[{"href":"https:\/\/redsemlac.com\/semmexico\/wp-json\/wp\/v2\/types\/post"}],"author":[{"embeddable":true,"href":"https:\/\/redsemlac.com\/semmexico\/wp-json\/wp\/v2\/users\/3"}],"replies":[{"embeddable":true,"href":"https:\/\/redsemlac.com\/semmexico\/wp-json\/wp\/v2\/comments?post=37657"}],"version-history":[{"count":0,"href":"https:\/\/redsemlac.com\/semmexico\/wp-json\/wp\/v2\/posts\/37657\/revisions"}],"wp:featuredmedia":[{"embeddable":true,"href":"https:\/\/redsemlac.com\/semmexico\/wp-json\/wp\/v2\/media\/37659"}],"wp:attachment":[{"href":"https:\/\/redsemlac.com\/semmexico\/wp-json\/wp\/v2\/media?parent=37657"}],"wp:term":[{"taxonomy":"category","embeddable":true,"href":"https:\/\/redsemlac.com\/semmexico\/wp-json\/wp\/v2\/categories?post=37657"},{"taxonomy":"post_tag","embeddable":true,"href":"https:\/\/redsemlac.com\/semmexico\/wp-json\/wp\/v2\/tags?post=37657"}],"curies":[{"name":"wp","href":"https:\/\/api.w.org\/{rel}","templated":true}]}}