{"id":37648,"date":"2021-06-30T17:14:23","date_gmt":"2021-06-30T23:14:23","guid":{"rendered":"https:\/\/redsemlac.com\/semmexico\/?p=37648"},"modified":"2023-07-21T17:03:39","modified_gmt":"2023-07-21T22:03:39","slug":"la-cronica-de-un-hecho-historico-20-anos-de-lucha","status":"publish","type":"post","link":"https:\/\/redsemlac.com\/semmexico\/la-cronica-de-un-hecho-historico-20-anos-de-lucha\/","title":{"rendered":"La Cr\u00f3nica de un hecho hist\u00f3rico: 20 a\u00f1os de lucha"},"content":{"rendered":"\n<div class=\"wp-block-image\"><figure class=\"aligncenter size-large\"><a href=\"https:\/\/redsemlac.com\/semmexico\/2021-lo-mas-destacado\/\" target=\"_blank\" rel=\"https:\/\/redsemlac.com\/semmexico\/2021-lo-mas-destacado\/ noopener\"><img decoding=\"async\" src=\"https:\/\/redsemlac.com\/semmexico\/wp-content\/uploads\/2021\/12\/DESTACADO-BANNER-1024x164.png\" alt=\"\" class=\"wp-image-43481\"\/><\/a><\/figure><\/div>\n\n\n\n<ul class=\"wp-block-list\"><li><strong>De la oscuridad a la luz: el aborto es ley en Hidalgo<\/strong><\/li><li><strong>Hidalgo fue la entidad con el mayor n\u00famero de mujeres que asist\u00edan a interrumpir su embarazo en la Ciudad de M\u00e9xico<\/strong><\/li><\/ul>\n\n\n\n<p class=\"wp-block-paragraph\"><strong>Lorena Piedad, especial para SemM\u00e9xico<\/strong><\/p>\n\n\n\n<p class=\"wp-block-paragraph\">SemM\u00e9xico, Pachuca, Hidalgo, 30 de junio, 2021.- Este &nbsp;30 de junio de 2021 fue registrado en la historia de Hidalgo, al mediod\u00eda de un mi\u00e9rcoles que parec\u00eda ser cotidiano el estado se convirti\u00f3 en el tercero en aprobar el aborto seguro, legal y gratuito, la tercera entidad en aprobar el derecho de las mujeres a decidir sobre su cuerpo.<\/p>\n\n\n\n<p class=\"wp-block-paragraph\">Este cap\u00edtulo comenz\u00f3 a escribirse un d\u00eda anterior cuando el Congreso estatal anunci\u00f3 que ser\u00eda votada la iniciativa para la Interrupci\u00f3n Legal del Embarazo, las colectivas feministas desafiaron al clima fr\u00edo y lluvioso para instalarse a las 7 de la noche del martes afuera del Poder Legislativo con la \u201cVelada por nuestros derechos\u201d donde pasaron de la oscuridad a la luz viendo documentales e impartieron el taller \u201cAborto seguro desde casa\u201d.<\/p>\n\n\n\n<p class=\"wp-block-paragraph\">Al amanecer segu\u00eda la invitaci\u00f3n para que las mujeres llegaran al Congreso con el fin de estar listas en el momento de la votaci\u00f3n, mujeres coloc\u00e1ndose el pa\u00f1uelo verde y mujeres con bandera azul, a favor y en contra de la despenalizaci\u00f3n del aborto, as\u00ed pintaba la lucha por el derecho a decidir.<\/p>\n\n\n\n<p class=\"wp-block-paragraph\">Dos a\u00f1os antes, en 2019, Hidalgo fue la entidad con el mayor n\u00famero de mujeres que asist\u00edan a interrumpir su embarazo en la Ciudad de M\u00e9xico, sin embargo, el 12 de diciembre de ese mismo a\u00f1o los diputados locales no aprobaron las reformas al C\u00f3digo Penal y a la Ley de Salud para que en el estado pudiera practicarse de forma legal y gratuita.<\/p>\n\n\n\n<p class=\"wp-block-paragraph\">Hab\u00eda una deuda pendiente que ser\u00eda pagada el 30 de junio de 2021, pero minutos antes del mediod\u00eda era incierto el futuro de las hidalguenses.<\/p>\n\n\n\n<p class=\"wp-block-paragraph\">En un camino dividido, mujeres al interior del Congreso a favor y en contra y mujeres afuera del recinto en la espera de escuchar si tendr\u00edan el derecho a decidir sobre sus cuerpos.<\/p>\n\n\n\n<p class=\"wp-block-paragraph\">Minutos despu\u00e9s de las 12 horas de este d\u00eda hist\u00f3rico, la diputada Roxana Montealegre Salvador explic\u00f3 ante el pleno que no se trataba de una nueva iniciativa, sino que se retom\u00f3 la impulsada en 2019 por su compa\u00f1ero V\u00edctor Osmind Guerrero Trejo, la cual contempla la Interrupci\u00f3n Legal del Embarazo (ILE) hasta las 12 semanas, \u201cque las mujeres acudan a cl\u00ednicas del sector salud a solicitar el aborto sin dar ninguna explicaci\u00f3n del motivo de su decisi\u00f3n, adem\u00e1s de dejar sin efecto los procesos penales iniciados contra aquellas que hubieran abortado\u201d.<\/p>\n\n\n\n<p class=\"wp-block-paragraph\">Afuera, mujeres sentadas en el piso escuchando sobre la iniciativa a trav\u00e9s de unas bocinas, mochilas esparcidas debajo de una mesa blanca flanqueada por garrafones de agua y protegida por una lona blanca. Todo decorado con el color verde, dicen, de la esperanza.<\/p>\n\n\n\n<p class=\"wp-block-paragraph\">Dentro, la diputada Viridiana Jajaira Aceves Galv\u00e1n acusaba que no era una lucha por el derecho de las mujeres, si no por una b\u00fasqueda de intereses pol\u00edticos y lanz\u00f3 las palabras m\u00e1gicas \u201cson unos asesinos a pesar de ser madres y padres, \u00bfpor qu\u00e9 no asesinan a sus hijos?\u201d.<\/p>\n\n\n\n<p class=\"wp-block-paragraph\">Un proyector con mala calidad comienza a funcionar en la calle para ver, escuchar y sentir c\u00f3mo estaban los derechos de las mujeres en manos de un pleno que optaba m\u00e1s por pelear y discutir por asuntos pol\u00edticos que por analizar los puntos principales de la iniciativa, de fondo \u201cdiputada Viridiana te saludamos desde ac\u00e1\u201d.&nbsp;<\/p>\n\n\n\n<p class=\"wp-block-paragraph\">En el interior, el diputado Jos\u00e9 Luis Espinosa Silva declar\u00f3 que no fue convocado para la reuni\u00f3n que anunciaba la votaci\u00f3n de dicha legislaci\u00f3n, seguido de su compa\u00f1era Teodora Islas Espinosa que sentenci\u00f3 que \u201chablar del aborto implica un atentado contra la vida porque quien no respeta el derecho primigenio a la vida, no es capaz de respetar ning\u00fan otro derecho, si aprobamos la iniciativa violamos el derecho a la salud de las mujeres\u201d.<\/p>\n\n\n\n<h2 class=\"wp-block-heading\"><strong>El viento se llevaba las risas ir\u00f3nicas de las mujeres de afuera.<\/strong><\/h2>\n\n\n\n<p class=\"wp-block-paragraph\">Fue el turno de la diputada Mayka Ortega Eguiluz, que portando un saco color azul claro abord\u00f3 tribuna para calificar este mi\u00e9rcoles 30 de junio de 2021 como \u201cun d\u00eda negro para el Congreso por el incumplimiento de los procesos legislativos\u201d. Acto seguido, Roxana Montealegre explic\u00f3 nuevamente el proceso de la iniciativa.<\/p>\n\n\n\n<p class=\"wp-block-paragraph\">Enseguida la diputada Adela P\u00e9rez Espinoza se declar\u00f3 en contra del ILE y exclam\u00f3 que \u201clos gritos de hoy ser\u00e1n los ecos de ma\u00f1ana, debemos sentir lo que la ciudadan\u00eda siente\u201d. Hab\u00edan pasado m\u00e1s de 40 minutos de exposici\u00f3n y ning\u00fan legislador mencion\u00f3 a las mujeres que estaban afuera esperando el dictamen sobre su derecho sexual y reproductivo. A\u00fan nadie ten\u00eda certeza si hoy ser\u00eda el \u00faltimo d\u00eda en el que otros iban a decidir sobre el cuerpo de las mujeres.<\/p>\n\n\n\n<p class=\"wp-block-paragraph\">El diputado Ricardo Baptista Gonz\u00e1lez toma la palabra, las feministas se levantan del piso para tomarse de la mano y formar una cadena, algunas se abrazan, est\u00e1n hombro con hombro, el diputado expresa \u201ccon fundamento en lo que establece el art\u00edculo 151 de la Ley Org\u00e1nica del Poder Legislativo, esta presidencia pregunta si se encuentra suficientemente discutido el dictamen que nos ocupa\u201d. Gritos de los inconformes. Mujeres nerviosas afuera. \u201cDe ser as\u00ed s\u00edrvanse manifestando levantando la mano\u201d.&nbsp;<\/p>\n\n\n\n<p class=\"wp-block-paragraph\">Interrumpe la sesi\u00f3n el diputado Asael Hern\u00e1ndez Cer\u00f3n y amenaza con ir a los tribunales por violaci\u00f3n en el proceso de legislaci\u00f3n. Una valla de mujeres con pa\u00f1uelos verdes est\u00e1 frente al proyector. \u201cCorrupto\u201d, \u201crespete la soberan\u00eda\u201d, \u201c\u00bfNo se les cae la cara de verg\u00fcenza?\u201d, pregunta Cer\u00f3n a sus compa\u00f1eros, pero responden \u201cno\u201d las mujeres de afuera.<\/p>\n\n\n\n<p class=\"wp-block-paragraph\">Es pronunciado el d\u00eda hist\u00f3rico para Hidalgo: \u201cAprobado el dictamen\u201d. 16 votos a favor, una abstenci\u00f3n. S\u00ed. Aprobado el dictamen. Una joven de chamarra rosa cubre su rostro con ambas manos para llorar. Otra levanta el pu\u00f1o izquierdo en se\u00f1al de victoria. Aplausos. Gritos de alegr\u00eda, abrazos de sororidad, l\u00e1grimas de libertad.<\/p>\n\n\n\n<p class=\"wp-block-paragraph\">\u201cNo lo puedo creer, no cre\u00ed que iba a suceder, Hidalgo avanza 20 a\u00f1os en la lucha por los derechos humanos\u201d, declara una feminista mientras se limpia las l\u00e1grimas. Encienden una antorcha y cantan \u201cla lucha feminista para Am\u00e9rica Latina y tiemblen los machistas que Am\u00e9rica Latina ser\u00e1 toda feminista\u201d.<\/p>\n\n\n\n<p class=\"wp-block-paragraph\">El mi\u00e9rcoles 30 de junio de 2021 qued\u00f3 registrado en la historia de Hidalgo. Fue aprobada la Iniciativa de Ley para reformar los art\u00edculos 27, 154, 155, 156, y 158 del C\u00f3digo Penal del Estado de Hidalgo, as\u00ed como la adici\u00f3n de la fracci\u00f3n III bis al apartado A del art. 3\u00b0 de la Ley de Salud Hidalguense para despenalizar el aborto hasta la semana 12.6 de embarazo. Es ley en Hidalgo. 30 de junio de 2021: D\u00eda de la libertad para las hidalguenses.<\/p>\n\n\n\n<p class=\"wp-block-paragraph\"><\/p>\n","protected":false},"excerpt":{"rendered":"<p>De la oscuridad a la luz: el aborto es ley en Hidalgo<\/p>\n","protected":false},"author":3,"featured_media":37649,"comment_status":"open","ping_status":"open","sticky":false,"template":"","format":"standard","meta":{"_monsterinsights_skip_tracking":false,"footnotes":""},"categories":[692,633,628,54],"tags":[629],"class_list":["post-37648","post","type-post","status-publish","format-standard","has-post-thumbnail","category-692","category-abril-destacado","category-lo-destacado-2021","category-mujeres","tag-destacado2021"],"_links":{"self":[{"href":"https:\/\/redsemlac.com\/semmexico\/wp-json\/wp\/v2\/posts\/37648","targetHints":{"allow":["GET"]}}],"collection":[{"href":"https:\/\/redsemlac.com\/semmexico\/wp-json\/wp\/v2\/posts"}],"about":[{"href":"https:\/\/redsemlac.com\/semmexico\/wp-json\/wp\/v2\/types\/post"}],"author":[{"embeddable":true,"href":"https:\/\/redsemlac.com\/semmexico\/wp-json\/wp\/v2\/users\/3"}],"replies":[{"embeddable":true,"href":"https:\/\/redsemlac.com\/semmexico\/wp-json\/wp\/v2\/comments?post=37648"}],"version-history":[{"count":0,"href":"https:\/\/redsemlac.com\/semmexico\/wp-json\/wp\/v2\/posts\/37648\/revisions"}],"wp:featuredmedia":[{"embeddable":true,"href":"https:\/\/redsemlac.com\/semmexico\/wp-json\/wp\/v2\/media\/37649"}],"wp:attachment":[{"href":"https:\/\/redsemlac.com\/semmexico\/wp-json\/wp\/v2\/media?parent=37648"}],"wp:term":[{"taxonomy":"category","embeddable":true,"href":"https:\/\/redsemlac.com\/semmexico\/wp-json\/wp\/v2\/categories?post=37648"},{"taxonomy":"post_tag","embeddable":true,"href":"https:\/\/redsemlac.com\/semmexico\/wp-json\/wp\/v2\/tags?post=37648"}],"curies":[{"name":"wp","href":"https:\/\/api.w.org\/{rel}","templated":true}]}}