{"id":37640,"date":"2021-06-30T16:40:00","date_gmt":"2021-06-30T22:40:00","guid":{"rendered":"https:\/\/redsemlac.com\/semmexico\/?p=37640"},"modified":"2023-07-21T17:03:39","modified_gmt":"2023-07-21T22:03:39","slug":"el-pais-no-podra-avanzar-si-deja-a-las-mujeres-fuera-de-las-decisiones-osorio-chong","status":"publish","type":"post","link":"https:\/\/redsemlac.com\/semmexico\/el-pais-no-podra-avanzar-si-deja-a-las-mujeres-fuera-de-las-decisiones-osorio-chong\/","title":{"rendered":"El pa\u00eds no podr\u00e1 avanzar si deja a las mujeres fuera de las decisiones: Osorio Chong"},"content":{"rendered":"\n<ul class=\"wp-block-list\"><li><strong>Diplomado en el Instituto Belisario Dom\u00ednguez sobre Violencia Pol\u00edtica de G\u00e9nero<\/strong><\/li><li><strong>Renuncias y simulaciones las trampas de los partidos pol\u00edticos: Diva Gastelum<\/strong><\/li><\/ul>\n\n\n\n<p class=\"wp-block-paragraph\"><strong>Elda Montiel<\/strong><\/p>\n\n\n\n<p class=\"wp-block-paragraph\">SemM\u00e9xico, Cd. de M\u00e9xico, 30 de junio 2021.- &nbsp;El senador Miguel \u00c1ngel Osorio Chong expres\u00f3 que la democracia sin mujeres no es democracia y reconoci\u00f3 que el pa\u00eds no podr\u00e1 avanzar si deja a la mitad de la poblaci\u00f3n fuera de las decisiones.<\/p>\n\n\n\n<p class=\"wp-block-paragraph\">El presidente del Instituto Belisario Dom\u00ednguez del Senado de la Rep\u00fablica reconoci\u00f3 que no basta tener un marco jur\u00eddico de avanzada si se sigue obstaculizando a las mujeres para llegar a los puestos de decisi\u00f3n que tal parece que corren una carrera de obst\u00e1culos cuando compiten con los hombres y ellos parecen que compiten en los 100 metros planos.<\/p>\n\n\n\n<p class=\"wp-block-paragraph\">En el conversatorio sobre \u201cLos avances legislativos y la agenda futura para la igualdad de g\u00e9nero\u201d en el marco de la presentaci\u00f3n del Diplomado on line sobre \u201cViolencia Pol\u00edtica en Raz\u00f3n de G\u00e9nero\u201d que impartir\u00e1 el Instituto Belisario Dom\u00ednguez (IBD) en colaboraci\u00f3n con el Instituto por los Derechos Humanos y la Igualdad Sustantiva (IDHIS) del 4 de agosto al 13 de septiembre del 2021.<\/p>\n\n\n\n<p class=\"wp-block-paragraph\">Osorio Chong reconoci\u00f3 que a las mujeres no las dejan participar porque no est\u00e1n inscritas, porque se cuestiona su capacidad o las ponen en un distrito perdedor, y las amenazan para que no se postulen, las agreden, las ofenden por las redes y todos estos obst\u00e1culos son actos de violencia.<\/p>\n\n\n\n<p class=\"wp-block-paragraph\">\u201cInjustamente las inhiben para privilegiar a los hombres\u201d, acot\u00f3 el legislador.<\/p>\n\n\n\n<p class=\"wp-block-paragraph\">Se\u00f1al\u00f3 que de acuerdo a los datos reportados del Instituto Nacional Electoral (INE) la violencia en las reci\u00e9n pasadas elecciones aumento en 40 por ciento en relaci\u00f3n a los comicios del 2018, y fueron asesinadas 15 candidatas o aspirantes a candidatas, por lo que debemos repudiar y condenar esta situaci\u00f3n.<\/p>\n\n\n\n<p class=\"wp-block-paragraph\">La violencia es un problema compartido que se replica en todo el territorio nacional, principalmente en los municipios, por lo que se requiere de un esfuerzo conjunto del Estado, los tres poderes, de los \u00f3rganos de gobierno, de la sociedad en su conjunto y los partidos pol\u00edticos.<\/p>\n\n\n\n<p class=\"wp-block-paragraph\">Expres\u00f3 que hay que pasar de la igualdad formal a la igualdad real, de la igualdad en las leyes a la igualdad en la pr\u00e1ctica por lo que destac\u00f3 tres l\u00edneas de acci\u00f3n.<\/p>\n\n\n\n<p class=\"wp-block-paragraph\">Concientizar a los partidos pol\u00edticos, servidores p\u00fablicos y candidatos y candidatas sobre los que constituye la violencia de g\u00e9nero, erradicar el machismo no solo en el hogar y las calles sino tambi\u00e9n en la pol\u00edtica incluyendo a los congresos.<\/p>\n\n\n\n<p class=\"wp-block-paragraph\">Llevar las reformas a lo local, ya que el 85 por ciento de los delitos se cometieron a nivel municipal, \u201ctenemos que entender c\u00f3mo funciona este flagelo e implementar acciones espec\u00edficas\u201d.<\/p>\n\n\n\n<p class=\"wp-block-paragraph\">Por \u00faltimo, visibilizar a las v\u00edctimas y a los agresores para que todo tipo de violencia incluyendo la que se disfraza de bromas o es importante este diplomado para quienes quieren ser agentes de cambio, las habilidades analistas para identificarlas y los mecanismos ya existentes<\/p>\n\n\n\n<p class=\"wp-block-paragraph\">Las causas de las mujeres no son causas aisladas son y deben ser una causa com\u00fan, cuando una mujer avanza nadie retrocede, avanzamos todas y todos, acot\u00f3 Osorio Chong.<\/p>\n\n\n\n<p class=\"wp-block-paragraph\">La senadora Kenia L\u00f3pez Rabad\u00e1n, presidenta de la Comisi\u00f3n de Derechos Humanos del Senado de la Rep\u00fablica expres\u00f3 que es necesario visibilizar la violencia pol\u00edtica en raz\u00f3n de g\u00e9nero para una correcta identificaci\u00f3n, investigaci\u00f3n y sanci\u00f3n.<\/p>\n\n\n\n<p class=\"wp-block-paragraph\">Enfatiz\u00f3 que la LXIV Legislatura, la legislatura de la paridad marca un antes y un despu\u00e9s, pero todav\u00eda falta much\u00edsimo para materializar los derechos humanos de las mujeres en t\u00e9rminos econ\u00f3micos, de salud, y en t\u00e9rminos pol\u00edticos.<\/p>\n\n\n\n<p class=\"wp-block-paragraph\">Mientras la senadora Martha Luc\u00eda Micher Camarena, presidenta de la Comisi\u00f3n de Igualdad de G\u00e9nero del Senado, destac\u00f3 los avances legislativos en materia de igualdad de las mujeres, por lo que, resultado del proceso electoral del 6 de junio, tenemos 6 gobernadoras y ser\u00e1n 7 en total con la jefa de la Ciudad de M\u00e9xico, y 246 legisladoras.<\/p>\n\n\n\n<p class=\"wp-block-paragraph\">Resalt\u00f3 que estos avances son fruto de la lucha feminista en nuestro pa\u00eds y que lo que se requiere es un cambio cultural, un cambio de conciencia de g\u00e9nero. Que se entienda que no se puede ejercer ninguna violencia hacia las mujeres, no es un derecho humano es un requisito para la democracia y crecimiento prospero de la sociedad.&nbsp;<\/p>\n\n\n\n<p class=\"wp-block-paragraph\">Celebr\u00f3 los esfuerzos por realizar un diplomado y se\u00f1alo que este tipo de acciones son clave para avanzar en el logro de la igualdad sustantiva entre mujeres y hombres y en la construcci\u00f3n de una democracia gen\u00e9rica que, hoy m\u00e1s que nunca contribuya a lograr un pa\u00eds solidario, justo e igualitario.<\/p>\n\n\n\n<p class=\"wp-block-paragraph\">Alejandra Mora, secretar\u00eda t\u00e9cnica de la Comisi\u00f3n interamericana de Mujeres de la OEA (CIM\/OEA) se\u00f1al\u00f3 que hay que recordarles a las j\u00f3venes \u201cque nadas se nos ha dado hemos peleado mucho por cada derecho, sobre todo los derechos pol\u00edticos\u201d.<\/p>\n\n\n\n<p class=\"wp-block-paragraph\">Precis\u00f3 que \u201cla violencia no es m\u00e1s que el instrumento para que regresarnos a la casa\u201d.&nbsp;&nbsp; En 95 a\u00f1os de existencia de la Comisi\u00f3n Interamericana hay muchas acciones afirmativas, la Convenci\u00f3n Bel\u00e9n do Para, generamos un instrumento que sigue operando en la regi\u00f3n para seguir avanzando a esta nueva ola de la paridad.<\/p>\n\n\n\n<p class=\"wp-block-paragraph\">Diva Adalmira Gastelum Bajo, presidenta del Instituto por los Derechos Humanos y la Igualdad Sustantiva, sobre el proceso electoral 2021 expres\u00f3 que la llegada de las gobernadoras es ox\u00edgeno para la lucha de las mujeres, sin embargo, en las presidencias municipales no est\u00e1n llegando.<\/p>\n\n\n\n<p class=\"wp-block-paragraph\">Advirti\u00f3 que hay que estar alertas a las nuevas formas de violencia, como las renuncias a las que denomino trampa de los partidos pol\u00edticos &nbsp;y se pregunt\u00f3 si este fen\u00f3meno de la renuncia de candidatas es para evitar una sanci\u00f3n o multa.<\/p>\n\n\n\n<p class=\"wp-block-paragraph\">Tambi\u00e9n se refiri\u00f3 a la sustituci\u00f3n familiar, cuando el hombre no puede llegar al cargo entonces aparece la esposa, la hija. Finalmente se refiri\u00f3 a que el Instituto Nacional Electoral debe tener m\u00e1s dientes para una acci\u00f3n preventiva m\u00e1s consistente que la red de candidatas.<\/p>\n\n\n\n<p class=\"wp-block-paragraph\">Felicit\u00f3 a la LXIV Legislatura por lograr la reforma de la violencia pol\u00edtica de g\u00e9nero que ahora es un derecho pero que no hay que dejarlo en el papel, las mujeres no son de papel, las mujeres quieren estar en la mesa de direcci\u00f3n, finaliz\u00f3.<\/p>\n","protected":false},"excerpt":{"rendered":"<p>Diplomado en el Instituto Belisario Dom\u00ednguez sobre Violencia Pol\u00edtica de G\u00e9nero<\/p>\n","protected":false},"author":3,"featured_media":37641,"comment_status":"open","ping_status":"open","sticky":false,"template":"","format":"standard","meta":{"_monsterinsights_skip_tracking":false,"footnotes":""},"categories":[692,50],"tags":[],"class_list":["post-37640","post","type-post","status-publish","format-standard","has-post-thumbnail","category-692","category-congreso"],"_links":{"self":[{"href":"https:\/\/redsemlac.com\/semmexico\/wp-json\/wp\/v2\/posts\/37640","targetHints":{"allow":["GET"]}}],"collection":[{"href":"https:\/\/redsemlac.com\/semmexico\/wp-json\/wp\/v2\/posts"}],"about":[{"href":"https:\/\/redsemlac.com\/semmexico\/wp-json\/wp\/v2\/types\/post"}],"author":[{"embeddable":true,"href":"https:\/\/redsemlac.com\/semmexico\/wp-json\/wp\/v2\/users\/3"}],"replies":[{"embeddable":true,"href":"https:\/\/redsemlac.com\/semmexico\/wp-json\/wp\/v2\/comments?post=37640"}],"version-history":[{"count":0,"href":"https:\/\/redsemlac.com\/semmexico\/wp-json\/wp\/v2\/posts\/37640\/revisions"}],"wp:featuredmedia":[{"embeddable":true,"href":"https:\/\/redsemlac.com\/semmexico\/wp-json\/wp\/v2\/media\/37641"}],"wp:attachment":[{"href":"https:\/\/redsemlac.com\/semmexico\/wp-json\/wp\/v2\/media?parent=37640"}],"wp:term":[{"taxonomy":"category","embeddable":true,"href":"https:\/\/redsemlac.com\/semmexico\/wp-json\/wp\/v2\/categories?post=37640"},{"taxonomy":"post_tag","embeddable":true,"href":"https:\/\/redsemlac.com\/semmexico\/wp-json\/wp\/v2\/tags?post=37640"}],"curies":[{"name":"wp","href":"https:\/\/api.w.org\/{rel}","templated":true}]}}