{"id":37637,"date":"2021-06-30T16:20:00","date_gmt":"2021-06-30T22:20:00","guid":{"rendered":"https:\/\/redsemlac.com\/semmexico\/?p=37637"},"modified":"2023-07-21T17:03:39","modified_gmt":"2023-07-21T22:03:39","slug":"mexico-predominantemente-femenino-3-millones-mas-que-hombres-inegi","status":"publish","type":"post","link":"https:\/\/redsemlac.com\/semmexico\/mexico-predominantemente-femenino-3-millones-mas-que-hombres-inegi\/","title":{"rendered":"M\u00e9xico predominantemente femenino, 3 millones m\u00e1s que hombres: INEGI"},"content":{"rendered":"\n<ul class=\"wp-block-list\"><li><strong>Promedio de edad en la poblaci\u00f3n 29 a\u00f1os, envejecimiento gradual<\/strong><\/li><li><strong>M\u00e1s mujeres, pero no m\u00e1s oportunidades: menos empleo y menos educaci\u00f3n<\/strong><\/li><\/ul>\n\n\n\n<p class=\"wp-block-paragraph\"><strong>Libertad L\u00f3pez<\/strong><\/p>\n\n\n\n<p class=\"wp-block-paragraph\">SemM\u00e9xico, Cd. de M\u00e9xico, 30 de junio, 2021.- De acuerdo al \u00faltimo Censo Nacional de Poblaci\u00f3n y Vivienda realizado por el Instituto Nacional de Estad\u00edstica y Geograf\u00eda, el INEGI, M\u00e9xico se ha convertido en un pa\u00eds predominantemente femenino al alcanzar tres millones m\u00e1s de mujeres que hombres, inform\u00f3 en el presidente de este organismo aut\u00f3nomo, Julio Alfonso Santaella Castell.<\/p>\n\n\n\n<p class=\"wp-block-paragraph\">Al &nbsp;participar en el webinar Impacto del COVID-19, donde se analiz\u00f3 el empleo y qu\u00e9 pas\u00f3 a las empresas, y derivado del \u00faltimo estudio elaborado por el INEGI\u201d organizado por la empresa de servicios financieros MINU, Santaella Castell, sostuvo que M\u00e9xico tambi\u00e9n se encamina gradualmente a&nbsp; tener una poblaci\u00f3n cada vez m\u00e1s vieja; el censo mostr\u00f3 no s\u00f3lo edades, sino caracter\u00edsticas que requieren pol\u00edticas p\u00fablicas y atenci\u00f3n en salud.<\/p>\n\n\n\n<p class=\"wp-block-paragraph\">.<\/p>\n\n\n\n<p class=\"wp-block-paragraph\">Explic\u00f3 que los hallazgos del Censo muestran que &nbsp;la estructura de nuestra &nbsp;poblaci\u00f3n muestra que es &nbsp;predominantemente femenina; &nbsp;51 por ciento de los habitantes son mujeres contra 49 por ciento de los hombres, lo que &nbsp;significa que hay tres millones m\u00e1s de mujeres que de hombres, de todas las edades; como en las listas electorales y no as\u00ed en los empleos ni en la escuela, dijo Santaella Castell.<\/p>\n\n\n\n<p class=\"wp-block-paragraph\">En cuanto a densidad de poblaci\u00f3n es el Estado de M\u00e9xico&nbsp; la entidad que tiene el mayor n\u00famero de habitantes con casi 17 millones, seguida por la Ciudad de M\u00e9xico con 9 millones de habitantes y despu\u00e9s Jalisco y Veracruz con m\u00e1s de ocho millones cada una. Luego hay dos estados con m\u00e1s de seis millones&nbsp; de habitantes, &nbsp;Puebla y Guanajuato, le siguen &nbsp;dos con m\u00e1s de cinco millones que son Nuevo Le\u00f3n y Chiapas.<\/p>\n\n\n\n<p class=\"wp-block-paragraph\">Este panorama muestra claramente la composici\u00f3n tambi\u00e9n de problemas, necesidades y presupuestos sociales.<\/p>\n\n\n\n<h2 class=\"wp-block-heading\"><strong>LOS Y LAS MAYORES<\/strong><\/h2>\n\n\n\n<p class=\"wp-block-paragraph\">Al analizar la estructura de la poblaci\u00f3n por edad, tambi\u00e9n se encontr\u00f3 que nuestro pa\u00eds es una naci\u00f3n con poblaci\u00f3n cada vez m\u00e1s vieja pues en la pir\u00e1mide poblacional la base que es la que considera a la poblaci\u00f3n m\u00e1s joven est\u00e1 haciendo cada vez m\u00e1s estrecha y la parte m\u00e1s alta se est\u00e1 ensanchando.<\/p>\n\n\n\n<p class=\"wp-block-paragraph\">\u201cEso nos habla que en M\u00e9xico est\u00e1 ocurriendo un fen\u00f3meno ya anticipado desde hace varias d\u00e9cadas de envejecimiento gradual que est\u00e1 ocurriendo en nuestro pa\u00eds y esto se corrobora con el dato donde tenemos la edad mediana que es pr\u00e1cticamente el promedio c\u00f3mo ha aumentado de 22 a\u00f1os en el a\u00f1o 2000 a 29 a\u00f1os en el a\u00f1o 2020, entonces ya no somos una poblaci\u00f3n muy joven con 22 a\u00f1os de edad sino estamos en t\u00e9rminos promedio alrededor de 29 a\u00f1os lo cual ya nos coloca en una edad adulta relativamente joven pero ya no en el primer hervor digamos coloquialmente\u201d, expuso el presidente del INEGI.<\/p>\n\n\n\n<p class=\"wp-block-paragraph\">En lo que se refiere a personas con discapacidad se encontr\u00f3 a 20.8 millones de personas que tienen alguna limitaci\u00f3n o dificultad para llevar a cabo actividades cotidianas (caminar, subir o bajar escaleras , en ver aun usando lentes y o\u00edr aun usando aparatos auditivos) pero cuando se concentra el censo en personas con alg\u00fan grado severo se encontr\u00f3 que hay 6.2 millones de personas con discapacidad casi el 5 por ciento de la poblaci\u00f3n total y 1.6 millones de personas con alg\u00fan problema o condici\u00f3n mental.<\/p>\n\n\n\n<p class=\"wp-block-paragraph\">Al referirse al grado de escolaridad en la poblaci\u00f3n censada Santaella Castell dijo que la escolaridad promedio en M\u00e9xico detectada por el Censo de Poblaci\u00f3n y Vivienda es de 9.7 a\u00f1os de escolaridad esto es poco m\u00e1s de la secundaria, es un avance de dos a\u00f1os con respecto al censo del 2010.<\/p>\n\n\n\n<p class=\"wp-block-paragraph\">\u201cComo en muchos otros fen\u00f3menos hay una heterogeneidad enorme, no es lo mismo la Ciudad de M\u00e9xico y Nuevo Le\u00f3n que Chiapas o Oaxaca pues precisamente en la Ciudad de M\u00e9xico y Nuevo Le\u00f3n son las entidades que tienen los grados de escolaridad m\u00e1s elevados mientras que Chiapas no llega a los ocho a\u00f1os de escolaridad promedio\u201d, se\u00f1al\u00f3 el presidente del INEGI.<\/p>\n\n\n\n<p class=\"wp-block-paragraph\">Por \u00faltimo dijo que el Censo de Poblaci\u00f3n y Vivienda tiene un grado de tiene un grado de granularidad que no tiene otros programas que dan datos a nivel federal; se visitaron las viviendas al menos tres veces para asegurarse de que estuviera habitada; este levantamiento se llev\u00f3 a cabo justo cuando estaba lo m\u00e1s fuerte de la pandemia (el 24 d marzo cuando inicia la jornada de sana distancia ) y es en la \u00faltima semana del censo es cuando empieza la preocupaci\u00f3n y cuando concluye marzo el 31 de marzo del 2020, se declara la emergencia, abril y mayo fue importante para el censo pero se pudo terminar con algunos contratiempos.<\/p>\n\n\n\n<p class=\"wp-block-paragraph\">Las novedades de este censo es que se indaga por primera vez sobre tecnolog\u00eda de informaci\u00f3n y comunicaci\u00f3n; afrodescendencia, problem\u00e1tica de la discapacidad y es el primero que se levanta con un dispositivo electr\u00f3nico lo cual result\u00f3 m\u00e1s econ\u00f3mico lo cual permiti\u00f3 adem\u00e1s una mayor seguridad en la informaci\u00f3n, tambi\u00e9n estos dispositivos contaban con la funcionalidad de la geolocalizaci\u00f3n a trav\u00e9s del GPS lo cual permiti\u00f3 tener en tiempo real conocimiento del avance espacial que estaba ocurriendo y redirigir los esfuerzos hacia aquellas zonas que en su momento pudieran tener un tipo de rezago adem\u00e1s de tener el inventario nacional de viviendas perfectamente descrito.<\/p>\n","protected":false},"excerpt":{"rendered":"<p>Promedio de edad en la poblaci\u00f3n 29 a\u00f1os, envejecimiento gradual<\/p>\n","protected":false},"author":3,"featured_media":37638,"comment_status":"open","ping_status":"open","sticky":false,"template":"","format":"standard","meta":{"_monsterinsights_skip_tracking":false,"footnotes":""},"categories":[692,51],"tags":[],"class_list":["post-37637","post","type-post","status-publish","format-standard","has-post-thumbnail","category-692","category-ejecutivo"],"_links":{"self":[{"href":"https:\/\/redsemlac.com\/semmexico\/wp-json\/wp\/v2\/posts\/37637","targetHints":{"allow":["GET"]}}],"collection":[{"href":"https:\/\/redsemlac.com\/semmexico\/wp-json\/wp\/v2\/posts"}],"about":[{"href":"https:\/\/redsemlac.com\/semmexico\/wp-json\/wp\/v2\/types\/post"}],"author":[{"embeddable":true,"href":"https:\/\/redsemlac.com\/semmexico\/wp-json\/wp\/v2\/users\/3"}],"replies":[{"embeddable":true,"href":"https:\/\/redsemlac.com\/semmexico\/wp-json\/wp\/v2\/comments?post=37637"}],"version-history":[{"count":0,"href":"https:\/\/redsemlac.com\/semmexico\/wp-json\/wp\/v2\/posts\/37637\/revisions"}],"wp:featuredmedia":[{"embeddable":true,"href":"https:\/\/redsemlac.com\/semmexico\/wp-json\/wp\/v2\/media\/37638"}],"wp:attachment":[{"href":"https:\/\/redsemlac.com\/semmexico\/wp-json\/wp\/v2\/media?parent=37637"}],"wp:term":[{"taxonomy":"category","embeddable":true,"href":"https:\/\/redsemlac.com\/semmexico\/wp-json\/wp\/v2\/categories?post=37637"},{"taxonomy":"post_tag","embeddable":true,"href":"https:\/\/redsemlac.com\/semmexico\/wp-json\/wp\/v2\/tags?post=37637"}],"curies":[{"name":"wp","href":"https:\/\/api.w.org\/{rel}","templated":true}]}}