{"id":37633,"date":"2021-06-30T14:13:59","date_gmt":"2021-06-30T20:13:59","guid":{"rendered":"https:\/\/redsemlac.com\/semmexico\/?p=37633"},"modified":"2023-07-21T17:03:39","modified_gmt":"2023-07-21T22:03:39","slug":"encierro-por-pandemia-causo-depresion-y-trastornos-alimenticios","status":"publish","type":"post","link":"https:\/\/redsemlac.com\/semmexico\/encierro-por-pandemia-causo-depresion-y-trastornos-alimenticios\/","title":{"rendered":"Encierro por pandemia caus\u00f3 depresi\u00f3n y trastornos alimenticios"},"content":{"rendered":"\n<ul class=\"wp-block-list\"><li><strong>El distanciamiento social, el aumento de estr\u00e9s y los s\u00edntomas depresivos se convirtieron en un c\u00f3ctel que propici\u00f3 des\u00f3rdenes alimenticios<\/strong><\/li><li><strong>En M\u00e9xico la poblaci\u00f3n ha ganado 8 kilos y medio en promedio: cuidado con la obesidad&nbsp;<\/strong><\/li><\/ul>\n\n\n\n<p class=\"wp-block-paragraph\"><strong>Redacci\u00f3n<\/strong><\/p>\n\n\n\n<p class=\"wp-block-paragraph\">SemM\u00e9xico, Cd. de M\u00e9xico,&nbsp; 30 de junio 2021.- Aun cuando todos los estragos derivados de la pandemia por COVID-19 son dif\u00edciles de calcular todav\u00eda, investigaciones consultadas por el Laboratorio de Datos contra la Obesidad (LabDO) revelan que factores como el distanciamiento social, el miedo a contagiarse, los cuadros de ansiedad y depresi\u00f3n, as\u00ed como la sobrealimentaci\u00f3n y la poca actividad f\u00edsica, trajeron consigo y, en algunos casos, intensificaron los trastornos alimenticios.<\/p>\n\n\n\n<p class=\"wp-block-paragraph\">En Reino Unido, por ejemplo, el Centro de Salud Mental cre\u00f3 un modelo predictivo que advierte que el 20 por ciento&nbsp; de su poblaci\u00f3n, casi 10 millones, necesitar\u00e1, en los pr\u00f3ximos 3 a 5 a\u00f1os, apoyo para mantener su bienestar mental derivado de la crisis sanitaria, en donde 1.5 millones de ellos ser\u00e1n menores de 18 a\u00f1os, al tiempo que personas con problemas de salud mental preexistentes, pacientes que atravesaron terapia intensiva, as\u00ed como aquellos que perdieron su empleo y los que mantienen un duelo por la p\u00e9rdida de un ser querido, ser\u00e1n los grupos poblacionales m\u00e1s vulnerables. (1)<\/p>\n\n\n\n<p class=\"wp-block-paragraph\">Por su parte, en ese mismo pa\u00eds, Priory Group, uno de los principales proveedores de servicios m\u00e9dicos, se\u00f1al\u00f3 en febrero pasado que durante la crisis sanitaria \u2014que se intensific\u00f3 en el 2020\u2013 hubo un aumento del 61 por ciento en el n\u00famero de consultas por tratamiento de la anorexia nerviosa y un incremento del 26 por ciento en el n\u00famero de consultas sobre el tratamiento del trastorno por atrac\u00f3n. (2)<\/p>\n\n\n\n<p class=\"wp-block-paragraph\">Aunado a ello, un estudio publicado en el International Journal of Eating Disorders, sostiene que en Europa el 30 por ciento&nbsp; de los pacientes con bulimia y m\u00e1s del 60 por ciento de los pacientes con anorexia reportaron un empeoramiento de los s\u00edntomas durante la pandemia, en donde casi el 50 por ciento de estas personas no estaban recibiendo tratamiento alguno, al tiempo que identifica los factores que contribuyeron al aumento de pacientes con trastornos alimentarios, entre ellos: estr\u00e9s, soledad, perspectivas emocionales negativas, mayor uso de las redes sociales, insatisfacci\u00f3n corporal y preocupaciones sobre la accesibilidad a los alimentos. (3)<\/p>\n\n\n\n<p class=\"wp-block-paragraph\">En M\u00e9xico, la problem\u00e1tica no es menor. El informe \u201cAcciones e intervenciones para la p\u00e9rdida de peso\u201d, publicado en enero de este a\u00f1o por la firma especializada en investigaci\u00f3n de mercados Ipsos, advirti\u00f3 que las y los mexicanos han ganado, en promedio, 8.5 kilos de peso durante la pandemia, lo cual nos coloca, en una lista de 30 pa\u00edses, como el n\u00famero uno en dicho rubro y por encima de Arabia Saudita con ocho kilos; Argentina con 7.9 kilos y Per\u00fa con 7.7 kilos. El promedio mundial es de 6.1 kilogramos extra. (4)<\/p>\n\n\n\n<p class=\"wp-block-paragraph\">Cabe destacar que esfuerzos orientados a visibilizar la relaci\u00f3n de la salud mental y los trastornos alimenticios en medio de la pandemia por COVID-19 refieren que en este periodo las personas exacerbaron las conductas de restricci\u00f3n, atracones, purgas, as\u00ed como el sedentarismo o el exceso de ejercicio. (5)<\/p>\n\n\n\n<p class=\"wp-block-paragraph\">Respecto al impacto en la salud mental en las personas que han logrado sobreponerse al COVID-19, una investigaci\u00f3n publicada en la revista cient\u00edfica The Lancet monitore\u00f3 a 236 mil 379&nbsp; sobrevivientes y revel\u00f3 que el 24% de ellos hab\u00eda experimentado un trastorno psic\u00f3tico, de ansiedad o del estado de \u00e1nimo, con base en s\u00edntomas psicol\u00f3gicos que incluyen: estr\u00e9s por soportar una enfermedad potencialmente fatal, incertidumbre sobre el futuro, estigma social por portar dicha enfermedad y aislamiento social. (6)<\/p>\n\n\n\n<p class=\"wp-block-paragraph\">Otra de las preocupaciones de los especialistas es el hecho de que ante la priorizaci\u00f3n de la atenci\u00f3n m\u00e9dica a quienes contraen el virus de COVID-19, se fren\u00f3 el diagn\u00f3stico&nbsp; y cuidado a aquellas personas con indicios de des\u00f3rdenes alimenticios. Sin embargo, ante dicho panorama, tambi\u00e9n destacan la atenci\u00f3n mediante las nuevas tecnolog\u00edas, en donde la telemedicina ha jugado un papel clave en la intervenci\u00f3n para prevenir y atender este tipo de trastornos. (7)<\/p>\n\n\n\n<p class=\"wp-block-paragraph\">FUENTES:<\/p>\n\n\n\n<p class=\"wp-block-paragraph\">1.- Covid-19 and the nation&#8217;s mental health: May 2021. Centre for Mental Health, UK.<\/p>\n\n\n\n<p class=\"wp-block-paragraph\"><a href=\"https:\/\/www.centreformentalhealth.org.uk\/publications\/covid-19-and-nations-mental-health-october-2020\">https:\/\/www.centreformentalhealth.org.uk\/publications\/covid-19-and-nations-mental-health-october-2020<\/a><\/p>\n\n\n\n<p class=\"wp-block-paragraph\">2.- Doctors warn of \u2018tsunami\u2019 of pandemic eating disorders. The Guardian. Sarah Marsh. thursday 11, 2021.<\/p>\n\n\n\n<p class=\"wp-block-paragraph\"><a href=\"https:\/\/www.theguardian.com\/society\/2021\/feb\/11\/doctors-warn-of-tsunami-of-pandemic-eating-disorders\">https:\/\/www.theguardian.com\/society\/2021\/feb\/11\/doctors-warn-of-tsunami-of-pandemic-eating-disorders<\/a><\/p>\n\n\n\n<p class=\"wp-block-paragraph\">3.- Special Issue: Eating Disorders and Their Intersection With Gastrointestinal Symptoms Pages: 909-1067. June 202. Issue Edited by: Guido K.W. Frank, Neville H. Golden, Helen Murray. International Journal of Eating Disorders.<\/p>\n\n\n\n<p class=\"wp-block-paragraph\"><a href=\"https:\/\/onlinelibrary.wiley.com\/toc\/1098108x\/2021\/54\/6\">https:\/\/onlinelibrary.wiley.com\/toc\/1098108x\/2021\/54\/6<\/a><\/p>\n\n\n\n<p class=\"wp-block-paragraph\">4.- Actions &amp; interventions for weight loss. Ipsos. January 2021.<\/p>\n\n\n\n<p class=\"wp-block-paragraph\"><a href=\"https:\/\/www.ipsos.com\/sites\/default\/files\/ct\/news\/documents\/2021-01\/actions-and-interventions-for-weight-loss.pdf\">https:\/\/www.ipsos.com\/sites\/default\/files\/ct\/news\/documents\/2021-01\/actions-and-interventions-for-weight-loss.pdf<\/a><\/p>\n\n\n\n<p class=\"wp-block-paragraph\">5.- Eating and exercise behaviors in eating disorders and the general population during the COVID-19 pandemic in Australia: Initial results from the COLLATE project. International Journal of Eating Disorders.<\/p>\n\n\n\n<p class=\"wp-block-paragraph\"><a href=\"https:\/\/onlinelibrary.wiley.com\/doi\/full\/10.1002\/eat.23317\">https:\/\/onlinelibrary.wiley.com\/doi\/full\/10.1002\/eat.23317<\/a><\/p>\n\n\n\n<p class=\"wp-block-paragraph\">6.- 6-month neurological and psychiatric outcomes in 236, 379 survivors of COVID-19: a retrospective cohort study using electronic health records Maxime Taquet, PhD John R Geddes, MD Masud Husain, Sierra Luciano, Paul J Harrison. April 06, 2021.<\/p>\n\n\n\n<p class=\"wp-block-paragraph\"><a href=\"https:\/\/www.thelancet.com\/journals\/lanpsy\/article\/PIIS2215-0366(21)00084-5\/fulltext\">https:\/\/www.thelancet.com\/journals\/lanpsy\/article\/PIIS2215-0366(21)00084-5\/fulltext<\/a><\/p>\n\n\n\n<p class=\"wp-block-paragraph\">7.- COVID-19 and implications for eating disorders. European Eating Disorders Review. 28 April 2020. https:\/\/onlinelibrary.wiley.com\/doi\/epdf\/10.1002\/erv.2738<\/p>\n\n\n\n<p class=\"wp-block-paragraph\">Acerca del Laboratorio de Datos contra la Obesidad.<\/p>\n\n\n\n<p class=\"wp-block-paragraph\">Iniciativa ciudadana enfocada a promover, con base en datos e informaci\u00f3n, pol\u00edticas p\u00fablicas que resuelvan uno de los problemas que m\u00e1s afectan a las y los mexicanos.<\/p>\n\n\n\n<p class=\"wp-block-paragraph\">Redes sociales:<\/p>\n\n\n\n<p class=\"wp-block-paragraph\">Instagram: @datosvsobesidad<\/p>\n\n\n\n<p class=\"wp-block-paragraph\">Twitter: @DatosVsObesidad<\/p>\n","protected":false},"excerpt":{"rendered":"<p>El distanciamiento social, el aumento de estr\u00e9s y los s\u00edntomas depresivos se convirtieron en un c\u00f3ctel que propici\u00f3 des\u00f3rdenes alimenticios<\/p>\n","protected":false},"author":3,"featured_media":37634,"comment_status":"open","ping_status":"open","sticky":false,"template":"","format":"standard","meta":{"_monsterinsights_skip_tracking":false,"footnotes":""},"categories":[692,51],"tags":[],"class_list":["post-37633","post","type-post","status-publish","format-standard","has-post-thumbnail","category-692","category-ejecutivo"],"_links":{"self":[{"href":"https:\/\/redsemlac.com\/semmexico\/wp-json\/wp\/v2\/posts\/37633","targetHints":{"allow":["GET"]}}],"collection":[{"href":"https:\/\/redsemlac.com\/semmexico\/wp-json\/wp\/v2\/posts"}],"about":[{"href":"https:\/\/redsemlac.com\/semmexico\/wp-json\/wp\/v2\/types\/post"}],"author":[{"embeddable":true,"href":"https:\/\/redsemlac.com\/semmexico\/wp-json\/wp\/v2\/users\/3"}],"replies":[{"embeddable":true,"href":"https:\/\/redsemlac.com\/semmexico\/wp-json\/wp\/v2\/comments?post=37633"}],"version-history":[{"count":0,"href":"https:\/\/redsemlac.com\/semmexico\/wp-json\/wp\/v2\/posts\/37633\/revisions"}],"wp:featuredmedia":[{"embeddable":true,"href":"https:\/\/redsemlac.com\/semmexico\/wp-json\/wp\/v2\/media\/37634"}],"wp:attachment":[{"href":"https:\/\/redsemlac.com\/semmexico\/wp-json\/wp\/v2\/media?parent=37633"}],"wp:term":[{"taxonomy":"category","embeddable":true,"href":"https:\/\/redsemlac.com\/semmexico\/wp-json\/wp\/v2\/categories?post=37633"},{"taxonomy":"post_tag","embeddable":true,"href":"https:\/\/redsemlac.com\/semmexico\/wp-json\/wp\/v2\/tags?post=37633"}],"curies":[{"name":"wp","href":"https:\/\/api.w.org\/{rel}","templated":true}]}}