{"id":37626,"date":"2021-06-30T15:00:00","date_gmt":"2021-06-30T21:00:00","guid":{"rendered":"https:\/\/redsemlac.com\/semmexico\/?p=37626"},"modified":"2023-07-21T17:03:39","modified_gmt":"2023-07-21T22:03:39","slug":"paridad-en-los-organos-de-la-camara-de-diputadas-y-diputados-piden-legisladoras-de-4-partidos","status":"publish","type":"post","link":"https:\/\/redsemlac.com\/semmexico\/paridad-en-los-organos-de-la-camara-de-diputadas-y-diputados-piden-legisladoras-de-4-partidos\/","title":{"rendered":"Paridad en los \u00f3rganos de la C\u00e1mara de Diputadas y Diputados piden legisladoras de 4 partidos"},"content":{"rendered":"\n<ul class=\"wp-block-list\"><li><strong>Proponen que la Junta de Coordinaci\u00f3n Pol\u00edtica est\u00e9 &nbsp;integrada por la mitad de hombres y la mitad de mujeres<\/strong><\/li><li><strong>Ello se corresponde perfectamente con el 49 por ciento de la de integraci\u00f3n paritaria lograda el 6 de junio<\/strong><\/li><\/ul>\n\n\n\n<p class=\"wp-block-paragraph\"><strong>Libertad L\u00f3pez<\/strong><\/p>\n\n\n\n<p class=\"wp-block-paragraph\">SemM\u00e9xico, Cd. de M\u00e9xico, 30 de junio, 2021.- Diputadas de 4 partidos pol\u00edticos impulsan un cambio para que en los \u00f3rganos de gobierno de la C\u00e1mara de Diputados se aplique la paridad total, tal como lo establece la Constituci\u00f3n y la vista de que el gobierno de la C\u00e1mara tiene un 99 por ciento de hombres.<\/p>\n\n\n\n<p class=\"wp-block-paragraph\">Se trata de que a pr\u00f3xima legislatura \u2013 que entrar\u00e1 en funciones en septiembre-&nbsp; asegure&nbsp; espacios de decisi\u00f3n para las mujeres diputadas&nbsp; representan a todas las mujeres. Esta legislatura ser\u00e1 de 248 mujeres. Paridad Plus, la llama la presidenta de la mesa directiva.<\/p>\n\n\n\n<p class=\"wp-block-paragraph\">La propuesta la hacen y promueven las diputadas Ver\u00f3nica Ju\u00e1rez Pi\u00f1a, del Partido de la Revoluci\u00f3n Democr\u00e1tica, &nbsp;Laura Rojas Hern\u00e1ndez&nbsp; del Partido Acci\u00f3n Nacional, Martha Tagle Mart\u00ednez de Movimiento Ciudadano &nbsp;y Lorena Villavicencio Ayala, de Morena.<\/p>\n\n\n\n<p class=\"wp-block-paragraph\">En comunicado explican que es &nbsp;una reforma a la Ley Org\u00e1nica del Congreso General de los Estados Unidos Mexicanos y del Reglamento de la C\u00e1mara de Diputados, para lograr la paridad de g\u00e9nero en la Junta de Coordinaci\u00f3n Pol\u00edtica (JUCOPO).<\/p>\n\n\n\n<p class=\"wp-block-paragraph\">La promoventes explican que es necesaria &nbsp;la integraci\u00f3n paritaria de la Junta de Coordinaci\u00f3n Pol\u00edtica, \u00e9l \u00f3rgano de gobierno de la C\u00e1mara, lo que incidir\u00e1 directamente en la designaci\u00f3n de los coordinadores y vicecoordinadores realizan cada legislatura &nbsp;los distintos grupos parlamentarios.<\/p>\n\n\n\n<p class=\"wp-block-paragraph\">Tal como lo plante\u00f3 la presidenta de la Mesa Directiva, Dulce Mar\u00eda Sauri, esta propuesta busca &nbsp;generar cambios y modificaciones en los reglamentos internos de los Grupos Parlamentarios de todos los partidos pol\u00edticos, con el prop\u00f3sito de lograr que los nombramientos \u2013 incluso de comisiones-&nbsp; se realicen en forma paritaria.<\/p>\n\n\n\n<p class=\"wp-block-paragraph\">Puedes leer: <a href=\"https:\/\/redsemlac.com\/semmexico\/garantizar-la-paridad-en-la-camara-de-diputados-el-reto-inmediato-dulce-maria-sauri-riancho\/\">https:\/\/redsemlac.com\/semmexico\/garantizar-la-paridad-en-la-camara-de-diputados-el-reto-inmediato-dulce-maria-sauri-riancho\/<\/a><\/p>\n\n\n\n<p class=\"wp-block-paragraph\">Se trata de que en cada coordinaci\u00f3n se nombres &nbsp;alternadamente&nbsp; un hombre y una mujer, lo que permitir\u00e1 &nbsp;que las legisladoras tengan mayores espacios de decisi\u00f3n considerando a &nbsp;los institutos pol\u00edticos que representan.<\/p>\n\n\n\n<p class=\"wp-block-paragraph\">Este avance en la composici\u00f3n de los \u00f3rganos de la C\u00e1mara de Diputados, permitir\u00e1, adem\u00e1s, que la JUCOPO no solo sea el \u00f3rgano que representa la pluralidad de las diversas fuerzas pol\u00edticas que integran la C\u00e1mara de Diputados, sino refrendar\u00e1 el avance significativo y el compromiso de esta legislatura de la \u201cParidad de G\u00e9nero\u201d de efectivamente abrir &nbsp;espacios para las legisladoras que hoy en d\u00eda tienen un mayor n\u00famero en la representaci\u00f3n popular.<\/p>\n\n\n\n<p class=\"wp-block-paragraph\">Cabe se\u00f1alar que en la actual legislatura solo hay dos coordinadoras de los grupos parlamentarios que representan \u00fanicamente el 25 por ciento de sus integrantes. Y eso fue recientemente, durante meses eran 7 hombres y Ver\u00f3nica Ju\u00e1rez Pi\u00f1a, del Partido de la Revoluci\u00f3n Democr\u00e1tica, aunque la C\u00e1mara ha tenido dos presidentas de la mesa directiva Laura Rojas Hern\u00e1ndez&nbsp; del Partido Acci\u00f3n Nacional y Dulce Mar\u00eda Sauri Riancho, que ahora est\u00e1 en el tercer y \u00faltimo a\u00f1o de la legislatura, como presidenta.<\/p>\n\n\n\n<p class=\"wp-block-paragraph\">Las diputadas apuntan que \u201ces prudente recordar que \u00e9sta ha sido una de las legislaturas que ha incluido a mayor n\u00famero de mujeres en la Junta de Coordinaci\u00f3n Pol\u00edtica y que tiene el mayor n\u00famero de mujeres legisladoras en activo\u201d y se\u00f1alan que ahora refrendan su compromiso por la composici\u00f3n paritaria en cada uno de los Poderes del Estado y en sus instituciones.<\/p>\n","protected":false},"excerpt":{"rendered":"<p>Proponen que la Junta de Coordinaci\u00f3n Pol\u00edtica est\u00e9  integrada por la mitad de hombres y la mitad de mujeres<\/p>\n","protected":false},"author":3,"featured_media":16616,"comment_status":"open","ping_status":"open","sticky":false,"template":"","format":"standard","meta":{"_monsterinsights_skip_tracking":false,"footnotes":""},"categories":[692,50],"tags":[],"class_list":["post-37626","post","type-post","status-publish","format-standard","has-post-thumbnail","category-692","category-congreso"],"_links":{"self":[{"href":"https:\/\/redsemlac.com\/semmexico\/wp-json\/wp\/v2\/posts\/37626","targetHints":{"allow":["GET"]}}],"collection":[{"href":"https:\/\/redsemlac.com\/semmexico\/wp-json\/wp\/v2\/posts"}],"about":[{"href":"https:\/\/redsemlac.com\/semmexico\/wp-json\/wp\/v2\/types\/post"}],"author":[{"embeddable":true,"href":"https:\/\/redsemlac.com\/semmexico\/wp-json\/wp\/v2\/users\/3"}],"replies":[{"embeddable":true,"href":"https:\/\/redsemlac.com\/semmexico\/wp-json\/wp\/v2\/comments?post=37626"}],"version-history":[{"count":0,"href":"https:\/\/redsemlac.com\/semmexico\/wp-json\/wp\/v2\/posts\/37626\/revisions"}],"wp:featuredmedia":[{"embeddable":true,"href":"https:\/\/redsemlac.com\/semmexico\/wp-json\/wp\/v2\/media\/16616"}],"wp:attachment":[{"href":"https:\/\/redsemlac.com\/semmexico\/wp-json\/wp\/v2\/media?parent=37626"}],"wp:term":[{"taxonomy":"category","embeddable":true,"href":"https:\/\/redsemlac.com\/semmexico\/wp-json\/wp\/v2\/categories?post=37626"},{"taxonomy":"post_tag","embeddable":true,"href":"https:\/\/redsemlac.com\/semmexico\/wp-json\/wp\/v2\/tags?post=37626"}],"curies":[{"name":"wp","href":"https:\/\/api.w.org\/{rel}","templated":true}]}}