{"id":37621,"date":"2021-06-30T13:05:40","date_gmt":"2021-06-30T19:05:40","guid":{"rendered":"https:\/\/redsemlac.com\/semmexico\/?p=37621"},"modified":"2023-07-21T17:03:40","modified_gmt":"2023-07-21T22:03:40","slug":"modifica-pandemia-enganche-en-trata-de-personas-revela-informe-del-consejo-ciudadano","status":"publish","type":"post","link":"https:\/\/redsemlac.com\/semmexico\/modifica-pandemia-enganche-en-trata-de-personas-revela-informe-del-consejo-ciudadano\/","title":{"rendered":"Modifica pandemia enganche en trata de personas, revela informe del Consejo Ciudadano"},"content":{"rendered":"\n<ul class=\"wp-block-list\"><li><strong>Presenta organismo an\u00e1lisis 2019-2020 de la L\u00ednea Nacional contra la Trata de Personas<\/strong><\/li><li><strong>Utilizan delincuentes oferta enga\u00f1osa de trabajo y las redes sociales para enganchar v\u00edctimas<\/strong><\/li><\/ul>\n\n\n\n<p class=\"wp-block-paragraph\"><strong>Redacci\u00f3n<\/strong><\/p>\n\n\n\n<p class=\"wp-block-paragraph\">SemM\u00e9xico\/Ceprovysa, Cd. de M\u00e9xico 30 de junio, 2021.- La pandemia por COVID-19 modific\u00f3 la forma de operar de los grupos delictivos dedicados a la Trata de Personas, que diversificaron los m\u00e9todos para enganchar v\u00edctimas y emplearon la oferta enga\u00f1osa de trabajo como el principal instrumento, revela el primer informe bianual del Consejo Ciudadano para la Seguridad y Justicia de la Ciudad de M\u00e9xico.<\/p>\n\n\n\n<p class=\"wp-block-paragraph\">En \u201cTrata de Personas, M\u00e9xico 2019-2020\u2033 se indica que durante la contingencia sanitaria los delincuentes utilizaron las redes sociales en un 22 por ciento de los casos como medio para enganchar a personas vulnerables, mientras que antes de la contingencia sanitaria representaba menos del 10 por ciento.<\/p>\n\n\n\n<p class=\"wp-block-paragraph\">El informe, presentado este martes 29 en conferencia virtual con la participaci\u00f3n del titular de la Unidad de Inteligencia Financiera (UIF), Santiago Nieto, y el de la UNODC, Kristian H\u00f6lge, es resultado del an\u00e1lisis de los 4 mil 445 reportes recibidos durante 2019 y 2020 en la L\u00ednea Nacional contra la Trata de Personas (LNCTP) 800 5533 000, operada 24\/7 por el Consejo Ciudadano.<\/p>\n\n\n\n<p class=\"wp-block-paragraph\">Entre los hallazgos destaca que el enamoramiento cay\u00f3 al segundo sitio como la forma empleada para enganchar a las v\u00edctimas. En el 47 por ciento de los casos fue utilizada la oferta de empleo enga\u00f1osa, mientras que la promesa sentimental represent\u00f3 el 29 por ciento.<\/p>\n\n\n\n<p class=\"wp-block-paragraph\">\u201cAl modificarse las herramientas empleadas por los tratantes, se abre tambi\u00e9n una oportunidad para actualizar la articulaci\u00f3n entre organismos civiles, empresariales y autoridades para combatir la Trata, as\u00ed como para generar estrategias que limiten la operaci\u00f3n y el uso de recursos de procedencia il\u00edcita\u201d, mencion\u00f3 Salvador Guerrero Chipr\u00e9s, presidente del Consejo Ciudadano.<\/p>\n\n\n\n<p class=\"wp-block-paragraph\">El informe determin\u00f3 que las v\u00edctimas m\u00e1s vulnerables a este delito, considerado por la ONU como el tercero m\u00e1s redituable despu\u00e9s del tr\u00e1fico de armas y de droga, son mujeres, personas j\u00f3venes y menores de edad, que adem\u00e1s tienen alguna necesidad econ\u00f3mica.<\/p>\n\n\n\n<p class=\"wp-block-paragraph\">Durante la presentaci\u00f3n del documento, Nieto Castillo, titular de la UIF \u2500instancia con la que colabora el Consejo Ciudadano\u2500, mencion\u00f3 que de 2004 a la fecha tienen reportes de 2 mil 131 operaciones irregulares relacionadas con la Trata, y de 2010 al 2021 registraron 63 casos de ni\u00f1as, ni\u00f1os y adolescentes victimizados.<\/p>\n\n\n\n<p class=\"wp-block-paragraph\">\u201cEn M\u00e9xico se identific\u00f3 que en 29 de los 32 estados de la Rep\u00fablica se incrementaba el n\u00famero de empe\u00f1os, lo que implicaba que las personas estaban perdiendo ya sus pertenencias para contar con recursos para enfrentar la pandemia, y al mismo tiempo aumentaba el n\u00famero de denuncias relacionadas con la Trata\u201d, a\u00f1adi\u00f3.<\/p>\n\n\n\n<p class=\"wp-block-paragraph\">Aunque la mayor\u00eda de los reportes de la LNCTP proceden de M\u00e9xico, tambi\u00e9n se registraron casos de pa\u00edses de Latinoam\u00e9rica e incluso de Dub\u00e1i o la isla de Malta. Adem\u00e1s, en el documento se da cuenta de casos de explotaci\u00f3n detectados en una barber\u00eda, un \u201cau pair\u201d (alojamiento de una persona extranjera a cambio de trabajo) y en el comercio ambulante.<\/p>\n\n\n\n<p class=\"wp-block-paragraph\">Kristian H\u00f6lge, representante de la Oficina de las Naciones Unidas contra la Droga y el Delito (UNODC), destac\u00f3 la importancia de generar datos para el dise\u00f1o de pol\u00edticas p\u00fablicas, planes, programas y avances jur\u00eddicos.<\/p>\n\n\n\n<p class=\"wp-block-paragraph\">\u201cUna llamada a la L\u00ednea Nacional contra la Trata de Personas del Consejo Ciudadano literalmente puede salvar una vida (\u2026) Recordemos que detr\u00e1s de cada cifra hay una cara y una voz que merece ser escuchada para garantizar la protecci\u00f3n los derechos humanos de todas y todos\u201d, apunt\u00f3.<\/p>\n\n\n\n<p class=\"wp-block-paragraph\">La articulaci\u00f3n del Consejo con autoridades, como las fiscal\u00edas antitrata, permiti\u00f3 contribuir con la apertura del 11.3 por ciento de las carpetas de investigaci\u00f3n a nivel nacional en 2019 y con el 8 por ciento en 2020.<\/p>\n\n\n\n<p class=\"wp-block-paragraph\">Guerrero Chipr\u00e9s record\u00f3 que, ante la demanda de atenci\u00f3n, en marzo de este a\u00f1o el organismo abri\u00f3 el Chat Nacional contra la Trata, que junto con la LNCTP operan con el n\u00famero 800 5533 000 y son un servicio gratuito de apoyo jur\u00eddico y psicol\u00f3gico, en esquema 24\/7 e incluso confidencial si as\u00ed lo desean la v\u00edctima o el testigo.<\/p>\n\n\n\n<p class=\"wp-block-paragraph\">El primer informe bianual \u201cTrata de Personas, M\u00e9xico 2019-2020\u2033 del Consejo Ciudadano para la Seguridad y Justicia de la Ciudad de M\u00e9xico se encuentra disponible completo en:<\/p>\n\n\n\n<p class=\"wp-block-paragraph\"><a href=\"https:\/\/www.consejociudadanomx.org\/media\/attachments\/2021\/06\/29\/portada-introduccion-prologo-informe-trata.pdf\">https:\/\/www.consejociudadanomx.org\/media\/attachments\/2021\/06\/29\/portada-introduccion-prologo-informe-trata.pdf<\/a><\/p>\n","protected":false},"excerpt":{"rendered":"<p>Presenta organismo an\u00e1lisis 2019-2020 de la L\u00ednea Nacional contra la Trata de Personas<\/p>\n","protected":false},"author":3,"featured_media":37622,"comment_status":"open","ping_status":"open","sticky":false,"template":"","format":"standard","meta":{"_monsterinsights_skip_tracking":false,"footnotes":""},"categories":[692,51],"tags":[],"class_list":["post-37621","post","type-post","status-publish","format-standard","has-post-thumbnail","category-692","category-ejecutivo"],"_links":{"self":[{"href":"https:\/\/redsemlac.com\/semmexico\/wp-json\/wp\/v2\/posts\/37621","targetHints":{"allow":["GET"]}}],"collection":[{"href":"https:\/\/redsemlac.com\/semmexico\/wp-json\/wp\/v2\/posts"}],"about":[{"href":"https:\/\/redsemlac.com\/semmexico\/wp-json\/wp\/v2\/types\/post"}],"author":[{"embeddable":true,"href":"https:\/\/redsemlac.com\/semmexico\/wp-json\/wp\/v2\/users\/3"}],"replies":[{"embeddable":true,"href":"https:\/\/redsemlac.com\/semmexico\/wp-json\/wp\/v2\/comments?post=37621"}],"version-history":[{"count":0,"href":"https:\/\/redsemlac.com\/semmexico\/wp-json\/wp\/v2\/posts\/37621\/revisions"}],"wp:featuredmedia":[{"embeddable":true,"href":"https:\/\/redsemlac.com\/semmexico\/wp-json\/wp\/v2\/media\/37622"}],"wp:attachment":[{"href":"https:\/\/redsemlac.com\/semmexico\/wp-json\/wp\/v2\/media?parent=37621"}],"wp:term":[{"taxonomy":"category","embeddable":true,"href":"https:\/\/redsemlac.com\/semmexico\/wp-json\/wp\/v2\/categories?post=37621"},{"taxonomy":"post_tag","embeddable":true,"href":"https:\/\/redsemlac.com\/semmexico\/wp-json\/wp\/v2\/tags?post=37621"}],"curies":[{"name":"wp","href":"https:\/\/api.w.org\/{rel}","templated":true}]}}